{"id":366083,"date":"2025-09-04T16:26:10","date_gmt":"2025-09-04T16:26:10","guid":{"rendered":"https:\/\/www.europesays.com\/fr\/366083\/"},"modified":"2025-09-04T16:26:10","modified_gmt":"2025-09-04T16:26:10","slug":"rentree-scolaire-a-marseille-en-situation-de-handicap-kamillia-est-privee-decole-faute-daccompagnement","status":"publish","type":"post","link":"https:\/\/www.europesays.com\/fr\/366083\/","title":{"rendered":"Rentr\u00e9e scolaire \u00e0 Marseille\u00a0: en situation de handicap, Kamillia est priv\u00e9e d&rsquo;\u00e9cole faute d&rsquo;accompagnement"},"content":{"rendered":"<p>\u00c2g\u00e9e de 11 ans, la jeune \u00e9l\u00e8ve des quartiers nord de Marseille est priv\u00e9e de rentr\u00e9e au coll\u00e8ge. Kamillia souffre depuis sa naissance de troubles du comportement. Elle a donc besoin d&rsquo;\u00eatre accompagn\u00e9e. Mais malgr\u00e9 \u00ab\u00a0un dossier complet\u00a0\u00bb, sa maman n&rsquo;a aucune solution propos\u00e9e et se dit \u00ab\u00a0abandonn\u00e9e\u00a0\u00bb.<\/p>\n<p>Vingt ans apr\u00e8s\u00a0<a target=\"_blank\" rel=\"external nofollow noopener\" class=\"IciLink ici-link IciArticleLink g-ici-body-regular-1 underline brand svelte-lu7k6w\" href=\"https:\/\/www.franceinfo.fr\/france\/rentree\/les-eleves-handicapes-ne-recoivent-pas-la-scolarisation-qu-ils-meritent-ou-en-est-l-ecole-inclusive-vingt-ans-apres-la-loi-de-2005_7454014.html#:~:text=La%20loi%20de%202005%20avait,d&#039;%C3%A9quit%C3%A9%20entre%20les%20%C3%A9l%C3%A8ves.\">la promesse d&rsquo;une \u00e9cole inclusive<\/a>\u00a0sacralis\u00e9e par une loi vot\u00e9e en 2005, la dure r\u00e9alit\u00e9 en cette semaine de rentr\u00e9e scolaire, pour des milliers d&rsquo;enfants en situation de handicap et leurs familles.<\/p>\n<p>C&rsquo;est le cas de <strong>Kamillia, 11 ans<\/strong>, en situation de handicap** dans les quartiers nord de Marseille. \u00ab\u00a0Elle souffre de troubles du comportement, explique sa maman Aldjia sur ICI Provence. Elle fait des crises comme les autistes.\u00a0\u00bb<\/p>\n<p>\u00ab\u00a0Un enfant a besoin d&rsquo;aller \u00e0 l&rsquo;\u00e9cole\u00a0\u00bb<\/p>\n<p><strong>Faute de\u00a0dispositif pour l&rsquo;accompagner,<\/strong> la jeune fille ne peut donc pas aller au coll\u00e8ge dans le 15e arrondissement. Une situation qu&rsquo;elle vit tr\u00e8s mal, raconte la maman de la petite brune aux cheveux tress\u00e9s et les yeux noirs\u00a0: \u00ab\u00a0Kamillia comprend la situation, elle est intelligente. Et \u00e7a l&rsquo;\u00e9nerve. D\u00e8s que je parle de \u00e7a, elle se frappe, elle me frappe et elle se cache dans sa chambre.\u00a0\u00bb<\/p>\n<p>Kamillia b\u00e9n\u00e9ficiait jusque-l\u00e0 d&rsquo;un soutien scolaire en classe Ulis \u00e0 l&rsquo;\u00e9cole de La Viste. Mais le dispositif n&rsquo;est pas renouvel\u00e9 pour le coll\u00e8ge.\u00a0\u00ab\u00a0Chaque fois que j&rsquo;appelle, on me dit\u00a0, il n&rsquo;y a pas de places\u00a0\u00bb,\u00a0t\u00e9moigne <strong>la maman qui peine \u00e0 contenir ses larmes.<\/strong> Ce n&rsquo;est pas normal. Surtout que mon dossier est complet. Il ne manque pas de papiers.\u00a0\u00bb<\/p>\n<p>En l&rsquo;absence de coll\u00e8ge, <strong>Kamillia restera donc \u00e0 la maison<\/strong> avec sa m\u00e8re d\u00e9j\u00e0 bien occup\u00e9e par les autres enfants de la famille. \u00ab\u00a0Cette maman me fend le c\u0153ur, s&rsquo;\u00e9meut\u00a0Anissa Cheurfa. Vous vous rendez compte, elle va la garder 24 heures sur 24 !\u00a0\u00bb<\/p>\n<p>Plus de 520.000 \u00e9l\u00e8ves handicap\u00e9s, un record<\/p>\n<p>La pr\u00e9sidente du CIQ La Viste tente de mobiliser pour trouver une solution \u00e0 Kamillia, <strong>priv\u00e9e du droit \u00e9l\u00e9mentaire \u00e0 la scolarit\u00e9<\/strong> comme bien d&rsquo;autres enfants handicap\u00e9s, victimes de promesses non tenues et d&rsquo;un manque criant de moyens humains et financiers.<\/p>\n<p>\u00ab\u00a0<strong>O\u00f9 est l&rsquo;\u00e9cole pour tout le monde\u00a0?<\/strong>\u00ab\u00a0,\u00a0 interroge Jean-Marc Tomi, \u00e9galement du comit\u00e9 de quartier. Il contient sa col\u00e8re. \u00ab\u00a0On voit bien qu&rsquo;il y a de la discrimination. Nous, on lance un SOS parce que les parents sont d\u00e9laiss\u00e9s. Donc on demande \u00e0 tous les politiques d&rsquo;arr\u00eater de faire des bobards et de s&rsquo;occuper des enfants. Et un enfant a besoin d&rsquo;aller \u00e0 l&rsquo;\u00e9cole.\u00a0\u00bb<\/p>\n<p>Le cas de Kamillia est bien loin d&rsquo;\u00eatre isol\u00e9, m\u00eame si le rectorat d&rsquo;Aix-Marseille ne donne aucun chiffre.\u00a0<a target=\"_blank\" rel=\"nofollow noopener noreferrer\" class=\"IciLink ici-link IciArticleLink g-ici-body-regular-1 underline brand svelte-lu7k6w\" href=\"https:\/\/www.laprovence.com\/article\/societe\/96104405319192\/rentree-scolaire-a-marseille-le-syndicat-enseignant-unsa-tire-la-sonnette-dalarme\">Les syndicats de l&rsquo;\u00c9ducation nationale d\u00e9noncent r\u00e9guli\u00e8rement un manque de transparence.<\/a><\/p>\n<p>Depuis la loi vot\u00e9e en 2005, le nombre d&rsquo;\u00e9l\u00e8ves handicap\u00e9s\u00a0a tripl\u00e9 en France. Ils sont plus de 520.000 \u00e0 faire leur rentr\u00e9e cette ann\u00e9e, un record. Mais <strong>seuls 60 % des\u00a0enfants sont accompagn\u00e9s<\/strong> par des AESH selon le\u00a0<a target=\"_blank\" rel=\"nofollow noopener noreferrer\" class=\"IciLink ici-link IciArticleLink g-ici-body-regular-1 underline brand svelte-lu7k6w\" href=\"https:\/\/www.questionsdeclasses.org\/tribune-du-collectif-une-seule-ecole-bilan-des-20-ans-de-la-loi-de-2005\/\">collectif Une seule \u00e9cole<\/a>. Vingt ans apr\u00e8s, l&rsquo;\u00e9cole de la R\u00e9publique n&rsquo;est toujours pas une \u00e9cole inclusive.<\/p>\n","protected":false},"excerpt":{"rendered":"\u00c2g\u00e9e de 11 ans, la jeune \u00e9l\u00e8ve des quartiers nord de Marseille est priv\u00e9e de rentr\u00e9e au coll\u00e8ge.&hellip;\n","protected":false},"author":2,"featured_media":366084,"comment_status":"","ping_status":"","sticky":false,"template":"","format":"standard","meta":{"footnotes":""},"categories":[2814],"tags":[1111,11,1777,674,1011,27,884,12,882,25],"class_list":{"0":"post-366083","1":"post","2":"type-post","3":"status-publish","4":"format-standard","5":"has-post-thumbnail","7":"category-marseille","8":"tag-actu","9":"tag-actualites","10":"tag-eu","11":"tag-europe","12":"tag-fr","13":"tag-france","14":"tag-marseille","15":"tag-news","16":"tag-provence-alpes-cote-dazur","17":"tag-republique-francaise"},"share_on_mastodon":{"url":"https:\/\/pubeurope.com\/@fr\/115146967358207496","error":""},"_links":{"self":[{"href":"https:\/\/www.europesays.com\/fr\/wp-json\/wp\/v2\/posts\/366083","targetHints":{"allow":["GET"]}}],"collection":[{"href":"https:\/\/www.europesays.com\/fr\/wp-json\/wp\/v2\/posts"}],"about":[{"href":"https:\/\/www.europesays.com\/fr\/wp-json\/wp\/v2\/types\/post"}],"author":[{"embeddable":true,"href":"https:\/\/www.europesays.com\/fr\/wp-json\/wp\/v2\/users\/2"}],"replies":[{"embeddable":true,"href":"https:\/\/www.europesays.com\/fr\/wp-json\/wp\/v2\/comments?post=366083"}],"version-history":[{"count":0,"href":"https:\/\/www.europesays.com\/fr\/wp-json\/wp\/v2\/posts\/366083\/revisions"}],"wp:featuredmedia":[{"embeddable":true,"href":"https:\/\/www.europesays.com\/fr\/wp-json\/wp\/v2\/media\/366084"}],"wp:attachment":[{"href":"https:\/\/www.europesays.com\/fr\/wp-json\/wp\/v2\/media?parent=366083"}],"wp:term":[{"taxonomy":"category","embeddable":true,"href":"https:\/\/www.europesays.com\/fr\/wp-json\/wp\/v2\/categories?post=366083"},{"taxonomy":"post_tag","embeddable":true,"href":"https:\/\/www.europesays.com\/fr\/wp-json\/wp\/v2\/tags?post=366083"}],"curies":[{"name":"wp","href":"https:\/\/api.w.org\/{rel}","templated":true}]}}