{"id":366087,"date":"2025-09-04T16:28:20","date_gmt":"2025-09-04T16:28:20","guid":{"rendered":"https:\/\/www.europesays.com\/fr\/366087\/"},"modified":"2025-09-04T16:28:20","modified_gmt":"2025-09-04T16:28:20","slug":"on-est-dans-les-starting-blocks-lex-patron-de-lol-jean-michel-aulas-pret-a-briguer-la-mairie-de-lyon","status":"publish","type":"post","link":"https:\/\/www.europesays.com\/fr\/366087\/","title":{"rendered":"\u00ab\u00a0On est dans les starting blocks\u00a0\u00bb: l&rsquo;ex-patron de l&rsquo;OL, Jean-Michel Aulas, pr\u00eat \u00e0 briguer la mairie de Lyon"},"content":{"rendered":"<p>Du ballon rond \u00e0 la mairie de Lyon. Ce jeudi 4 septembre, l&rsquo;<strong>ancien patron de l&rsquo;OL, Jean-Michel Aulas<\/strong>, a fait savoir ce jeudi 4 septembre qu&rsquo;il allait bient\u00f4t officialiser sa candidature \u00e0 la mairie de Lyon. C&rsquo;est <strong>\u00ab\u00a0sans \u00e9tiquette\u00a0\u00bb<\/strong> mais avec le <strong>soutien du parti Les R\u00e9publicains<\/strong>\u00a0(LR) qu&rsquo;il partira \u00e0 la bataille \u00e9lectorale.\u00a0<\/p>\n<p>\u00ab\u00a0Je prends la responsabilit\u00e9 d&rsquo;ici quelques jours de me lancer dans l&rsquo;aventure, sans \u00e9tiquette, mais avec le soutien des gens les plus dynamiques\u00a0\u00bb, a d\u00e9clar\u00e9 le chef d&rsquo;entreprise de 76 ans lors d&rsquo;un point-presse \u00e0 Lyon.<\/p>\n<p>\u00ab\u00a0On est dans les starting blocks\u00a0\u00bb, a-t-il poursuivi aux c\u00f4t\u00e9s du patron des d\u00e9put\u00e9s r\u00e9publicains Laurent Wauquiez et du maire LR du 2e arrondissement de Lyon Pierre Oliver, qui retire sa propre candidature pour le soutenir.<\/p>\n<p><strong>\u00ab\u00a0La fiert\u00e9 lyonnaise\u00a0\u00bb, dixit Laurent Wauquiez<\/strong><\/p>\n<p>Celui qui a<strong> pr\u00e9sid\u00e9 l&rsquo;Olympique lyonnais pendant 36 ans<\/strong> incarne \u00ab\u00a0la fiert\u00e9 lyonnaise\u00a0\u00bb et \u00ab\u00a0on est convaincus que c&rsquo;est celui qui peut porter cette bataille pour remettre notre ville de Lyon dans la bonne direction\u00a0\u00bb, a dit Laurent Wauquiez pour justifier ce ralliement.<\/p>\n<p><strong>Tr\u00e8s critique des \u00e9lus verts<\/strong> sur les r\u00e9seaux sociaux, Jean-Michel Aulas avait fait savoir en f\u00e9vrier 2025, dans les pages du Figaro, qu&rsquo;il \u00ab\u00a0r\u00e9fl\u00e9chissait\u00a0\u00bb \u00e0 se pr\u00e9senter aux \u00e9lections municipales de mars 2026 <strong>face au maire \u00e9cologiste sortant Gregory Doucet qui brigue un second mandat<\/strong>.<\/p>\n<p>Faute de candidat faisant l&rsquo;unanimit\u00e9 dans leur camp, <strong>un grand nombre de responsables LR et macronistes locaux l&rsquo;ont imm\u00e9diatement ralli\u00e9<\/strong>, misant sur sa notori\u00e9t\u00e9 pour reprendre la ville.<\/p>\n<p>L&rsquo;entrepreneur, qui a fait fortune en vendant des logiciels de gestion, a aussi consult\u00e9 de nombreux responsables nationaux comme l&rsquo;ancien pr\u00e9sident Nicolas Sarkozy qui l&rsquo;a adoub\u00e9 en juin, ou l&rsquo;ex-Premier ministre Gabriel Attal.<\/p>\n<p>                                <strong>\u00ab\u00a0R\u00e9unir tous les gens qui en ont marre de la situation actuelle\u00a0\u00bb<\/strong><\/p>\n<p>\u00ab\u00a0Je me suis rendu compte que pour essayer de transformer les choses, de gagner sur le terrain (&#8230;) il fallait \u00eatre unis\u00a0\u00bb, a-t-il dit ce jeudi pour expliquer son tempo, disant vouloir r\u00e9unir des personnalit\u00e9s allant \u00ab\u00a0du centre gauche \u00e0 la droite\u00a0\u00bb.<\/p>\n<p>\u00ab\u00a0Mon propos est de r\u00e9unir tous les gens de bonne volont\u00e9 qui en ont marre de la situation actuelle\u00a0\u00bb, a-t-il poursuivi. Apr\u00e8s avoir d\u00e9crit Lyon comme une ville \u00ab\u00a0sale, tagu\u00e9e\u00a0\u00bb, il a d\u00e9clar\u00e9 vouloir \u00ab\u00a0refaire ce que l&rsquo;on a connu avant, c&rsquo;est-\u00e0-dire un Lyon qui soit un mod\u00e8le exemplaire en mati\u00e8re de cit\u00e9\u00a0\u00bb.<\/p>\n<p>S&rsquo;il n&rsquo;a pour l&rsquo;heure <strong>pas r\u00e9v\u00e9l\u00e9 son programme<\/strong> ni les noms de ceux qui figureront sur sa liste, JMA a \u00e9gren\u00e9 ces derniers mois de premi\u00e8res promesses. Sur le plan symbolique, il s&rsquo;est engag\u00e9 \u00e0 renoncer \u00e0 ses indemnit\u00e9s de maire.<\/p>\n<p>Ses d\u00e9tracteurs n&rsquo;ont pas tard\u00e9 \u00e0 accuser la <strong>310e fortune de France<\/strong> (selon le magazine Challenge) de d\u00e9magogie.<\/p>\n<p><strong>La promesse d&rsquo;\u00e9tendre la gratuit\u00e9 dans les transports<\/strong><\/p>\n<p>Soucieux de se donner une coloration plus sociale dans une ville qui a donn\u00e9 ses quatre si\u00e8ges de d\u00e9put\u00e9s \u00e0 la gauche en juillet, il a ensuite attaqu\u00e9 sur le terrain de pr\u00e9dilection des \u00e9cologistes: les transports, en promettant notamment d&rsquo;<strong>\u00e9tendre la gratuit\u00e9 des bus, m\u00e9tro et trams<\/strong> pour les Lyonnais.<\/p>\n<p>Et pour satisfaire la droite, il a promis de mettre <strong>plus de cam\u00e9ras de vid\u00e9osurveillance<\/strong> et une police municipale des transports, accusant les \u00e9cologistes d&rsquo;avoir laiss\u00e9 la violence cro\u00eetre depuis leur \u00e9lection \u00e0 la ville et \u00e0 la m\u00e9tropole en 2020.<\/p>\n<p>M\u00eame s&rsquo;il glissait toujours un \u00ab\u00a0si je suis candidat\u00a0\u00bb, Jean-Michel Aulas semblait \u00e0 chaque fois plus pr\u00e8s de se lancer. \u00ab\u00a0Je ne vous ferai pas attendre tr\u00e8s longtemps\u00a0\u00bb, d\u00e9clarait-il ainsi le 19 juin. D\u00e9but juillet, il avait finalement demand\u00e9 \u00ab\u00a0un petit peu de patience\u00a0\u00bb, disant vouloir d&rsquo;abord aider l&rsquo;OL \u00e0 repousser<a href=\"https:\/\/www.nicematin.com\/football\/football-soulagement-pour-lyon-maintenu-en-ligue-1-apres-son-passage-en-appel-993630\" target=\"_blank\" rel=\"noopener nofollow\"> la menace de r\u00e9trogradation administrative<\/a>. Mais \u00ab\u00a0aujourd&rsquo;hui, j&rsquo;ai envie de rendre \u00e0 Lyon ce que Lyon m&rsquo;a apport\u00e9\u00a0\u00bb, ajoutait-il imm\u00e9diatement.<\/p>\n<p>Maintenant qu&rsquo;il s&rsquo;est lanc\u00e9, il lui reste \u00e0 <strong>convertir sa popularit\u00e9 en bulletin de vote<\/strong>. S&rsquo;il jouit d&rsquo;une meilleure image que Gr\u00e9gory Doucet, il ne le devancerait au premier tour (24% contre 22%), que dans le cas d&rsquo;une gauche divis\u00e9e, selon un sondage Elabe BFM publi\u00e9 en mai.<\/p>\n","protected":false},"excerpt":{"rendered":"Du ballon rond \u00e0 la mairie de Lyon. Ce jeudi 4 septembre, l&rsquo;ancien patron de l&rsquo;OL, Jean-Michel Aulas,&hellip;\n","protected":false},"author":2,"featured_media":366088,"comment_status":"","ping_status":"","sticky":false,"template":"","format":"standard","meta":{"footnotes":""},"categories":[1889],"tags":[1111,11,2430,1777,674,1011,27,2428,12,316,25],"class_list":{"0":"post-366087","1":"post","2":"type-post","3":"status-publish","4":"format-standard","5":"has-post-thumbnail","7":"category-lyon","8":"tag-actu","9":"tag-actualites","10":"tag-auvergne-rhone-alpes","11":"tag-eu","12":"tag-europe","13":"tag-fr","14":"tag-france","15":"tag-lyon","16":"tag-news","17":"tag-politique","18":"tag-republique-francaise"},"share_on_mastodon":{"url":"https:\/\/pubeurope.com\/@fr\/115146974992101228","error":""},"_links":{"self":[{"href":"https:\/\/www.europesays.com\/fr\/wp-json\/wp\/v2\/posts\/366087","targetHints":{"allow":["GET"]}}],"collection":[{"href":"https:\/\/www.europesays.com\/fr\/wp-json\/wp\/v2\/posts"}],"about":[{"href":"https:\/\/www.europesays.com\/fr\/wp-json\/wp\/v2\/types\/post"}],"author":[{"embeddable":true,"href":"https:\/\/www.europesays.com\/fr\/wp-json\/wp\/v2\/users\/2"}],"replies":[{"embeddable":true,"href":"https:\/\/www.europesays.com\/fr\/wp-json\/wp\/v2\/comments?post=366087"}],"version-history":[{"count":0,"href":"https:\/\/www.europesays.com\/fr\/wp-json\/wp\/v2\/posts\/366087\/revisions"}],"wp:featuredmedia":[{"embeddable":true,"href":"https:\/\/www.europesays.com\/fr\/wp-json\/wp\/v2\/media\/366088"}],"wp:attachment":[{"href":"https:\/\/www.europesays.com\/fr\/wp-json\/wp\/v2\/media?parent=366087"}],"wp:term":[{"taxonomy":"category","embeddable":true,"href":"https:\/\/www.europesays.com\/fr\/wp-json\/wp\/v2\/categories?post=366087"},{"taxonomy":"post_tag","embeddable":true,"href":"https:\/\/www.europesays.com\/fr\/wp-json\/wp\/v2\/tags?post=366087"}],"curies":[{"name":"wp","href":"https:\/\/api.w.org\/{rel}","templated":true}]}}