{"id":366091,"date":"2025-09-04T16:31:11","date_gmt":"2025-09-04T16:31:11","guid":{"rendered":"https:\/\/www.europesays.com\/fr\/366091\/"},"modified":"2025-09-04T16:31:11","modified_gmt":"2025-09-04T16:31:11","slug":"paris-en-leger-repli-malgre-une-nette-detente-des-taux-dans-lue-04-09-2025-a-1750","status":"publish","type":"post","link":"https:\/\/www.europesays.com\/fr\/366091\/","title":{"rendered":"Paris: en l\u00e9ger repli malgr\u00e9 une nette d\u00e9tente des taux dans l&rsquo;UE &#8211; 04\/09\/2025 \u00e0 17:50"},"content":{"rendered":"<p>                                                                (Zonebourse.com) &#8211; La Bourse de Paris termine la s\u00e9ance en l\u00e9g\u00e8re baisse (-0,27%) ce jeudi alors que Wall Street, apr\u00e8s une ouverture h\u00e9sitante, opte pour une hausse prudente.<\/p>\n<p>Les indices US progressent de +0,3% \u00e0 +0,4%, le S&amp;P500 remonte \u00e0 moins de 1% de ses records absolus.\n<\/p>\n<p>La s\u00e9ance s&rsquo;annon\u00e7ait riche en indicateurs mais trop de &lsquo;stats&rsquo; au m\u00eame moment semblent figer la capacit\u00e9 d&rsquo;analyse des investisseurs : surprenant car le spectaculaire creusement du d\u00e9ficit commercial US \u00e9tait de nature \u00e0 faire r\u00e9agir les march\u00e9s.\n<\/p>\n<p>Il a en effet grimp\u00e9 \u00e0 78,3 milliards de dollars en juillet, par rapport \u00e0 celui de 59,1 MdsUSD du mois pr\u00e9c\u00e9dent (l\u00e9g\u00e8rement r\u00e9vis\u00e9 d&rsquo;une estimation initiale de 60,2 MdsUSD), selon le D\u00e9partement du Commerce.\n<\/p>\n<p>Cette augmentation de 32,5% du d\u00e9ficit d&rsquo;un mois sur l&rsquo;autre r\u00e9sulte d&rsquo;un gonflement de 5,9% des importations de biens et services, \u00e0 358,8 MdsUSD, alors que les exportations sont rest\u00e9es quasi-inchang\u00e9es (+0,3%) \u00e0 280,5 MdsUSD.\n<\/p>\n<p>Par poste, l&rsquo;accroissement du d\u00e9ficit global est surtout attribuable \u00e0 un creusement du d\u00e9ficit des biens de 18,2 MdsUSD, \u00e0 103,9 MdsUSD, tandis que l&rsquo;exc\u00e9dent des services s&rsquo;est tass\u00e9 de 1,1 MdUSD pour s&rsquo;\u00e9tablir \u00e0 25,6 MdsUSD.\n<\/p>\n<p>L&rsquo;autre donn\u00e9e tr\u00e8s attendue concernait l&#8217;emploi (normal \u00e0 la veille du &lsquo;NFP&rsquo; du mois d&rsquo;ao\u00fbt) : l&rsquo;enqu\u00eate d&rsquo;ADP Research fait \u00e9tat de 54.000 emplois cr\u00e9\u00e9s dans le secteur priv\u00e9 ont en ao\u00fbt, soit un rythme inf\u00e9rieur de moiti\u00e9 \u00e0 juillet&#8230; mais un chiffre pas si \u00e9loign\u00e9 des pr\u00e9visions: le consensus tablait sur une hausse de 68 000 emplois.\n<\/p>\n<p>Emploi toujours avec les chiffres hebdos du ch\u00f4mage : les inscriptions hebdomadaires ont augment\u00e9 aux Etats-Unis de +8.000 lors de la semaine au 30 ao\u00fbt pour s&rsquo;\u00e9tablir \u00e0 237.000.\n<\/p>\n<p>Le D\u00e9partement du Travail pr\u00e9cise que la moyenne mobile sur 4 semaines s&rsquo;\u00e9tablit \u00e0 231.000, soit une hausse de 2500 par rapport au chiffre de 228.500 (non r\u00e9vis\u00e9) la semaine pr\u00e9c\u00e9dente.\n<\/p>\n<p>Le nombre de personnes percevant r\u00e9guli\u00e8rement des indemnit\u00e9s s&rsquo;est \u00e9lev\u00e9 \u00e0 1,94 million lors de la semaine au 23 ao\u00fbt (derni\u00e8re semaine pour laquelle ces chiffres sont disponibles) soit une baisse de 4000 par rapport \u00e0 la semaine pr\u00e9c\u00e9dente.\n<\/p>\n<p>Enfin, la productivit\u00e9 non-agricole aux Etats-Unis a \u00e9t\u00e9 r\u00e9vis\u00e9e en forte hausse, de +2,4 \u00e0 +3,3% en rythme annualis\u00e9 au deuxi\u00e8me trimestre 2025, selon la seconde estimation du D\u00e9partement du Travail.\n<\/p>\n<p>Ce rebond de la productivit\u00e9, qui fait suite \u00e0 un recul de 1,8% observ\u00e9 au trimestre pr\u00e9c\u00e9dent, r\u00e9sulte d&rsquo;une augmentation de 4,4% de la production alors que le nombre d&rsquo;heures travaill\u00e9es ne s&rsquo;est accru que de 1,1%.\n<\/p>\n<p>A noter en parall\u00e8le une hausse de 4,3% du salaire horaire et les co\u00fbts unitaires salariaux non-agricoles se sont accrus de 1% au deuxi\u00e8me trimestre.\n<\/p>\n<p>En France, l&rsquo;actualit\u00e9 reste surtout politique : alors que le sort du gouvernement Bayrou semble scell\u00e9 \u00e0 quelques jours du vote de confiance du lundi 8 septembre, les intervenants ont continu\u00e9 \u00e0 relativiser la perspective d&rsquo;un basculement politique jug\u00e9 in\u00e9luctable, se rappelant que la chute du gouvernement Barnier en d\u00e9cembre dernier n&rsquo;avait eu que de faibles r\u00e9percussions en Bourse.\n<\/p>\n<p>Apr\u00e8s le vif regain de tensions du d\u00e9but de semaine, l&rsquo;heure est dor\u00e9navant \u00e0 la d\u00e9tente sur le compartiment obligataire dans l&rsquo;attente des donn\u00e9es sur l&#8217;emploi de vendredi. Le rendement des Treasuries am\u00e9ricains \u00e0 dix ans revient de 4,204% (-1Pt) et son \u00e9quivalent allemand de se d\u00e9tend de -2,5Pts vers 2,724% (apr\u00e8s avoir flirt\u00e9 hier avec des plus hauts pluriannuels autour de 2,80%) tandis que nos OAT effacent -4Pts vers 3,500%.\n<\/p>\n<p>Sur le FOREX, peu de r\u00e9actions \u00e0 la d\u00e9ferlante de chiffres US : l&rsquo;euro se raffermit l\u00e9g\u00e8rement vers 1,1650 face au dollar en raison des anticipations grandissantes d&rsquo;une baisse de taux Outre-Atlantique.\n<\/p>\n<p>Le march\u00e9 p\u00e9trolier poursuit son repli de la veille, quoique de mani\u00e8re moins prononc\u00e9e, alors que l&rsquo;Opep et ses alli\u00e9s pourraient confirmer ce dimanche leur strat\u00e9gie d&rsquo;augmentation de la production en d\u00e9pit des incertitudes qui entourent toujours la demande.\n<\/p>\n<p>Le Brent abandonne actuellement -0,7% \u00e0 66,9$ le baril et le brut l\u00e9ger am\u00e9ricain (West Texas Intermediate, WTI) perd 0,8% vers les 63,3$ mais la tendance pourrait s&rsquo;infl\u00e9chir cet apr\u00e8s-midi avec la parution des stocks hebdomadaires de carburant aux Etats-Unis.<\/p>\n","protected":false},"excerpt":{"rendered":"(Zonebourse.com) &#8211; La Bourse de Paris termine la s\u00e9ance en l\u00e9g\u00e8re baisse (-0,27%) ce jeudi alors que Wall&hellip;\n","protected":false},"author":2,"featured_media":17400,"comment_status":"","ping_status":"","sticky":false,"template":"","format":"standard","meta":{"footnotes":""},"categories":[1888],"tags":[400,1111,1928,11,1927,398,408,405,1777,674,1011,27,403,402,399,404,12,1926,626,1925,25,401,406,407],"class_list":{"0":"post-366091","1":"post","2":"type-post","3":"status-publish","4":"format-standard","5":"has-post-thumbnail","7":"category-paris","8":"tag-action-cac-40","9":"tag-actu","10":"tag-actu-paris","11":"tag-actualites","12":"tag-actualites-paris","13":"tag-bourse-de-paris","14":"tag-boursorama","15":"tag-cotations","16":"tag-eu","17":"tag-europe","18":"tag-fr","19":"tag-france","20":"tag-indices-devises","21":"tag-investir","22":"tag-investissement","23":"tag-marche-boursier","24":"tag-news","25":"tag-news-paris","26":"tag-paris","27":"tag-paris-news","28":"tag-republique-francaise","29":"tag-sicav","30":"tag-trackers","31":"tag-warrants"},"share_on_mastodon":{"url":"https:\/\/pubeurope.com\/@fr\/115146986959472188","error":""},"_links":{"self":[{"href":"https:\/\/www.europesays.com\/fr\/wp-json\/wp\/v2\/posts\/366091","targetHints":{"allow":["GET"]}}],"collection":[{"href":"https:\/\/www.europesays.com\/fr\/wp-json\/wp\/v2\/posts"}],"about":[{"href":"https:\/\/www.europesays.com\/fr\/wp-json\/wp\/v2\/types\/post"}],"author":[{"embeddable":true,"href":"https:\/\/www.europesays.com\/fr\/wp-json\/wp\/v2\/users\/2"}],"replies":[{"embeddable":true,"href":"https:\/\/www.europesays.com\/fr\/wp-json\/wp\/v2\/comments?post=366091"}],"version-history":[{"count":0,"href":"https:\/\/www.europesays.com\/fr\/wp-json\/wp\/v2\/posts\/366091\/revisions"}],"wp:featuredmedia":[{"embeddable":true,"href":"https:\/\/www.europesays.com\/fr\/wp-json\/wp\/v2\/media\/17400"}],"wp:attachment":[{"href":"https:\/\/www.europesays.com\/fr\/wp-json\/wp\/v2\/media?parent=366091"}],"wp:term":[{"taxonomy":"category","embeddable":true,"href":"https:\/\/www.europesays.com\/fr\/wp-json\/wp\/v2\/categories?post=366091"},{"taxonomy":"post_tag","embeddable":true,"href":"https:\/\/www.europesays.com\/fr\/wp-json\/wp\/v2\/tags?post=366091"}],"curies":[{"name":"wp","href":"https:\/\/api.w.org\/{rel}","templated":true}]}}