{"id":366092,"date":"2025-09-04T16:32:13","date_gmt":"2025-09-04T16:32:13","guid":{"rendered":"https:\/\/www.europesays.com\/fr\/366092\/"},"modified":"2025-09-04T16:32:13","modified_gmt":"2025-09-04T16:32:13","slug":"des-affiches-pro-russe-glorifiant-le-soldat-sovietique-vainqueur-decouvertes-sur-larc-de-triomphe","status":"publish","type":"post","link":"https:\/\/www.europesays.com\/fr\/366092\/","title":{"rendered":"Des affiches pro-russe glorifiant le \u00ab soldat sovi\u00e9tique vainqueur \u00bb d\u00e9couvertes sur l\u2019Arc de Triomphe"},"content":{"rendered":"<p class=\"mb-4 text-lg md:leading-8 break-words\"><strong>D\u00e9stabilisation &#8211; Le parquet de Paris a ouvert une enqu\u00eate apr\u00e8s la d\u00e9couverte d\u2019affiches \u00ab Dis merci au soldat sovi\u00e9tique vainqueur \u00bb sur l\u2019Arc de Triomphe<\/strong><\/p>\n<p class=\"mb-4 text-lg md:leading-8 break-words\">La d\u00e9couverte aurait pu faire sourire si elle ne s\u2019ajoutait pas \u00e0 une <a href=\"https:\/\/www.20minutes.fr\/societe\/4170120-20250901-reseau-profils-contestataires-tres-populaires-x-francais-emane-usine-trolls-russe?at_medium=RSS%20feed&amp;at_campaign=ynews&amp;utm_source=yahoo&amp;utm_medium=rss&amp;utm_campaign=news_feed&amp;utm_content=in_article_link\" rel=\"nofollow noopener\" target=\"_blank\" data-ylk=\"slk:multitude d\u2019op\u00e9rations de d\u00e9stabilisation pro-russe;elm:context_link;itc:0;sec:content-canvas\" class=\"link \">multitude d\u2019op\u00e9rations de d\u00e9stabilisation pro-russe<\/a> ces derni\u00e8res ann\u00e9es. Mercredi, vers 21 heures, des agents de surveillance de <a href=\"https:\/\/www.20minutes.fr\/faits_divers\/4094124-20240602-paris-cercueils-recouverts-drapeaux-francais-retrouves-pied-tour-eiffel?at_medium=RSS%20feed&amp;at_campaign=ynews&amp;utm_source=yahoo&amp;utm_medium=rss&amp;utm_campaign=news_feed&amp;utm_content=in_article_link\" rel=\"nofollow noopener\" target=\"_blank\" data-ylk=\"slk:l\u2019Arc de Triomphe ont d\u00e9couvert sur l\u2019un des piliers quatre affiches;elm:context_link;itc:0;sec:content-canvas\" class=\"link \">l\u2019Arc de Triomphe ont d\u00e9couvert sur l\u2019un des piliers quatre affiches<\/a> sur lesquelles on pouvait lire \u00ab Dis merci au <a href=\"https:\/\/www.20minutes.fr\/monde\/russie\/4159554-20250623-russie-dessins-animes-hack-chaine-tout-petits-quand-propagande-kremlin-vise-enfants?at_medium=RSS%20feed&amp;at_campaign=ynews&amp;utm_source=yahoo&amp;utm_medium=rss&amp;utm_campaign=news_feed&amp;utm_content=in_article_link\" rel=\"nofollow noopener\" target=\"_blank\" data-ylk=\"slk:soldat sovi\u00e9tique vainqueur;elm:context_link;itc:0;sec:content-canvas\" class=\"link \">soldat sovi\u00e9tique vainqueur<\/a> \u00bb, a appris 20 Minutes aupr\u00e8s du parquet de Paris.<\/p>\n<p class=\"mb-4 text-lg md:leading-8 break-words\">Si ces panneaux ont rapidement \u00e9t\u00e9 d\u00e9coll\u00e9s et n\u2019\u00e9taient plus visibles dans la soir\u00e9e, une enqu\u00eate en flagrance pour \u00ab d\u00e9gradation ou destruction de biens class\u00e9s ou inscrits aux monuments historiques, en r\u00e9union, pour servir les int\u00e9r\u00eats d\u2019une puissance \u00e9trang\u00e8re \u00bb a \u00e9t\u00e9 ouverte et les investigations confi\u00e9es \u00e0 la s\u00fbret\u00e9 territoriale. Pour l\u2019heure, aucun suspect n\u2019a \u00e9t\u00e9 interpell\u00e9.<\/p>\n<p>Publicit\u00e9<\/p>\n<p>Publicit\u00e9<\/p>\n<p>Publicit\u00e9<\/p>\n<p>Publicit\u00e9<\/p>\n<p class=\"mb-4 text-lg md:leading-8 break-words\">La peine encourue pour de tels faits est de 15 ans de prison.<\/p>\n<p class=\"mb-4 text-lg md:leading-8 break-words\"><a href=\"https:\/\/www.20minutes.fr\/faits_divers\/4171271-20250904-paris-affiches-pro-russe-glorifiant-soldat-sovietique-vainqueur-decouvertes-arc-triomphe?at_medium=RSS%20feed&amp;at_campaign=ynews&amp;utm_source=yahoo&amp;utm_medium=rss&amp;utm_campaign=news_feed&amp;utm_content=read_more_link&quot;\" rel=\"nofollow noopener\" target=\"_blank\" data-ylk=\"slk:Lire la suite sur 20minutes;elm:context_link;itc:0;sec:content-canvas\" class=\"link \">Lire la suite sur 20minutes<\/a><\/p>\n<p>\u00c0 lire aussi :<br \/><a href=\"https:\/\/www.20minutes.fr\/monde\/ukraine\/4153019-20250512-guerre-ukraine-derriere-accusations-prise-drogue-emmanuel-macron-campagne-pro-russe-xxl?at_medium=RSS%20feed&amp;at_campaign=ynews&amp;utm_source=yahoo&amp;utm_medium=rss&amp;utm_campaign=news_feed&amp;utm_content=related_content_link\" rel=\"nofollow noopener\" target=\"_blank\" data-ylk=\"slk:Guerre en Ukraine : Derri\u00e8re les accusations de prise de drogue par Emmanuel Macron, une campagne pro-russe XXL;elm:context_link;itc:0;sec:content-canvas\" class=\"link \">Guerre en Ukraine : Derri\u00e8re les accusations de prise de drogue par Emmanuel Macron, une campagne pro-russe XXL<\/a><br \/><a href=\"https:\/\/www.20minutes.fr\/monde\/allemagne\/4133234-20250112-allemagne-extreme-droite-proche-pouvoir-autriche-aubaine-afd?at_medium=RSS%20feed&amp;at_campaign=ynews&amp;utm_source=yahoo&amp;utm_medium=rss&amp;utm_campaign=news_feed&amp;utm_content=related_content_link\" rel=\"nofollow noopener\" target=\"_blank\" data-ylk=\"slk:Allemagne : L&#039;extr\u00eame droite proche du pouvoir en Autriche, une aubaine pour l&#039;AfD;elm:context_link;itc:0;sec:content-canvas\" class=\"link \">Allemagne : L&rsquo;extr\u00eame droite proche du pouvoir en Autriche, une aubaine pour l&rsquo;AfD<\/a><\/p>\n","protected":false},"excerpt":{"rendered":"D\u00e9stabilisation &#8211; Le parquet de Paris a ouvert une enqu\u00eate apr\u00e8s la d\u00e9couverte d\u2019affiches \u00ab Dis merci au&hellip;\n","protected":false},"author":2,"featured_media":366093,"comment_status":"","ping_status":"","sticky":false,"template":"","format":"standard","meta":{"footnotes":""},"categories":[1888],"tags":[1111,1928,11,1927,36111,19735,1777,674,1011,27,38986,12,1926,626,1925,25],"class_list":{"0":"post-366092","1":"post","2":"type-post","3":"status-publish","4":"format-standard","5":"has-post-thumbnail","7":"category-paris","8":"tag-actu","9":"tag-actu-paris","10":"tag-actualites","11":"tag-actualites-paris","12":"tag-agents-de-surveillance","13":"tag-dis","14":"tag-eu","15":"tag-europe","16":"tag-fr","17":"tag-france","18":"tag-larc-de-triomphe","19":"tag-news","20":"tag-news-paris","21":"tag-paris","22":"tag-paris-news","23":"tag-republique-francaise"},"share_on_mastodon":{"url":"https:\/\/pubeurope.com\/@fr\/115146990820652212","error":""},"_links":{"self":[{"href":"https:\/\/www.europesays.com\/fr\/wp-json\/wp\/v2\/posts\/366092","targetHints":{"allow":["GET"]}}],"collection":[{"href":"https:\/\/www.europesays.com\/fr\/wp-json\/wp\/v2\/posts"}],"about":[{"href":"https:\/\/www.europesays.com\/fr\/wp-json\/wp\/v2\/types\/post"}],"author":[{"embeddable":true,"href":"https:\/\/www.europesays.com\/fr\/wp-json\/wp\/v2\/users\/2"}],"replies":[{"embeddable":true,"href":"https:\/\/www.europesays.com\/fr\/wp-json\/wp\/v2\/comments?post=366092"}],"version-history":[{"count":0,"href":"https:\/\/www.europesays.com\/fr\/wp-json\/wp\/v2\/posts\/366092\/revisions"}],"wp:featuredmedia":[{"embeddable":true,"href":"https:\/\/www.europesays.com\/fr\/wp-json\/wp\/v2\/media\/366093"}],"wp:attachment":[{"href":"https:\/\/www.europesays.com\/fr\/wp-json\/wp\/v2\/media?parent=366092"}],"wp:term":[{"taxonomy":"category","embeddable":true,"href":"https:\/\/www.europesays.com\/fr\/wp-json\/wp\/v2\/categories?post=366092"},{"taxonomy":"post_tag","embeddable":true,"href":"https:\/\/www.europesays.com\/fr\/wp-json\/wp\/v2\/tags?post=366092"}],"curies":[{"name":"wp","href":"https:\/\/api.w.org\/{rel}","templated":true}]}}