{"id":366098,"date":"2025-09-04T16:35:12","date_gmt":"2025-09-04T16:35:12","guid":{"rendered":"https:\/\/www.europesays.com\/fr\/366098\/"},"modified":"2025-09-04T16:35:12","modified_gmt":"2025-09-04T16:35:12","slug":"guerre-en-ukraine-pris-entre-la-russie-et-leurope-donald-trump-temporise","status":"publish","type":"post","link":"https:\/\/www.europesays.com\/fr\/366098\/","title":{"rendered":"Guerre en Ukraine\u00a0: pris entre la Russie et l&rsquo;Europe, Donald Trump temporise"},"content":{"rendered":"<p>        <a class=\"Link \" href=\"https:\/\/www.lopinion.fr\/international\/guerre-en-ukraine-les-europeens-appellent-les-etats-unis-a-sengager-sur-la-securite-de-kiev-face-a-linflexibilite-de-poutine\" data-cms-ai=\"0\" rel=\"nofollow noopener\" target=\"_blank\">Guerre en Ukraine: les Europ\u00e9ens appellent les Etats-Unis \u00e0 s\u2019engager sur la s\u00e9curit\u00e9 de Kiev face \u00e0 l\u2019inflexibilit\u00e9 de Poutine<\/a><\/p>\n<p>l&rsquo;Opinion (avec AFP)<\/p>\n<p>Paris &#8211; Les soutiens europ\u00e9ens de l\u2019Ukraine se r\u00e9unissent jeudi pour tester l\u2019engagement des Etats-Unis pour la s\u00e9curit\u00e9 future de l\u2019Ukraine, alors que les efforts de paix de Donald Trump patinent et que Vladimir Poutine, fort de ses soutiens internationaux, para\u00eet plus inflexible que jamais Le pr\u00e9sident fran\u00e7ais Emmanuel Macron copr\u00e9side \u00e0 10H30 (08H30 GMT) \u00e0 l\u2019Elys\u00e9e une r\u00e9union de la \u00abCoalition des volontaires\u00bb, qui rassemble les principaux soutiens militaires de Kiev &#8211; une trentaine de pays, essentiellement europ\u00e9ens &#8211; en pr\u00e9sence de son homologue ukrainien Volodymyr Zelensky. Les dirigeants s\u2019entretiendront ensuite par t\u00e9l\u00e9phone \u00e0 14H00 (12H00 GMT) avec Donald Trump. Avec deux sujets \u00e0 l\u2019ordre du jour: un appel \u00e0 plus de sanctions am\u00e9ricaines contre la Russie et les contributions de chacun aux garanties de s\u00e9curit\u00e9 futures \u00e0 apporter \u00e0 l\u2019Ukraine. Outre M. Zelensky, le pr\u00e9sident finlandais Alexander Stubb sera pr\u00e9sent \u00e0 l\u2019Elys\u00e9e, de m\u00eame que les Premiers ministres polonais Donald Tusk, espagnol Pedro Sanchez, danoise Mette Frederiksen ou encore les pr\u00e9sidents des institutions de l\u2019Union europ\u00e9enne Ursula von der Leyen et Antonio Costa. Le Premier ministre britannique Keir Starmer, copr\u00e9sident de la r\u00e9union, interviendra en visioconf\u00e9rence de m\u00eame que les autres dirigeants europ\u00e9ens, de l\u2019Allemand Friedrich Merz \u00e0 l\u2019Italienne Georgia Meloni. R\u00e9serves Les Europ\u00e9ens vont acter qu\u2019ils sont \u00abpr\u00eats\u00bb sur l\u2019octroi de garanties de s\u00e9curit\u00e9 \u00e0 l\u2019Ukraine, pour mieux signifier qu\u2019ils attendent d\u00e9sormais des gestes concrets des Am\u00e9ricains dans le m\u00eame sens. \u00abNous sommes pr\u00eats pour ces garanties de s\u00e9curit\u00e9. L\u2019Europe est au rendez-vous, pour la premi\u00e8re fois avec ce niveau d\u2019engagement et d\u2019intensit\u00e9\u00bb, a d\u00e9clar\u00e9 le pr\u00e9sident fran\u00e7ais en accueillant son homologue ukrainien d\u00e8s mercredi soir \u00e0 l\u2019Elys\u00e9e pour un t\u00eate-\u00e0-t\u00eate. Les alli\u00e9s de l\u2019Ukraine attendent maintenant \u00abde voir ce que les Am\u00e9ricains souhaitent apporter concernant leur participation\u00bb, a rench\u00e9ri le secr\u00e9taire g\u00e9n\u00e9ral de l\u2019Otan, Mark Rutte, \u00e0 Bruxelles. La Coalition des volontaires est dispos\u00e9e \u00e0 contribuer au renforcement de l\u2019arm\u00e9e ukrainienne, voire pour certains pays &#8211; dont la France, le Royaume-Uni et la Belgique &#8211; \u00e0 d\u00e9ployer des soldats en Ukraine, une fois un cessez-le-feu conclu, pour dissuader la Russie de toute nouvelle agression. Mais certains alli\u00e9s se sont montr\u00e9s h\u00e9sitants dans l\u2019attente de la contribution am\u00e9ricaine, que plusieurs pays europ\u00e9ens jugent indispensable avant tout engagement de leur part. Jusqu&rsquo;\u00e0 un cessez-le-feu, \u00abil n\u2019y aura certainement pas de d\u00e9ploiement de troupes en Ukraine et m\u00eame apr\u00e8s, j\u2019ai des r\u00e9serves consid\u00e9rables \u00e0 ce sujet concernant l\u2019Allemagne\u00bb, a lanc\u00e9 le chancelier Merz sur la cha\u00eene Sat1. La Russie a r\u00e9p\u00e9t\u00e9 jeudi qu\u2019elle n\u2019accepterait aucune \u00abintervention \u00e9trang\u00e8re quelle qu\u2019en soit la forme\u00bb, la porte-parole de sa diplomatie Maria Zakharova qualifiant les protections demand\u00e9es par Kiev de \u00abgaranties de danger pour le continent europ\u00e9en\u00bb. \u00abA l\u2019offensive\u00bb Donald Trump a promis lors d\u2019une r\u00e9union avec six dirigeants europ\u00e9ens le 18 ao\u00fbt \u00e0 Washington que les Etats-Unis apporteraient des garanties de s\u00e9curit\u00e9, sans pr\u00e9ciser lesquelles. Ce \u00abfilet de s\u00e9curit\u00e9\u00bb am\u00e9ricain, ou \u00abbackstop\u00bb en anglais, pourrait prendre diff\u00e9rentes formes &#8211; renseignement, soutien logistique, communications -, le pr\u00e9sident am\u00e9ricain ayant exclu l\u2019envoi de troupes am\u00e9ricaines au sol. Il a affirm\u00e9 mercredi qu\u2019il \u00abse passerait quelque chose\u00bb si Vladimir Poutine ne r\u00e9pondait pas \u00e0 ses attentes, deux semaines apr\u00e8s leur rencontre en Alaska qui n\u2019a abouti \u00e0 aucun progr\u00e8s substantiel sur une issue \u00e0 la guerre en Ukraine. En attendant, Vladimir Poutine, qui affiche un retour en force sur la sc\u00e8ne internationale avec une pr\u00e9sence tr\u00e8s remarqu\u00e9e mercredi au c\u00f4t\u00e9 du pr\u00e9sident chinois Xi Jinping et du dirigeant nord-cor\u00e9en Kim Jong Un \u00e0 P\u00e9kin, apr\u00e8s le sommet d\u2019Anchorage le 15 ao\u00fbt avec Donald Trump, multiplie les d\u00e9clarations offensives. Moscou atteindra ses objectifs en Ukraine par la voie militaire si les n\u00e9gociations avec Kiev \u00e9chouent, a-t-il averti depuis la Chine, assurant que ses troupes demeuraient \u00ab\u00a0\u00e0 l\u2019offensive\u00bb sur l\u2019ensemble du front. Au m\u00eame moment, la Russie lan\u00e7ait une vaste attaque avec plus de 500 drones et missiles sur l\u2019Ukraine, tuant au moins neuf personnes et privant des milliers de foyers d&rsquo;\u00e9lectricit\u00e9. \u00abMalheureusement, nous n\u2019avons pas encore vu de signes de la part de la Russie indiquant qu\u2019ils veulent mettre fin \u00e0 la guerre\u00bb, a d\u00e9plor\u00e9 Volodymyr Zelensky \u00e0 Paris, se disant toutefois convaincu que l\u2019Europe et les Etats-Unis aideraient Kiev \u00e0 \u00abaccro\u00eetre la pression sur la Russie pour avancer vers une solution diplomatique\u00bb. Val\u00e9rie LEROUX et Francesco FONTEMAGGI \u00a9 Agence France-Presse<\/p>\n","protected":false},"excerpt":{"rendered":"Guerre en Ukraine: les Europ\u00e9ens appellent les Etats-Unis \u00e0 s\u2019engager sur la s\u00e9curit\u00e9 de Kiev face \u00e0 l\u2019inflexibilit\u00e9&hellip;\n","protected":false},"author":2,"featured_media":366099,"comment_status":"","ping_status":"","sticky":false,"template":"","format":"standard","meta":{"footnotes":""},"categories":[1591],"tags":[11,1887,12,1885,1886,132],"class_list":{"0":"post-366098","1":"post","2":"type-post","3":"status-publish","4":"format-standard","5":"has-post-thumbnail","7":"category-russie","8":"tag-actualites","9":"tag-federation-de-russie","10":"tag-news","11":"tag-russia","12":"tag-russian-federation","13":"tag-russie"},"share_on_mastodon":{"url":"https:\/\/pubeurope.com\/@fr\/115147002610885158","error":""},"_links":{"self":[{"href":"https:\/\/www.europesays.com\/fr\/wp-json\/wp\/v2\/posts\/366098","targetHints":{"allow":["GET"]}}],"collection":[{"href":"https:\/\/www.europesays.com\/fr\/wp-json\/wp\/v2\/posts"}],"about":[{"href":"https:\/\/www.europesays.com\/fr\/wp-json\/wp\/v2\/types\/post"}],"author":[{"embeddable":true,"href":"https:\/\/www.europesays.com\/fr\/wp-json\/wp\/v2\/users\/2"}],"replies":[{"embeddable":true,"href":"https:\/\/www.europesays.com\/fr\/wp-json\/wp\/v2\/comments?post=366098"}],"version-history":[{"count":0,"href":"https:\/\/www.europesays.com\/fr\/wp-json\/wp\/v2\/posts\/366098\/revisions"}],"wp:featuredmedia":[{"embeddable":true,"href":"https:\/\/www.europesays.com\/fr\/wp-json\/wp\/v2\/media\/366099"}],"wp:attachment":[{"href":"https:\/\/www.europesays.com\/fr\/wp-json\/wp\/v2\/media?parent=366098"}],"wp:term":[{"taxonomy":"category","embeddable":true,"href":"https:\/\/www.europesays.com\/fr\/wp-json\/wp\/v2\/categories?post=366098"},{"taxonomy":"post_tag","embeddable":true,"href":"https:\/\/www.europesays.com\/fr\/wp-json\/wp\/v2\/tags?post=366098"}],"curies":[{"name":"wp","href":"https:\/\/api.w.org\/{rel}","templated":true}]}}