{"id":36610,"date":"2025-04-19T13:38:10","date_gmt":"2025-04-19T13:38:10","guid":{"rendered":"https:\/\/www.europesays.com\/fr\/36610\/"},"modified":"2025-04-19T13:38:10","modified_gmt":"2025-04-19T13:38:10","slug":"200-km-de-bouchons-enregistres","status":"publish","type":"post","link":"https:\/\/www.europesays.com\/fr\/36610\/","title":{"rendered":"200 km de bouchons enregistr\u00e9s"},"content":{"rendered":"<p>            Par<br \/>\n        <strong><br \/>\n            <a href=\"https:\/\/actu.fr\/auteur\/sarah-coulet\" title=\"Consulter tous les articles de Sarah Coulet\" target=\"_blank\" rel=\"noopener\">Sarah Coulet<\/a><br \/>\n        <\/strong><\/p>\n<p>        Publi\u00e9 le<\/p>\n<p>            18 avr. 2025 \u00e0 15h26        <\/p>\n<p>Il avait class\u00e9 toute la France en rouge et pr\u00e9vu <a href=\"https:\/\/actu.fr\/ile-de-france\/paris_75056\/week-end-de-paques-bison-fute-prevoit-un-trafic-tres-difficile-sur-les-routes-de-paris-et-d-ile-de-france_62520047.html\" target=\"_blank\" rel=\"noopener\">une circulation \u00ab\u2009tr\u00e8s difficile\u2009\u00bb<\/a>. <a href=\"https:\/\/actu.fr\/tag\/bison-fute\" target=\"_blank\" rel=\"noopener\">Bison Fut\u00e9<\/a> avait vu juste. Ce vendredi 18\u00a0avril 2025, des <strong>embouteillages<\/strong> bien sup\u00e9rieurs \u00e0 la moyenne ont \u00e9t\u00e9 enregistr\u00e9s sur les routes de Paris et d\u2019\u00cele-de-France.<\/p>\n<p>Niveau \u00ab\u2009exceptionnel\u2009\u00bb<\/p>\n<p class=\" wall-content\">D\u2019apr\u00e8s Sytadin.fr, d\u00e8s 11\u00a0heures le trafic commenc\u00e9 \u00e0 \u00eatre bien <strong>plus dense que d\u2019habitude<\/strong> avec 150\u00a0km de bouchons enregistr\u00e9s contre 50 une journ\u00e9e classique. La circulation n\u2019a eu de cesse de s\u2019intensifier au fil des heures pour atteindre un pic aux alentours de midi, d\u00e9passant largement le niveau \u00ab\u2009exceptionnel\u2009\u00bb jusqu\u2019\u00e0 atteindre 230\u00a0km.<\/p>\n<p class=\" wall-content\">Depuis, les routes sont toujours extr\u00eamement fr\u00e9quent\u00e9es et les bouchons cumul\u00e9s sont, \u00e0 15\u00a0heures, aux alentours de <strong>215\u00a0km<\/strong>.\u00a0Une situation qui ne devrait pas s\u2019am\u00e9liorer de sit\u00f4t. Pour rappel, Bison Fut\u00e9 pr\u00e9voit une augmentation du trafic en milieu d\u2019apr\u00e8s-midi, \u00ab\u2009sur les autoroutes A10 et A6\u2009\u00bb, notamment en raison des trajets \u00ab\u2009domicile-travail\u2009\u00bb qui pourrait entra\u00eener \u00ab\u2009des difficult\u00e9s de circulation persistant jusqu\u2019en d\u00e9but de soir\u00e9e\u2009\u00bb.<\/p>\n<p class=\" wall-content\">Suivez toute l\u2019actualit\u00e9 de vos villes et m\u00e9dias favoris en vous inscrivant \u00e0 <a href=\"https:\/\/moncompte.actu.fr\" title=\"D\u00e9couvez Mon Actu\" rel=\"nofollow noopener\" data-trk=\"{&quot;cta&quot;:{&quot;action&quot;:&quot;https:\\\/\\\/moncompte.actu.fr&quot;,&quot;category&quot;:&quot;mon compte&quot;,&quot;from&quot;:&quot;article footer&quot;,&quot;name&quot;:&quot;Mon actu&quot;,&quot;type&quot;:&quot;cta&quot;}}\" target=\"_blank\">Mon Actu<\/a>.<\/p>\n","protected":false},"excerpt":{"rendered":"Par Sarah Coulet Publi\u00e9 le 18 avr. 2025 \u00e0 15h26 Il avait class\u00e9 toute la France en rouge&hellip;\n","protected":false},"author":2,"featured_media":27939,"comment_status":"","ping_status":"","sticky":false,"template":"","format":"standard","meta":{"footnotes":""},"categories":[1592],"tags":[1111,11,6427,3542,1777,674,1011,27,662,12,626,25,104],"class_list":{"0":"post-36610","1":"post","2":"type-post","3":"status-publish","4":"format-standard","5":"has-post-thumbnail","7":"category-ile-de-france","8":"tag-actu","9":"tag-actualites","10":"tag-bison-fute","11":"tag-circulation","12":"tag-eu","13":"tag-europe","14":"tag-fr","15":"tag-france","16":"tag-ile-de-france","17":"tag-news","18":"tag-paris","19":"tag-republique-francaise","20":"tag-societe"},"share_on_mastodon":{"url":"https:\/\/pubeurope.com\/@fr\/114364907765675222","error":""},"_links":{"self":[{"href":"https:\/\/www.europesays.com\/fr\/wp-json\/wp\/v2\/posts\/36610","targetHints":{"allow":["GET"]}}],"collection":[{"href":"https:\/\/www.europesays.com\/fr\/wp-json\/wp\/v2\/posts"}],"about":[{"href":"https:\/\/www.europesays.com\/fr\/wp-json\/wp\/v2\/types\/post"}],"author":[{"embeddable":true,"href":"https:\/\/www.europesays.com\/fr\/wp-json\/wp\/v2\/users\/2"}],"replies":[{"embeddable":true,"href":"https:\/\/www.europesays.com\/fr\/wp-json\/wp\/v2\/comments?post=36610"}],"version-history":[{"count":0,"href":"https:\/\/www.europesays.com\/fr\/wp-json\/wp\/v2\/posts\/36610\/revisions"}],"wp:featuredmedia":[{"embeddable":true,"href":"https:\/\/www.europesays.com\/fr\/wp-json\/wp\/v2\/media\/27939"}],"wp:attachment":[{"href":"https:\/\/www.europesays.com\/fr\/wp-json\/wp\/v2\/media?parent=36610"}],"wp:term":[{"taxonomy":"category","embeddable":true,"href":"https:\/\/www.europesays.com\/fr\/wp-json\/wp\/v2\/categories?post=36610"},{"taxonomy":"post_tag","embeddable":true,"href":"https:\/\/www.europesays.com\/fr\/wp-json\/wp\/v2\/tags?post=36610"}],"curies":[{"name":"wp","href":"https:\/\/api.w.org\/{rel}","templated":true}]}}