{"id":366100,"date":"2025-09-04T16:36:12","date_gmt":"2025-09-04T16:36:12","guid":{"rendered":"https:\/\/www.europesays.com\/fr\/366100\/"},"modified":"2025-09-04T16:36:12","modified_gmt":"2025-09-04T16:36:12","slug":"guerre-en-ukraine-soutien-de-la-france-position-des-americains-russie-sous-pression-ce-que-les-europeens-et-trump-se-sont-dit-ce-jeudi","status":"publish","type":"post","link":"https:\/\/www.europesays.com\/fr\/366100\/","title":{"rendered":"Guerre en Ukraine\u00a0: soutien de la France, position des Am\u00e9ricains, Russie sous pression\u2026 ce que les Europ\u00e9ens et Trump se sont dit ce jeudi"},"content":{"rendered":"<p>\n                                                                Vingt-six pays se sont engag\u00e9s \u00e0 soutenir militairement l\u2019Ukraine \u00e0 l\u2019issue du conflit, a annonc\u00e9 le pr\u00e9sident Macron en conf\u00e9rence de presse ce jeudi 4\u00a0septembre. La position des \u00c9tats-Unis reste cependant ambigu\u00eb.\n                            <\/p>\n<p>Vingt-six pays, essentiellement europ\u00e9ens, se sont \u00ab\u00a0formellement engag\u00e9s\u00a0\u00bb \u00e0 \u00ab\u00a0d\u00e9ployer comme <a href=\"https:\/\/www.midilibre.fr\/2025\/03\/28\/emmanuel-macron-annonce-une-force-de-reassurance-en-ukraine-que-prevoit-concretement-ce-projet-12599748.php\" target=\"_blank\" rel=\"nofollow noopener\">force de r\u00e9assurance des troupes<\/a> en Ukraine ou \u00e0 \u00eatre pr\u00e9sents sur le sol, en mer ou dans les airs\u00a0\u00bb, a d\u00e9clar\u00e9\u00a0Emmanuel Macron au cours d\u2019une conf\u00e9rence de presse \u00e0 Paris, jeudi 4\u00a0septembre,<a href=\"https:\/\/www.midilibre.fr\/2025\/09\/04\/guerre-en-ukraine-engagement-americain-garanties-de-securite-quattendre-de-la-reunion-a-paris-ce-jeudi-12909983.php\" target=\"_blank\" rel=\"nofollow noopener\"> \u00e0 l\u2019issue d\u2019un sommet de la Coalition des volontaires<\/a>, qu\u2019il dirige avec le Premier ministre britannique Keir Starmer.<\/p>\n<p>En vertu de ces plans, dont il a refus\u00e9 de donner le d\u00e9tail et de pr\u00e9ciser les contributions pays par pays, \u00ab\u00a0le jour o\u00f9 le conflit s\u2019arr\u00eate, les garanties de s\u00e9curit\u00e9 se d\u00e9ploient\u00a0\u00bb, a-t-il expliqu\u00e9, que ce soit via un<a href=\"https:\/\/www.midilibre.fr\/2025\/08\/17\/guerre-en-ukraine-lidee-dun-cessez-le-feu-ecartee-trump-pousse-zelensky-a-negocier-ce-que-lon-sait-des-discussions-lors-du-sommet-12880300.php\" target=\"_blank\" rel=\"nofollow noopener\"> \u00ab\u00a0cessez-le-feu\u00a0\u00bb, <\/a>un \u00ab\u00a0armistice\u00a0\u00bb ou un \u00ab\u00a0trait\u00e9 de paix\u00a0\u00bb. Il ne s\u2019agit donc pas \u00ab\u00a0de mener quelque guerre contre la Russie\u00a0\u00bb mais de la dissuader d\u2019attaquer \u00e0 nouveau l\u2019Ukraine \u00e0 l\u2019avenir.<\/p>\n<p>Positions allemande et italienne<\/p>\n<p><a href=\"https:\/\/www.midilibre.fr\/2025\/09\/04\/guerre-en-ukraine-engagement-americain-garanties-de-securite-quattendre-de-la-reunion-a-paris-ce-jeudi-12909983.php\" target=\"_blank\" rel=\"nofollow noopener\">Emmanuel Macron <\/a>a assur\u00e9 que l\u2019Allemagne, l\u2019Italie et la Pologne \u00e9taient des <a href=\"https:\/\/www.midilibre.fr\/2023\/07\/09\/guerre-en-ukraine-france-italie-japon-quels-pays-ont-verse-le-plus-dargent-a-lukraine-depuis-le-debut-du-conflit-11331354.php\" target=\"_blank\" rel=\"nofollow noopener\">\u00ab\u00a0contributeurs importants\u00a0\u00bb<\/a> parmi les 26. Ces trois poids lourds europ\u00e9ens avaient \u00e9mis des r\u00e9serves sur un engagement, qu\u2019ils lient notamment \u00e0 un \u00ab\u00a0filet de s\u00e9curit\u00e9\u00a0\u00bb robuste de Washington.<\/p>\n<p>La Premi\u00e8re ministre italienne Giorgia Meloni a d\u2019ailleurs r\u00e9p\u00e9t\u00e9 \u00e0 l\u2019issue de la r\u00e9union que Rome n\u2019enverrait pas de troupes en Ukraine. L\u2019Allemagne entend quant \u00e0 elle plut\u00f4t participer au renforcement de la d\u00e9fense antia\u00e9rienne de l\u2019Ukraine et \u00e0 l\u2019\u00e9quipement de ses forces terrestres, ont dit des sources gouvernementales \u00e0 l\u2019AFP.<\/p>\n<p>Des discussions avec le pr\u00e9sident Trump<\/p>\n<p>Le soutien ou \u00ab\u00a0backstop\u00a0\u00bb am\u00e9ricain \u00e9tait l\u2019enjeu d\u2019une visioconf\u00e9rence avec le pr\u00e9sident Donald Trump dans la foul\u00e9e du sommet, auquel a aussi en partie pris part son \u00e9missaire sp\u00e9cial Steve Witkoff, pr\u00e9sent au palais de l\u2019Elys\u00e9e. Aucune annonce n\u2019a \u00e9t\u00e9 faite \u00e0 cet \u00e9gard. \u00ab\u00a0Nous comptons sur le backstop des \u00c9tats-Unis\u00a0\u00bb, a r\u00e9p\u00e9t\u00e9 le pr\u00e9sident ukrainien Volodymyr Zelensky pendant la m\u00eame conf\u00e9rence de presse.<\/p>\n<p>Les dirigeants europ\u00e9ens ont fait part au pr\u00e9sident am\u00e9ricain de \u00ab\u00a0leur espoir que les \u00c9tats-Unis contribueraient de mani\u00e8re substantielle\u00a0\u00bb, s\u2019est aussi born\u00e9 \u00e0 rapporter le porte-parole du chancelier allemand Friedrich Merz. Emmanuel Macron s\u2019est voulu plus optimiste. Il a assur\u00e9 que le \u00ab\u00a0soutien am\u00e9ricain\u00a0\u00bb \u00e0 ces \u00ab\u00a0garanties de s\u00e9curit\u00e9\u00a0\u00bb pour Kiev serait finalis\u00e9 \u00ab\u00a0dans les prochains jours\u00a0\u00bb et que les Am\u00e9ricains avaient \u00ab\u00a0\u00e9t\u00e9 tr\u00e8s clairs\u00a0\u00bb sur leur participation. \u00ab\u00a0Il n\u2019y a pas de doute sur ce sujet\u00a0\u00bb, a-t-il martel\u00e9.<\/p>\n<p>\u00ab\u00a0Augmenter la pression\u00a0\u00bb sur la Russie<\/p>\n<p>La r\u00e9union qui se d\u00e9roulait au palais pr\u00e9sidentiel fran\u00e7ais mais aussi par visioconf\u00e9rence a \u00e9t\u00e9 l\u2019occasion pour les Europ\u00e9ens de r\u00e9affirmer leur volont\u00e9 de tout faire pour pousser la Russie \u00e0 n\u00e9gocier. Keir Starmer a ainsi soulign\u00e9 qu\u2019il \u00e9tait \u00ab\u00a0n\u00e9cessaire d\u2019augmenter la pression\u00a0\u00bb sur le pr\u00e9sident russe Vladimir Poutine qui \u00ab\u00a0continue \u00e0 repousser des n\u00e9gociations de paix et \u00e0 mener<a href=\"https:\/\/www.midilibre.fr\/2025\/08\/17\/guerre-en-ukraine-lidee-dun-cessez-le-feu-ecartee-trump-pousse-zelensky-a-negocier-ce-que-lon-sait-des-discussions-lors-du-sommet-12880300.php\" target=\"_blank\" rel=\"nofollow noopener\"> des attaques scandaleuses sur l\u2019Ukraine<\/a><a href=\"https:\/\/www.midilibre.fr\/2025\/08\/17\/guerre-en-ukraine-lidee-dun-cessez-le-feu-ecartee-trump-pousse-zelensky-a-negocier-ce-que-lon-sait-des-discussions-lors-du-sommet-12880300.php\" target=\"_blank\" rel=\"nofollow noopener\">\u00ab\u00a0, <\/a>selon un porte-parole \u00e0 Londres.<\/p>\n<p>\u00c0 la cl\u00f4ture des travaux, Emmanuel Macron a aussi assur\u00e9 que les Europ\u00e9ens prendraient de nouvelles sanctions \u00ab\u00a0en lien avec les \u00c9tats-Unis\u00a0\u00bb si Moscou continuait de refuser la paix.\u00a0Il a \u00e9voqu\u00e9 un \u00ab\u00a0travail conjoint\u00a0\u00bb avec Washington, concernant aussi des mesures punitives contre les pays \u00ab\u00a0qui soutiennent\u00a0\u00bb l\u2019\u00e9conomie russe ou aident la Russie \u00e0 \u00ab\u00a0contourner les sanctions\u00a0\u00bb \u2013 \u00ab\u00a0et \u00e0 ce titre, la Chine a \u00e9t\u00e9 \u00e9voqu\u00e9e\u00a0\u00bb, a-t-il ajout\u00e9 sans plus de pr\u00e9cisions.<\/p>\n<p>Mais les Europ\u00e9ens r\u00e9clament ces sanctions am\u00e9ricaines depuis des mois, jusqu\u2019ici sans succ\u00e8s. Donald Trump, se disant \u00ab\u00a0tr\u00e8s d\u00e9\u00e7u\u00a0\u00bb par son homologue russe, avait averti mercredi qu\u2019il \u00ab\u00a0se passerait quelque chose\u00a0\u00bb si Moscou ne r\u00e9pondait pas \u00e0 ses attentes de paix, laissant entier le suspense. Le pr\u00e9sident am\u00e9ricain \u00ab\u00a0est tr\u00e8s m\u00e9content que du p\u00e9trole russe soit achet\u00e9 par l\u2019Europe\u00a0\u00bb, a aussi soulign\u00e9 jeudi Volodymyr Zelensky, citant la Slovaquie et la Hongrie.<\/p>\n<p>\u00ab\u00a0Garanties de danger pour l\u2019Europe\u00a0\u00bb<\/p>\n<p>En face, la Russie mart\u00e8le qu\u2019elle n\u2019acceptera aucune \u00ab\u00a0intervention \u00e9trang\u00e8re quelle qu\u2019en soit la forme\u00a0\u00bb, la porte-parole de sa diplomatie Maria Zakharova qualifiant les protections demand\u00e9es par Kiev de \u00ab\u00a0garanties de danger pour le continent europ\u00e9en\u00a0\u00bb.<\/p>\n<p>\u00ab\u00a0Ce n\u2019est pas \u00e0 eux de d\u00e9cider\u00a0\u00bb, a r\u00e9torqu\u00e9 jeudi Mark Rutte au nom de l\u2019Otan, dont il est le secr\u00e9taire g\u00e9n\u00e9ral.<\/p>\n<p>Donald Trump avait promis, au cours d\u2019une r\u00e9union avec six dirigeants europ\u00e9ens le 18\u00a0ao\u00fbt \u00e0 Washington que les \u00c9tats-Unis apporteraient des garanties de s\u00e9curit\u00e9, sans pr\u00e9ciser lesquelles. Ce \u00ab\u00a0filet de s\u00e9curit\u00e9\u00a0\u00bb am\u00e9ricain, ou \u00ab\u00a0backstop\u00a0\u00bb en anglais, pourrait prendre diff\u00e9rentes formes \u2013 renseignement, soutien logistique, communications \u2013, le pr\u00e9sident am\u00e9ricain ayant exclu l\u2019envoi par les \u00c9tats-Unis de troupes au sol.<\/p>\n","protected":false},"excerpt":{"rendered":"Vingt-six pays se sont engag\u00e9s \u00e0 soutenir militairement l\u2019Ukraine \u00e0 l\u2019issue du conflit, a annonc\u00e9 le pr\u00e9sident Macron&hellip;\n","protected":false},"author":2,"featured_media":366101,"comment_status":"","ping_status":"","sticky":false,"template":"","format":"standard","meta":{"footnotes":""},"categories":[1590],"tags":[11,1777,674,12,220],"class_list":{"0":"post-366100","1":"post","2":"type-post","3":"status-publish","4":"format-standard","5":"has-post-thumbnail","7":"category-ukraine","8":"tag-actualites","9":"tag-eu","10":"tag-europe","11":"tag-news","12":"tag-ukraine"},"share_on_mastodon":{"url":"https:\/\/pubeurope.com\/@fr\/115147006785701685","error":""},"_links":{"self":[{"href":"https:\/\/www.europesays.com\/fr\/wp-json\/wp\/v2\/posts\/366100","targetHints":{"allow":["GET"]}}],"collection":[{"href":"https:\/\/www.europesays.com\/fr\/wp-json\/wp\/v2\/posts"}],"about":[{"href":"https:\/\/www.europesays.com\/fr\/wp-json\/wp\/v2\/types\/post"}],"author":[{"embeddable":true,"href":"https:\/\/www.europesays.com\/fr\/wp-json\/wp\/v2\/users\/2"}],"replies":[{"embeddable":true,"href":"https:\/\/www.europesays.com\/fr\/wp-json\/wp\/v2\/comments?post=366100"}],"version-history":[{"count":0,"href":"https:\/\/www.europesays.com\/fr\/wp-json\/wp\/v2\/posts\/366100\/revisions"}],"wp:featuredmedia":[{"embeddable":true,"href":"https:\/\/www.europesays.com\/fr\/wp-json\/wp\/v2\/media\/366101"}],"wp:attachment":[{"href":"https:\/\/www.europesays.com\/fr\/wp-json\/wp\/v2\/media?parent=366100"}],"wp:term":[{"taxonomy":"category","embeddable":true,"href":"https:\/\/www.europesays.com\/fr\/wp-json\/wp\/v2\/categories?post=366100"},{"taxonomy":"post_tag","embeddable":true,"href":"https:\/\/www.europesays.com\/fr\/wp-json\/wp\/v2\/tags?post=366100"}],"curies":[{"name":"wp","href":"https:\/\/api.w.org\/{rel}","templated":true}]}}