{"id":366102,"date":"2025-09-04T16:37:16","date_gmt":"2025-09-04T16:37:16","guid":{"rendered":"https:\/\/www.europesays.com\/fr\/366102\/"},"modified":"2025-09-04T16:37:16","modified_gmt":"2025-09-04T16:37:16","slug":"usa-personne-ne-ma-demande-de-mengager-a-reduire-les-taux-dit-stephen-miran-au-senat","status":"publish","type":"post","link":"https:\/\/www.europesays.com\/fr\/366102\/","title":{"rendered":"USA-Personne ne m&rsquo;a demand\u00e9 de m&rsquo;engager \u00e0 r\u00e9duire les taux, dit Stephen Miran au S\u00e9nat"},"content":{"rendered":"<td class=\"is__realtime px-5\">\n<tr wp_automatic_readability=\"2\">\n<td colspan=\"3\" class=\"is__realtime-quality js-next-event-quotes\" data-next-event=\"2025-09-04T01:59:58+02:00\">\n<p>                                                    Temps r\u00e9el estim\u00e9<br \/>\n                                            TTMZero<\/p>\n<p>18:36:19 04\/09\/2025<\/p>\n<\/td>\n<td class=\"txt-align-center is__realtime-quality c-none cm-table\">\n                            Varia. 5j.\n                        <\/td>\n<td class=\"txt-align-center is__realtime-quality\">\n                            Varia. 1 janv.\n                        <\/td>\n<\/tr>\n<tr>\n<td class=\"txt-s7 is__realtime-last txt-align-left\">\n<p>1,1639                        USD\n                                    <\/td>\n<td class=\"txt-s7 is__realtime-var txt-align-left\">\n                                             -0,19%\n                                    <\/td>\n<td class=\"table-child--middle c-none cs-table table-child--no-pad\">\n                                                <img loading=\"lazy\" decoding=\"async\" style=\"vertical-align: middle\" width=\"120\" height=\"45\" alt=\"Graphique intraday de Euro \/ US Dollar (EUR\/USD)\" src=\"https:\/\/www.zonebourse.com\/zbcache\/charts\/ObjectChart.aspx?Name=4591&amp;Type=Intraday&amp;Width=120&amp;Height=45&amp;ShowAxis=0&amp;DTstart=2025-09-04&amp;Render=Line&amp;BottomMargin=3&amp;TopMargin=5&amp;Prev=1.16607&amp;TIMEZONE=Europe\/Paris\" onerror=\"this.style.display='none'\"\/>                    <\/td>\n<td class=\"txt-s4 txt-align-center c-none cm-table\">\n                             -0,33%\n                        <\/td>\n<td class=\"txt-s4 txt-align-center\">\n                                                             +12,45%\n                                                    <\/td>\n<\/tr>\n<p class=\"m-0 txt-s1\">Publi\u00e9 le 04\/09\/2025<br \/>\n            \u00e0 17:54    &#8211; Modifi\u00e9 le 04\/09\/2025<br \/>\n            \u00e0 17:54<\/p>\n<p>\n                                            Reuters\n                                                        <\/p>\n<p><img decoding=\"async\" src=\"https:\/\/www.europesays.com\/fr\/wp-content\/uploads\/2025\/09\/2016-10-19T094319Z_1_LYNXNPEC9I0JR_RTROPTP_2_EUROZONE-BONDS-SECURITISATION.JPG\" alt=\"USA-Personne ne m'a demand\u00e9 de m'engager \u00e0 r\u00e9duire les taux, dit Stephen Miran au S\u00e9nat\" class=\"w-100 media--169 \" data-zoomable=\"true\" data-zoomable-url=\"\/\/img.zonebourse.com\/reuters\/2016-10\/2016-10-19T094319Z_1_LYNXNPEC9I0JR_RTROPTP_2_EUROZONE-BONDS-SECURITISATION.JPG\"\/>]]]]>]]><\/p>\n<p>D\u00e9bloquer l&rsquo;article : INSCRIVEZ-VOUS !<\/p>\n<p><img decoding=\"async\" src=\"https:\/\/www.europesays.com\/fr\/wp-content\/uploads\/2025\/04\/reuters.jpg\" alt=\"Reuters logo\" class=\"c-block ml-auto\"\/><br \/>\n                    \u00a9 Reuters &#8211; 2025<\/p>\n<tr class=\"\" wp_automatic_readability=\"0.20769230769231\">\n<td class=\"w-100\"><a href=\"https:\/\/ch.zonebourse.com\/actualite-bourse\/le-cuivre-recule-sous-l-effet-d-un-dollar-ferme-et-de-prises-de-benefices-avant-des-donnees-americai-ce7d59d8d98bf624\" class=\"txt-- txt-overflow-2 link link--no-underline my-5 my-m-0 txt-m-inline\" rel=\"nofollow noopener\" target=\"_blank\"><\/p>\n<p>Le cuivre recule sous l&rsquo;effet d&rsquo;un dollar ferme et de prises de b\u00e9n\u00e9fices avant la publication de donn\u00e9es am\u00e9ricaines<\/p>\n<p>                        <\/a><\/td>\n<td class=\"table-child--right  table-child--nowrap table-child--w100 txt-s1\">\n    18:32<\/td>\n<td class=\"table-child--right table-child--w40 c-none cm-table\">\n                                    RE\n                        <\/td>\n<\/tr>\n<tr class=\"\" wp_automatic_readability=\"0.30337078651685\">\n<td class=\"w-100\"><a href=\"https:\/\/ch.zonebourse.com\/actualite-bourse\/les-bourses-mondiales-dans-le-vert-l-emploi-americain-au-centre-de-l-attention-ce7d59d8dd8efe20\" class=\"txt-- txt-overflow-2 link link--no-underline my-5 my-m-0 txt-m-inline\" rel=\"nofollow noopener\" target=\"_blank\"><\/p>\n<p>Les Bourses mondiales dans le vert, l&#8217;emploi am\u00e9ricain au centre de l&rsquo;attention<\/p>\n<p>                        <\/a><\/td>\n<td class=\"table-child--right  table-child--nowrap table-child--w100 txt-s1\">\n    18:07<\/td>\n<td class=\"table-child--right table-child--w40 c-none cm-table\">\n                                    AW\n                        <\/td>\n<\/tr>\n<tr class=\"\" wp_automatic_readability=\"0.25174825174825\">\n<td class=\"w-100\"><a href=\"https:\/\/ch.zonebourse.com\/actualite-bourse\/le-departement-de-la-justice-des-etats-unis-ouvre-une-enquete-criminelle-pour-fraude-hypothecaire-vi-ce7d59d8da80f420\" class=\"txt-- txt-overflow-2 link link--no-underline my-5 my-m-0 txt-m-inline\" rel=\"nofollow noopener\" target=\"_blank\"><\/p>\n<p>Le minist\u00e8re de la Justice am\u00e9ricain ouvre une enqu\u00eate p\u00e9nale pour fraude hypoth\u00e9caire visant la gouverneure de la Fed, Lisa Cook<\/p>\n<p>                        <\/a><\/td>\n<td class=\"table-child--right  table-child--nowrap table-child--w100 txt-s1\">\n    18:05<\/td>\n<td class=\"table-child--right table-child--w40 c-none cm-table\">\n                                    RE\n                        <\/td>\n<\/tr>\n<tr class=\"\" wp_automatic_readability=\"0.15789473684211\">\n<td class=\"w-100\"><a href=\"https:\/\/ch.zonebourse.com\/actualite-bourse\/wall-street-la-hausse-s-impose-apres-deux-statistiques-sur-l-emploi-ce7d59d8dd8ef325\" class=\"txt-- txt-overflow-2 link link--no-underline my-5 my-m-0 txt-m-inline\" rel=\"nofollow noopener\" target=\"_blank\"><\/p>\n<p>Wall Street : la hausse s&rsquo;impose apr\u00e8s deux statistiques sur l&#8217;emploi<\/p>\n<p>                        <\/a><\/td>\n<td class=\"table-child--right  table-child--nowrap table-child--w100 txt-s1\">\n    18:04<\/td>\n<td class=\"table-child--right table-child--w40 c-none cm-table\"><img loading=\"lazy\" decoding=\"async\" src=\"https:\/\/www.europesays.com\/fr\/wp-content\/uploads\/2025\/05\/logo_at.gif\" width=\"14\" height=\"8\" alt=\"Zonebourse\"\/><\/td>\n<\/tr>\n<tr class=\"\" wp_automatic_readability=\"0.16\">\n<td class=\"w-100\"><a href=\"https:\/\/ch.zonebourse.com\/actualite-bourse\/paris-en-leger-repli-malgre-une-nette-detente-des-taux-dans-l-ue-ce7d59d8dd8ff621\" class=\"txt-- txt-overflow-2 link link--no-underline my-5 my-m-0 txt-m-inline\" rel=\"nofollow noopener\" target=\"_blank\"><\/p>\n<p>Paris : en l\u00e9ger repli malgr\u00e9 une nette d\u00e9tente des taux dans l&rsquo;UE<\/p>\n<p>                        <\/a><\/td>\n<td class=\"table-child--right  table-child--nowrap table-child--w100 txt-s1\">\n    17:56<\/td>\n<td class=\"table-child--right table-child--w40 c-none cm-table\"><img loading=\"lazy\" decoding=\"async\" src=\"https:\/\/www.europesays.com\/fr\/wp-content\/uploads\/2025\/05\/logo_at.gif\" width=\"14\" height=\"8\" alt=\"Zonebourse\"\/><\/td>\n<\/tr>\n<tr class=\"\" wp_automatic_readability=\"0.25423728813559\">\n<td class=\"w-100\"><a href=\"https:\/\/ch.zonebourse.com\/actualite-bourse\/le-candidat-de-trump-a-la-fed-stephen-miran-le-renforcement-de-la-frontiere-americaine-est-defl-ce7d59d8dd8ff624\" class=\"txt-- txt-overflow-2 link link--no-underline my-5 my-m-0 txt-m-inline\" rel=\"nofollow noopener\" target=\"_blank\"><\/p>\n<p>Le candidat de Trump \u00e0 la Fed, Stephen Miran : le renforcement de la fronti\u00e8re am\u00e9ricaine est \u00ab d\u00e9flationniste \u00bb, les droits de douane ne sont pas inflationnistes<\/p>\n<p>                        <\/a><\/td>\n<td class=\"table-child--right  table-child--nowrap table-child--w100 txt-s1\">\n    17:55<\/td>\n<td class=\"table-child--right table-child--w40 c-none cm-table\">\n                                    RE\n                        <\/td>\n<\/tr>\n<tr class=\"\" wp_automatic_readability=\"0.27\">\n<td class=\"w-100\"><a href=\"https:\/\/ch.zonebourse.com\/actualite-bourse\/usa-personne-ne-m-a-demande-de-m-engager-a-reduire-les-taux-dit-stephen-miran-au-senat-ce7d59d8dd8ff724\" class=\"txt-- txt-overflow-2 link link--no-underline my-5 my-m-0 txt-m-inline\" rel=\"nofollow noopener\" target=\"_blank\"><\/p>\n<p>USA-Personne ne m&rsquo;a demand\u00e9 de m&rsquo;engager \u00e0 r\u00e9duire les taux, dit Stephen Miran au S\u00e9nat<\/p>\n<p>                        <\/a><\/td>\n<td class=\"table-child--right  table-child--nowrap table-child--w100 txt-s1\">\n    17:54<\/td>\n<td class=\"table-child--right table-child--w40 c-none cm-table\">\n                                    RE\n                        <\/td>\n<\/tr>\n<tr class=\"\" wp_automatic_readability=\"0.25233644859813\">\n<td class=\"w-100\"><a href=\"https:\/\/ch.zonebourse.com\/actualite-bourse\/l-or-recule-apres-un-rallye-record-les-marches-attendent-le-rapport-sur-l-emploi-americain-ce7d59d8da8bf225\" class=\"txt-- txt-overflow-2 link link--no-underline my-5 my-m-0 txt-m-inline\" rel=\"nofollow noopener\" target=\"_blank\"><\/p>\n<p>L&rsquo;or recule apr\u00e8s un rallye record, les march\u00e9s tourn\u00e9s vers le rapport sur l&#8217;emploi am\u00e9ricain<\/p>\n<p>                        <\/a><\/td>\n<td class=\"table-child--right  table-child--nowrap table-child--w100 txt-s1\">\n    17:48<\/td>\n<td class=\"table-child--right table-child--w40 c-none cm-table\">\n                                    RE\n                        <\/td>\n<\/tr>\n<tr class=\"\" wp_automatic_readability=\"0.26865671641791\">\n<td class=\"w-100\"><a href=\"https:\/\/ch.zonebourse.com\/actualite-bourse\/miran-affirme-vouloir-preserver-l-independance-de-la-fed-ce7d59d8dd8bff23\" class=\"txt-- txt-overflow-2 link link--no-underline my-5 my-m-0 txt-m-inline\" rel=\"nofollow noopener\" target=\"_blank\"><\/p>\n<p>Miran affirme vouloir pr\u00e9server l&rsquo;ind\u00e9pendance de la Fed<\/p>\n<p>                        <\/a><\/td>\n<td class=\"table-child--right  table-child--nowrap table-child--w100 txt-s1\">\n    17:31<\/td>\n<td class=\"table-child--right table-child--w40 c-none cm-table\">\n                                    MT\n                        <\/td>\n<\/tr>\n<tr class=\"\" wp_automatic_readability=\"0.22222222222222\">\n<td class=\"w-100\"><a href=\"https:\/\/ch.zonebourse.com\/actualite-bourse\/le-candidat-de-trump-a-la-fed-assure-qu-il-agira-en-toute-independance-ce7d59d8dd8bf12c\" class=\"txt-- txt-overflow-2 link link--no-underline my-5 my-m-0 txt-m-inline\" rel=\"nofollow noopener\" target=\"_blank\"><\/p>\n<p>Le candidat de Trump \u00e0 la Fed assure qu&rsquo;il agira en toute ind\u00e9pendance<\/p>\n<p>                        <\/a><\/td>\n<td class=\"table-child--right  table-child--nowrap table-child--w100 txt-s1\">\n    17:29<\/td>\n<td class=\"table-child--right table-child--w40 c-none cm-table\">\n                                    AW\n                        <\/td>\n<\/tr>\n<tr class=\"\" wp_automatic_readability=\"0.25\">\n<td class=\"w-100\"><a href=\"https:\/\/ch.zonebourse.com\/actualite-bourse\/enquete-la-bce-en-a-fini-avec-la-baisse-des-taux-economistes-ce7d59d8dd8bf521\" class=\"txt-- txt-overflow-2 link link--no-underline my-5 my-m-0 txt-m-inline\" rel=\"nofollow noopener\" target=\"_blank\"><\/p>\n<p>Enquete-La BCE en a fini avec la baisse des taux &#8211; \u00e9conomistes  <\/p>\n<p>                        <\/a><\/td>\n<td class=\"table-child--right  table-child--nowrap table-child--w100 txt-s1\">\n    17:24<\/td>\n<td class=\"table-child--right table-child--w40 c-none cm-table\">\n                                    RE\n                        <\/td>\n<\/tr>\n<tr class=\"\" wp_automatic_readability=\"0.40909090909091\">\n<td class=\"w-100\"><a href=\"https:\/\/ch.zonebourse.com\/actualite-bourse\/le-candidat-a-la-fed-miran-affirme-n-avoir-recu-aucune-demande-d-engagement-pour-baisser-les-taux-ce7d59d8dd8bf723\" class=\"txt-- txt-overflow-2 link link--no-underline my-5 my-m-0 txt-m-inline\" rel=\"nofollow noopener\" target=\"_blank\"><\/p>\n<p>Le candidat \u00e0 la Fed, Miran, affirme n&rsquo;avoir re\u00e7u aucune demande d&rsquo;engagement pour baisser les taux<\/p>\n<p>                        <\/a><\/td>\n<td class=\"table-child--right  table-child--nowrap table-child--w100 txt-s1\">\n    17:19<\/td>\n<td class=\"table-child--right table-child--w40 c-none cm-table\">\n                                    RE\n                        <\/td>\n<\/tr>\n<tr class=\"\" wp_automatic_readability=\"0.32926829268293\">\n<td class=\"w-100\"><a href=\"https:\/\/ch.zonebourse.com\/actualite-bourse\/l-emploi-prive-americain-progresse-moins-que-prevu-en-aout-selon-adp-ce7d59d8dd88f42c\" class=\"txt-- txt-overflow-2 link link--no-underline my-5 my-m-0 txt-m-inline\" rel=\"nofollow noopener\" target=\"_blank\"><\/p>\n<p>L&#8217;emploi priv\u00e9 am\u00e9ricain progresse moins que pr\u00e9vu en ao\u00fbt, selon ADP<\/p>\n<p>                        <\/a><\/td>\n<td class=\"table-child--right  table-child--nowrap table-child--w100 txt-s1\">\n    17:12<\/td>\n<td class=\"table-child--right table-child--w40 c-none cm-table\">\n                                    MT\n                        <\/td>\n<\/tr>\n<tr class=\"\" wp_automatic_readability=\"0.28571428571429\">\n<td class=\"w-100\"><a href=\"https:\/\/ch.zonebourse.com\/actualite-bourse\/cac40-en-repli-symbolique-a-l-image-de-w-street-malgre-detente-des-taux-ce7d59d8dd89ff24\" class=\"txt-- txt-overflow-2 link link--no-underline my-5 my-m-0 txt-m-inline\" rel=\"nofollow noopener\" target=\"_blank\"><\/p>\n<p>CAC40 : en repli symbolique, \u00e0 l&rsquo;image de W-Street, malgr\u00e9 d\u00e9tente des taux<\/p>\n<p>                        <\/a><\/td>\n<td class=\"table-child--right  table-child--nowrap table-child--w100 txt-s1\">\n    17:08<\/td>\n<td class=\"table-child--right table-child--w40 c-none cm-table\"><img loading=\"lazy\" decoding=\"async\" src=\"https:\/\/www.europesays.com\/fr\/wp-content\/uploads\/2025\/05\/logo_at.gif\" width=\"14\" height=\"8\" alt=\"Zonebourse\"\/><\/td>\n<\/tr>\n<tr class=\"\" wp_automatic_readability=\"0.24545454545455\">\n<td class=\"w-100\"><a href=\"https:\/\/ch.zonebourse.com\/actualite-bourse\/le-tsx-flirte-avec-un-niveau-record-avant-la-publication-de-donnees-economiques-cles-cette-semaine-ce7d59d8da81fe20\" class=\"txt-- txt-overflow-2 link link--no-underline my-5 my-m-0 txt-m-inline\" rel=\"nofollow noopener\" target=\"_blank\"><\/p>\n<p>Le TSX flirte avec un niveau record avant la publication de donn\u00e9es \u00e9conomiques cl\u00e9s cette semaine<\/p>\n<p>                        <\/a><\/td>\n<td class=\"table-child--right  table-child--nowrap table-child--w100 txt-s1\">\n    16:40<\/td>\n<td class=\"table-child--right table-child--w40 c-none cm-table\">\n                                    RE\n                        <\/td>\n<\/tr>\n<tr class=\"\" wp_automatic_readability=\"0.31578947368421\">\n<td class=\"w-100\"><a href=\"https:\/\/ch.zonebourse.com\/actualite-bourse\/la-reserve-federale-doit-aider-les-etats-unis-a-resoudre-leur-probleme-de-dette-selon-mike-wilson-ce7d59d8da81f427\" class=\"txt-- txt-overflow-2 link link--no-underline my-5 my-m-0 txt-m-inline\" rel=\"nofollow noopener\" target=\"_blank\"><\/p>\n<p>La R\u00e9serve f\u00e9d\u00e9rale doit aider les \u00c9tats-Unis \u00e0 r\u00e9soudre leur probl\u00e8me de dette, selon Mike Wilson<\/p>\n<p>                        <\/a><\/td>\n<td class=\"table-child--right  table-child--nowrap table-child--w100 txt-s1\">\n    16:36<\/td>\n<td class=\"table-child--right table-child--w40 c-none cm-table\">\n                                    MT\n                        <\/td>\n<\/tr>\n<tr class=\"\" wp_automatic_readability=\"0.24\">\n<td class=\"w-100\"><a href=\"https:\/\/ch.zonebourse.com\/actualite-bourse\/usa-legere-acceleration-du-secteur-des-services-en-aout-ism-ce7d59d8da81f52c\" class=\"txt-- txt-overflow-2 link link--no-underline my-5 my-m-0 txt-m-inline\" rel=\"nofollow noopener\" target=\"_blank\"><\/p>\n<p>USA-L\u00e9g\u00e8re acc\u00e9l\u00e9ration du secteur des services en ao\u00fbt &#8211; ISM<\/p>\n<p>                        <\/a><\/td>\n<td class=\"table-child--right  table-child--nowrap table-child--w100 txt-s1\">\n    16:36<\/td>\n<td class=\"table-child--right table-child--w40 c-none cm-table\">\n                                    RE\n                        <\/td>\n<\/tr>\n<tr class=\"\" wp_automatic_readability=\"0.15606936416185\">\n<td class=\"w-100\"><a href=\"https:\/\/ch.zonebourse.com\/actualite-bourse\/le-marche-du-travail-americain-montre-des-signes-de-faiblesse-avec-la-hausse-des-demandes-d-allocati-ce7d59d8da8ef422\" class=\"txt-- txt-overflow-2 link link--no-underline my-5 my-m-0 txt-m-inline\" rel=\"nofollow noopener\" target=\"_blank\"><\/p>\n<p>Le march\u00e9 du travail am\u00e9ricain montre des signes de faiblesse avec la hausse des demandes d&rsquo;allocations ch\u00f4mage et le ralentissement des embauches dans le priv\u00e9<\/p>\n<p>                        <\/a><\/td>\n<td class=\"table-child--right  table-child--nowrap table-child--w100 txt-s1\">\n    16:29<\/td>\n<td class=\"table-child--right table-child--w40 c-none cm-table\">\n                                    RE\n                        <\/td>\n<\/tr>\n<tr class=\"\" wp_automatic_readability=\"0.33962264150943\">\n<td class=\"w-100\"><a href=\"https:\/\/ch.zonebourse.com\/actualite-bourse\/airbus-soutenu-par-une-note-positive-d-ubs-ce7d59d8da8ef326\" class=\"txt-- txt-overflow-2 link link--no-underline my-5 my-m-0 txt-m-inline\" rel=\"nofollow noopener\" target=\"_blank\"><\/p>\n<p>Airbus : soutenu par une note positive d&rsquo;UBS<\/p>\n<p>                        <\/a><\/td>\n<td class=\"table-child--right  table-child--nowrap table-child--w100 txt-s1\">\n    16:26<\/td>\n<td class=\"table-child--right table-child--w40 c-none cm-table\">\n                                    AO\n                        <\/td>\n<\/tr>\n<tr class=\"\" wp_automatic_readability=\"0.19148936170213\">\n<td class=\"w-100\"><a href=\"https:\/\/ch.zonebourse.com\/actualite-bourse\/cac40-en-leger-repli-malgre-une-nette-detente-des-taux-dans-l-ue-w-street-indecis-ce7d59d8da8ef526\" class=\"txt-- txt-overflow-2 link link--no-underline my-5 my-m-0 txt-m-inline\" rel=\"nofollow noopener\" target=\"_blank\"><\/p>\n<p>CAC40 : en l\u00e9ger repli malgr\u00e9 une nette d\u00e9tente des taux dans l&rsquo;UE, W-Street ind\u00e9cis<\/p>\n<p>                        <\/a><\/td>\n<td class=\"table-child--right  table-child--nowrap table-child--w100 txt-s1\">\n    16:24<\/td>\n<td class=\"table-child--right table-child--w40 c-none cm-table\"><img loading=\"lazy\" decoding=\"async\" src=\"https:\/\/www.europesays.com\/fr\/wp-content\/uploads\/2025\/05\/logo_at.gif\" width=\"14\" height=\"8\" alt=\"Zonebourse\"\/><\/td>\n<\/tr>\n<tr class=\"\" wp_automatic_readability=\"0.25471698113208\">\n<td class=\"w-100\"><a href=\"https:\/\/ch.zonebourse.com\/actualite-bourse\/wall-street-reste-atone-apres-des-donnees-decevantes-sur-l-emploi-salesforce-pese-sur-le-dow-ce7d59d8da8ff125\" class=\"txt-- txt-overflow-2 link link--no-underline my-5 my-m-0 txt-m-inline\" rel=\"nofollow noopener\" target=\"_blank\"><\/p>\n<p>Wall Street reste atone apr\u00e8s des donn\u00e9es d\u00e9cevantes sur l&#8217;emploi, Salesforce p\u00e8se sur le Dow<\/p>\n<p>                        <\/a><\/td>\n<td class=\"table-child--right  table-child--nowrap table-child--w100 txt-s1\">\n    16:20<\/td>\n<td class=\"table-child--right table-child--w40 c-none cm-table\">\n                                    RE\n                        <\/td>\n<\/tr>\n<tr class=\"\" wp_automatic_readability=\"0.33962264150943\">\n<td class=\"w-100\"><a href=\"https:\/\/ch.zonebourse.com\/actualite-bourse\/lancelot-sverige-recule-de-3-4-en-aout-penalise-par-des-reactions-negatives-aux-rapports-ce7d59d8da8ff221\" class=\"txt-- txt-overflow-2 link link--no-underline my-5 my-m-0 txt-m-inline\" rel=\"nofollow noopener\" target=\"_blank\"><\/p>\n<p>Lancelot Sverige recule de 3,4\u00a0% en ao\u00fbt, p\u00e9nalis\u00e9 par des r\u00e9actions n\u00e9gatives aux rapports<\/p>\n<p>                        <\/a><\/td>\n<td class=\"table-child--right  table-child--nowrap table-child--w100 txt-s1\">\n    16:20<\/td>\n<td class=\"table-child--right table-child--w40 c-none cm-table\">\n                                    FW\n                        <\/td>\n<\/tr>\n<tr class=\"\" wp_automatic_readability=\"0.27\">\n<td class=\"w-100\"><a href=\"https:\/\/ch.zonebourse.com\/actualite-bourse\/le-secteur-des-services-americain-retrouve-de-l-elan-en-aout-mais-l-emploi-reste-faible-ce7d59d8da8afe22\" class=\"txt-- txt-overflow-2 link link--no-underline my-5 my-m-0 txt-m-inline\" rel=\"nofollow noopener\" target=\"_blank\"><\/p>\n<p>Le secteur des services am\u00e9ricain retrouve de l&rsquo;\u00e9lan en ao\u00fbt, mais l&#8217;emploi reste faible<\/p>\n<p>                        <\/a><\/td>\n<td class=\"table-child--right  table-child--nowrap table-child--w100 txt-s1\">\n    16:08<\/td>\n<td class=\"table-child--right table-child--w40 c-none cm-table\">\n                                    RE\n                        <\/td>\n<\/tr>\n<tr class=\"\" wp_automatic_readability=\"0.2621359223301\">\n<td class=\"w-100\"><a href=\"https:\/\/ch.zonebourse.com\/actualite-bourse\/le-ministere-de-la-justice-ouvre-une-enquete-criminelle-sur-lisa-cook-gouverneure-de-la-fed-ce7d59d8da8cf225\" class=\"txt-- txt-overflow-2 link link--no-underline my-5 my-m-0 txt-m-inline\" rel=\"nofollow noopener\" target=\"_blank\"><\/p>\n<p>Le minist\u00e8re de la Justice ouvre une enqu\u00eate criminelle sur Lisa Cook, gouverneure de la Fed<\/p>\n<p>                        <\/a><\/td>\n<td class=\"table-child--right  table-child--nowrap table-child--w100 txt-s1\">\n    16:07<\/td>\n<td class=\"table-child--right table-child--w40 c-none cm-table\">\n                                    MT\n                        <\/td>\n<\/tr>\n<tr class=\"\" wp_automatic_readability=\"0.34615384615385\">\n<td class=\"w-100\"><a href=\"https:\/\/ch.zonebourse.com\/actualite-bourse\/wall-street-en-petite-hausse-les-yeux-rives-sur-l-emploi-americain-ce7d59d8da8cf52c\" class=\"txt-- txt-overflow-2 link link--no-underline my-5 my-m-0 txt-m-inline\" rel=\"nofollow noopener\" target=\"_blank\"><\/p>\n<p>Wall Street en petite hausse, les yeux riv\u00e9s sur l&#8217;emploi am\u00e9ricain<\/p>\n<p>                        <\/a><\/td>\n<td class=\"table-child--right  table-child--nowrap table-child--w100 txt-s1\">\n    16:07<\/td>\n<td class=\"table-child--right table-child--w40 c-none cm-table\">\n                                    AW\n                        <\/td>\n<\/tr>\n<p>    <img decoding=\"async\" src=\"https:\/\/www.europesays.com\/fr\/wp-content\/uploads\/2025\/04\/img_footer_appstore.png\" alt=\"Download from Apple Store\" loading=\"lazy\"\/><\/p>\n<p class=\"m-0\">NOS EXPERTS \u00c0 VOTRE \u00c9COUTE<\/p>\n<p class=\"m-0 txt-bold\">Lundi &#8211; Vendredi 9h-12h \/ 14h-18h<\/p>\n<p><img decoding=\"async\" src=\"https:\/\/www.europesays.com\/fr\/wp-content\/uploads\/2025\/04\/footer_logo_zb.png\" width=\"181\" height=\"24\" alt=\"Zonebourse, bourse en direct\" loading=\"lazy\"\/><br \/>\n                    Mentions l\u00e9gales<br \/>\n                |<br \/>\n                Param\u00e9trer les cookies<br \/>\n            |<br \/>\n                    Blog Zonebourse<br \/>\n                |<a href=\"https:\/\/ch.zonebourse.com\/qui-sommes-nous\" class=\"link txt-footer\" rel=\"nofollow noopener\" target=\"_blank\"><br \/>\n                Qui sommes-nous ?<br \/>\n            <\/a>|<br \/>\n                Copyright \u00a9 2025 Surperformance SAS. Tous droits r\u00e9serv\u00e9s.<\/p>\n<p>\n            Les cotations sont fournies par Factset, Morningstar et S&amp;P Capital IQ\n        <\/p>\n<p class=\"pl-10 txt-bold m-0\">S\u00e9lectionnez votre \u00e9dition<\/p>\n<p class=\"txt-s1 txt-muted m-0 pl-10\">Toutes les informations financi\u00e8res adapt\u00e9es au niveau national<\/p>\n<\/td>\n","protected":false},"excerpt":{"rendered":"Temps r\u00e9el estim\u00e9 TTMZero 18:36:19 04\/09\/2025 Varia. 5j. Varia. 1 janv. 1,1639 USD -0,19% -0,33% +12,45% Publi\u00e9 le&hellip;\n","protected":false},"author":2,"featured_media":366103,"comment_status":"","ping_status":"","sticky":false,"template":"","format":"standard","meta":{"footnotes":""},"categories":[1589],"tags":[11,340,73,1866,12,1864,1865,1863,308],"class_list":{"0":"post-366102","1":"post","2":"type-post","3":"status-publish","4":"format-standard","5":"has-post-thumbnail","7":"category-etats-unis","8":"tag-actualites","9":"tag-bourse","10":"tag-etats-unis","11":"tag-etats-unis-damerique","12":"tag-news","13":"tag-united-states","14":"tag-united-states-of-america","15":"tag-us","16":"tag-usa"},"share_on_mastodon":{"url":"https:\/\/pubeurope.com\/@fr\/115147010882244195","error":""},"_links":{"self":[{"href":"https:\/\/www.europesays.com\/fr\/wp-json\/wp\/v2\/posts\/366102","targetHints":{"allow":["GET"]}}],"collection":[{"href":"https:\/\/www.europesays.com\/fr\/wp-json\/wp\/v2\/posts"}],"about":[{"href":"https:\/\/www.europesays.com\/fr\/wp-json\/wp\/v2\/types\/post"}],"author":[{"embeddable":true,"href":"https:\/\/www.europesays.com\/fr\/wp-json\/wp\/v2\/users\/2"}],"replies":[{"embeddable":true,"href":"https:\/\/www.europesays.com\/fr\/wp-json\/wp\/v2\/comments?post=366102"}],"version-history":[{"count":0,"href":"https:\/\/www.europesays.com\/fr\/wp-json\/wp\/v2\/posts\/366102\/revisions"}],"wp:featuredmedia":[{"embeddable":true,"href":"https:\/\/www.europesays.com\/fr\/wp-json\/wp\/v2\/media\/366103"}],"wp:attachment":[{"href":"https:\/\/www.europesays.com\/fr\/wp-json\/wp\/v2\/media?parent=366102"}],"wp:term":[{"taxonomy":"category","embeddable":true,"href":"https:\/\/www.europesays.com\/fr\/wp-json\/wp\/v2\/categories?post=366102"},{"taxonomy":"post_tag","embeddable":true,"href":"https:\/\/www.europesays.com\/fr\/wp-json\/wp\/v2\/tags?post=366102"}],"curies":[{"name":"wp","href":"https:\/\/api.w.org\/{rel}","templated":true}]}}