{"id":366105,"date":"2025-09-04T16:39:13","date_gmt":"2025-09-04T16:39:13","guid":{"rendered":"https:\/\/www.europesays.com\/fr\/366105\/"},"modified":"2025-09-04T16:39:13","modified_gmt":"2025-09-04T16:39:13","slug":"pourquoi-un-paquet-sur-quatre-dans-le-commerce-est-importe-dallemagne","status":"publish","type":"post","link":"https:\/\/www.europesays.com\/fr\/366105\/","title":{"rendered":"pourquoi un paquet sur quatre, dans le commerce, est import\u00e9 d&rsquo;Allemagne"},"content":{"rendered":"<p class=\"article-p mdl\">Vu la quantit\u00e9 de bl\u00e9 qu&rsquo;on produit, on se dit que la farine est fran\u00e7aise, sauf que ce n&rsquo;est pas si simple. Vous pouvez voir sur certains paquets un joli liser\u00e9 bleu-blanc-rouge avec marqu\u00e9 \u00ab\u00a0bl\u00e9 fran\u00e7ais\u00a0\u00bb qui vous laisse donc \u00e0 penser que la farine est fran\u00e7aise. Eh bien, en r\u00e9alit\u00e9, ce n&rsquo;est pas tout \u00e0 fait \u00e7a. Alors oui, le bl\u00e9 est bien fran\u00e7ais mais la farine, elle, d\u00e9barque d&rsquo;Allemagne. C&rsquo;est aussi marqu\u00e9 sur le paquet, mais il faut tourner l&#8217;emballage. C&rsquo;est \u00e9crit, mais beaucoup moins visible.<\/p>\n<p class=\"article-p mdl\">Cela veut dire que notre bl\u00e9 traverse la fronti\u00e8re pour se faire moudre et c&rsquo;est quand m\u00eame un sacr\u00e9 paradoxe parce que <strong>la France est quand m\u00eame le cinqui\u00e8me producteur mondial de bl\u00e9,<\/strong> le premier en Europe. On a toute la ressource en mati\u00e8re premi\u00e8re. On produit entre 35 et 40 millions de tonnes de bl\u00e9 tous les ans.<br \/><strong\/><br \/><strong>Mais comme souvent, notre probl\u00e8me, c&rsquo;est la comp\u00e9titivit\u00e9 industrielle.<\/strong> C&rsquo;est plus \u00e9conomique de mettre le bl\u00e9 dans un camion ou sur un train, pour aller se faire moudre en Allemagne et pour ensuite revenir en France plut\u00f4t que de faire directement de la farine chez nous.\u00a0<\/p>\n<p>            Un probl\u00e8me \u00e9conomique et \u00e9cologique<\/p>\n<p class=\"article-p mdl\">Ce mouvement va malheureusement crescendo, on est d\u00e9sormais \u00e0 un sachet de farine sur quatre vendu en France qui vient d&rsquo;Allemagne. C&rsquo;est souvent le cas des premiers prix et des marques de distributeurs puisque c&rsquo;est l\u00e0 o\u00f9 il faut faire baisser le prix.<\/p>\n<p class=\"article-p mdl\">Cela pose deux probl\u00e8mes : un probl\u00e8me \u00e9conomique d\u00e9j\u00e0, parce que dans un sachet de farine, il y a un tiers pour le bl\u00e9, l&rsquo;agriculteur en l&rsquo;occurrence, un tiers pour la distribution, le commer\u00e7ant et un tiers pour le meunier, celui qui fabrique la farine.<br \/><strong\/><br \/><strong>Ce tiers pour le meunier \u00e9chappe d\u00e9sormais \u00e0 la France.<\/strong> Le second probl\u00e8me est \u00e9cologique. Parce que quand on y r\u00e9fl\u00e9chit un peu simplement, on transporte le produit vers l&rsquo;Allemagne, on le r\u00e9importe ensuite vers la France, on n&rsquo;est quand m\u00eame pas loin de marcher sur la t\u00eate.<\/p>\n<p class=\"article-p mdl\">Pour y rem\u00e9dier, il faudrait davantage de transparence pour permettre aux consommateurs d&rsquo;acheter en toute connaissance de cause. On doit pouvoir savoir deux choses : d&rsquo;o\u00f9 viennent les ingr\u00e9dients mais aussi o\u00f9 c&rsquo;est fabriqu\u00e9.<\/p>\n<p>    La r\u00e9daction vous recommande<\/p>\n<p class=\"s-newsletter__title\">\n                L\u2019actualit\u00e9 par la r\u00e9daction de RTL dans votre bo\u00eete mail.\n            <\/p>\n<p class=\"s-newsletter__subtitle\">\n                Gr\u00e2ce \u00e0 votre compte RTL abonnez-vous \u00e0 la newsletter RTL info pour suivre toute l&rsquo;actualit\u00e9 au quotidien\n            <\/p>\n<p>\n                                    Lire la suite\n                                <\/p>\n","protected":false},"excerpt":{"rendered":"Vu la quantit\u00e9 de bl\u00e9 qu&rsquo;on produit, on se dit que la farine est fran\u00e7aise, sauf que ce&hellip;\n","protected":false},"author":2,"featured_media":366106,"comment_status":"","ping_status":"","sticky":false,"template":"","format":"standard","meta":{"footnotes":""},"categories":[1587],"tags":[11,258,672,1804,130,1805,1803,1777,674,107,1801,12,362,1802],"class_list":{"0":"post-366105","1":"post","2":"type-post","3":"status-publish","4":"format-standard","5":"has-post-thumbnail","7":"category-allemagne","8":"tag-actualites","9":"tag-alimentation","10":"tag-allemagne","11":"tag-bundesrepublik-deutschland","12":"tag-consommation","13":"tag-de","14":"tag-deutschland","15":"tag-eu","16":"tag-europe","17":"tag-fil-info","18":"tag-germany","19":"tag-news","20":"tag-replay","21":"tag-republique-federale-dallemagne"},"share_on_mastodon":{"url":"https:\/\/pubeurope.com\/@fr\/115147018350856057","error":""},"_links":{"self":[{"href":"https:\/\/www.europesays.com\/fr\/wp-json\/wp\/v2\/posts\/366105","targetHints":{"allow":["GET"]}}],"collection":[{"href":"https:\/\/www.europesays.com\/fr\/wp-json\/wp\/v2\/posts"}],"about":[{"href":"https:\/\/www.europesays.com\/fr\/wp-json\/wp\/v2\/types\/post"}],"author":[{"embeddable":true,"href":"https:\/\/www.europesays.com\/fr\/wp-json\/wp\/v2\/users\/2"}],"replies":[{"embeddable":true,"href":"https:\/\/www.europesays.com\/fr\/wp-json\/wp\/v2\/comments?post=366105"}],"version-history":[{"count":0,"href":"https:\/\/www.europesays.com\/fr\/wp-json\/wp\/v2\/posts\/366105\/revisions"}],"wp:featuredmedia":[{"embeddable":true,"href":"https:\/\/www.europesays.com\/fr\/wp-json\/wp\/v2\/media\/366106"}],"wp:attachment":[{"href":"https:\/\/www.europesays.com\/fr\/wp-json\/wp\/v2\/media?parent=366105"}],"wp:term":[{"taxonomy":"category","embeddable":true,"href":"https:\/\/www.europesays.com\/fr\/wp-json\/wp\/v2\/categories?post=366105"},{"taxonomy":"post_tag","embeddable":true,"href":"https:\/\/www.europesays.com\/fr\/wp-json\/wp\/v2\/tags?post=366105"}],"curies":[{"name":"wp","href":"https:\/\/api.w.org\/{rel}","templated":true}]}}