{"id":366109,"date":"2025-09-04T16:41:10","date_gmt":"2025-09-04T16:41:10","guid":{"rendered":"https:\/\/www.europesays.com\/fr\/366109\/"},"modified":"2025-09-04T16:41:10","modified_gmt":"2025-09-04T16:41:10","slug":"renforcement-europeen-quels-pays-de-lue-disposent-des-plus-grandes-armees","status":"publish","type":"post","link":"https:\/\/www.europesays.com\/fr\/366109\/","title":{"rendered":"Renforcement europ\u00e9en : quels pays de l&rsquo;UE disposent des plus grandes arm\u00e9es\u00a0?"},"content":{"rendered":"<p>          <img decoding=\"async\" class=\"c-ad__placeholder__logo\" src=\"https:\/\/static.euronews.com\/website\/images\/logos\/logo-euronews-stacked-outlined-72x72-grey-9.svg\" width=\"72\" height=\"72\" alt=\"\" loading=\"lazy\"\/><br \/>\n          PUBLICIT\u00c9<\/p>\n<p>Le service militaire est obligatoire dans dix pays europ\u00e9ens, tandis que d&rsquo;autres \u00c9tats membres le proposent sur la base du volontariat. Dans ce contexte, une force multinationale europ\u00e9enne &#8211; telle que la pr\u00e9sidente de la Commission europ\u00e9enne Ursula von der Leyen l&rsquo;a r\u00e9cemment envisag\u00e9e &#8211; semble lointaine.<\/p>\n<p>\u00ab\u00a0Ce sont des choses dont on ne discute pas avant d&rsquo;\u00eatre assis \u00e0 la table des n\u00e9gociations avec de nombreuses parties qui ont quelque chose \u00e0 dire\u00a0\u00bb, a comment\u00e9 le ministre allemand de la D\u00e9fense, Boris Pistorius, \u00e0 propos de l&rsquo;initiative.<\/p>\n<p>Ursula von der Leyen avait auparavant d\u00e9clar\u00e9 au journal Financial Times que l&rsquo;UE travaillait sur des plans concrets pour l&rsquo;envoi de troupes multinationales en Ukraine, dans le cadre des garanties de s\u00e9curit\u00e9 mises en place apr\u00e8s un \u00e9ventuel cessez-le-feu.<\/p>\n<p>Mais Boris Pistorius rejette cette id\u00e9e, arguant que l&rsquo;UE n&rsquo;a \u00ab\u00a0aucune responsabilit\u00e9 ni comp\u00e9tence en ce qui concerne la mise \u00e0 disposition de troupes pour qui ou quoi que ce soit\u00a0\u00bb.<\/p>\n<p>\u00c9tat des lieux des arm\u00e9es europ\u00e9ennes<\/p>\n<p>Le gouvernement allemand vient d&rsquo;adopter en Conseil des ministres un projet de loi visant \u00e0 <a href=\"https:\/\/fr.euronews.com\/2025\/08\/27\/allemagne-le-gouvernement-ouvre-la-voie-a-un-service-militaire-volontaire\" target=\"_blank\" rel=\"noopener\"><strong>r\u00e9former le service militaire<\/strong><\/a>. Celui-ci resterait volontaire, mais de nouvelles incitations devraient permettre d&rsquo;augmenter sensiblement le nombre de recrues.<\/p>\n<p>Dans l&rsquo;ensemble de l&rsquo;Europe, l&rsquo;Allemagne est actuellement, avec la Su\u00e8de, la Hongrie, la Belgique et le Luxembourg, en queue de peloton en termes d&rsquo;effectifs militaires. Moins de 0,35 % de la population est employ\u00e9e par la Bundeswehr, bien que l&rsquo;arm\u00e9e allemande compte plus de 185 000 recrues en valeur nominale.<\/p>\n<p>Avec environ 110 000 soldats pour une population de 6,5 millions d&rsquo;habitants, la Gr\u00e8ce domine le classement avec des troupes repr\u00e9sentant 1,7 % de la population active. Suivent la Lituanie, la Pologne, la Finlande, l&rsquo;Estonie et <a href=\"https:\/\/fr.euronews.com\/my-europe\/2025\/05\/22\/friedrich-merz-inaugure-une-brigade-allemande-en-lituanie-pour-renforcer-le-flanc-oriental\" target=\"_blank\" rel=\"noopener\"><strong>la Lettonie<\/strong><\/a>. <\/p>\n<p>De nombreux pays r\u00e9forment leur service militaire<\/p>\n<p>L&rsquo;Allemagne n&rsquo;est pas la seule \u00e0 vouloir r\u00e9former le service militaire : la Belgique, la Pologne, le Royaume-Uni et la France se sont \u00e9galement montr\u00e9s ouverts \u00e0 des changements.<\/p>\n<p>Le Premier ministre britannique Keir Starmer avait d\u00e9j\u00e0 lanc\u00e9 en septembre 2024 une nouvelle proposition de \u00ab\u00a0service militaire \u00e0 court terme\u00a0\u00bb pour les jeunes de 18 ans. Avec ce programme, 15 \u00e0 20 % de ce groupe d&rsquo;\u00e2ge participeraient au service militaire pendant douze mois et recevraient une indemnit\u00e9 de formation.<\/p>\n<p>En Pologne, le Premier ministre Donald Tusk a annonc\u00e9 en mars 2025 vouloir introduire une nouvelle forme de service militaire, se fixant pour objectif d&rsquo;engager 100.000 nouvelles recrues par an.<\/p>\n<p>Le ministre de la D\u00e9fense belge Theo Francken plaide quant \u00e0 lui pour un service militaire sur la base du volontariat, qui permettrait de recruter 500 r\u00e9servistes suppl\u00e9mentaires en 2026 et 1 000 r\u00e9servistes par an \u00e0 partir de 2027.<\/p>\n<p>Le service militaire obligatoire n&rsquo;existe que dans dix pays europ\u00e9ens : Autriche, Chypre, Estonie, Finlande, Gr\u00e8ce, Lettonie, Lituanie, Danemark, Su\u00e8de et, depuis 2025, \u00e0 nouveau en Croatie.<\/p>\n<p>Au Danemark et en Su\u00e8de, le service militaire est \u00e9galement obligatoire pour les femmes. Dans de nombreux pays o\u00f9 le service militaire est obligatoire, il existe toutefois aussi des options de service civil, dont les modalit\u00e9s varient largement.<\/p>\n<p>L&rsquo;Allemagne s&rsquo;inspire du mod\u00e8le su\u00e9dois<\/p>\n<p>Alors qu&rsquo;en Gr\u00e8ce, pr\u00e8s de 80 % des jeunes hommes sont appel\u00e9s, en Su\u00e8de, seuls environ 8 % des hommes et des femmes effectuent un service militaire<\/p>\n<p>En Su\u00e8de la s\u00e9lection suit un processus en deux \u00e9tapes : tout d&rsquo;abord, tous les citoyens \u00e2g\u00e9s de 18 ans remplissent un questionnaire : \u00e9tat de sant\u00e9, aptitude physique, motivation.<\/p>\n<p>Sur la base des r\u00e9ponses, 30 000 personnes sont ensuite convoqu\u00e9es pour un test d&rsquo;aptitude, soit environ un tiers de tous les jeunes de 18 ans. Il s&rsquo;agit de tests m\u00e9dicaux, physiques, psychologiques et logiques ainsi que d&rsquo;un test de connaissances et de personnalit\u00e9. Un certain niveau d&rsquo;\u00e9tudes est \u00e9galement requis.<\/p>\n<p>\u00c0 la fin de la proc\u00e9dure, environ 8 000 jeunes sont s\u00e9lectionn\u00e9s pour \u00eatre admis dans l&rsquo;arm\u00e9e pendant quatre \u00e0 onze mois. Selon une estimation de l&rsquo;OTAN, la Su\u00e8de comptait environ 23 100 soldats professionnels actifs l&rsquo;ann\u00e9e derni\u00e8re.<\/p>\n<p>La Finlande, o\u00f9 le service militaire n&rsquo;a jamais \u00e9t\u00e9 suspendu, n&rsquo;a certes pas la force la plus importante en termes nominaux, mais elle est en t\u00eate en termes de population totale.<\/p>\n<p>L&rsquo;arm\u00e9e finlandaise elle-m\u00eame ne compte qu&rsquo;environ 30 800 soldats professionnels. Gr\u00e2ce \u00e0 ce que l&rsquo;on appelle \u00ab\u00a0l&rsquo;approche holistique\u00a0\u00bb, les autorit\u00e9s peuvent toutefois mobiliser pr\u00e8s de 285 000 r\u00e9servistes en cas d&rsquo;urgence. <\/p>\n<p>Chaque r\u00e9serviste est convoqu\u00e9 plusieurs jours jusqu&rsquo;\u00e0 l&rsquo;\u00e2ge de 60 ans. Ils ont en outre acc\u00e8s \u00e0 des offres de formation continue, auxquelles 50 000 d&rsquo;entre eux participent chaque ann\u00e9e.<\/p>\n<p>Si la perspective d&rsquo;une force multinationale commune a encore du chemin \u00e0 faire, les d\u00e9penses de d\u00e9fense europ\u00e9ennes augmentent et les pays s&rsquo;\u00e9quipent individuellement, alors que le chef de l&rsquo;OTAN, Mark Rutte, a affirm\u00e9 mardi que \u00ab\u00a0nous sommes d\u00e9sormais tous sur le flanc est, que l&rsquo;on vive \u00e0 Londres ou \u00e0 Tallinn\u00a0\u00bb.<\/p>\n","protected":false},"excerpt":{"rendered":"PUBLICIT\u00c9 Le service militaire est obligatoire dans dix pays europ\u00e9ens, tandis que d&rsquo;autres \u00c9tats membres le proposent sur&hellip;\n","protected":false},"author":2,"featured_media":366110,"comment_status":"","ping_status":"","sticky":false,"template":"","format":"standard","meta":{"footnotes":""},"categories":[1586],"tags":[11,1813,31467,1777,674,1779,1011,27,26990,12,136,25,1778,364],"class_list":{"0":"post-366109","1":"post","2":"type-post","3":"status-publish","4":"format-standard","5":"has-post-thumbnail","7":"category-europe","8":"tag-actualites","9":"tag-armee","10":"tag-armee-allemande","11":"tag-eu","12":"tag-europe","13":"tag-european-union","14":"tag-fr","15":"tag-france","16":"tag-industrie-de-larmement","17":"tag-news","18":"tag-otan","19":"tag-republique-francaise","20":"tag-ue","21":"tag-union-europeenne"},"share_on_mastodon":{"url":"https:\/\/pubeurope.com\/@fr\/115147026263855660","error":""},"_links":{"self":[{"href":"https:\/\/www.europesays.com\/fr\/wp-json\/wp\/v2\/posts\/366109","targetHints":{"allow":["GET"]}}],"collection":[{"href":"https:\/\/www.europesays.com\/fr\/wp-json\/wp\/v2\/posts"}],"about":[{"href":"https:\/\/www.europesays.com\/fr\/wp-json\/wp\/v2\/types\/post"}],"author":[{"embeddable":true,"href":"https:\/\/www.europesays.com\/fr\/wp-json\/wp\/v2\/users\/2"}],"replies":[{"embeddable":true,"href":"https:\/\/www.europesays.com\/fr\/wp-json\/wp\/v2\/comments?post=366109"}],"version-history":[{"count":0,"href":"https:\/\/www.europesays.com\/fr\/wp-json\/wp\/v2\/posts\/366109\/revisions"}],"wp:featuredmedia":[{"embeddable":true,"href":"https:\/\/www.europesays.com\/fr\/wp-json\/wp\/v2\/media\/366110"}],"wp:attachment":[{"href":"https:\/\/www.europesays.com\/fr\/wp-json\/wp\/v2\/media?parent=366109"}],"wp:term":[{"taxonomy":"category","embeddable":true,"href":"https:\/\/www.europesays.com\/fr\/wp-json\/wp\/v2\/categories?post=366109"},{"taxonomy":"post_tag","embeddable":true,"href":"https:\/\/www.europesays.com\/fr\/wp-json\/wp\/v2\/tags?post=366109"}],"curies":[{"name":"wp","href":"https:\/\/api.w.org\/{rel}","templated":true}]}}