{"id":366115,"date":"2025-09-04T16:44:20","date_gmt":"2025-09-04T16:44:20","guid":{"rendered":"https:\/\/www.europesays.com\/fr\/366115\/"},"modified":"2025-09-04T16:44:20","modified_gmt":"2025-09-04T16:44:20","slug":"la-france-leve-sans-soucis-11-milliards-deuros-sur-les-marches-mais-a-un-taux-record-liberation","status":"publish","type":"post","link":"https:\/\/www.europesays.com\/fr\/366115\/","title":{"rendered":"La France l\u00e8ve sans soucis 11\u00a0milliards d\u2019euros sur les march\u00e9s, mais \u00e0 un taux record \u2013 Lib\u00e9ration"},"content":{"rendered":"<p class=\"sc-cPiKLX AiZTS text-element\">L\u2019Agence France Tr\u00e9sor, charg\u00e9e d\u2019emprunter sur les march\u00e9s pour le compte de l\u2019Etat Fran\u00e7ais, vient de lever 11 milliards d\u2019euros de dette \u00e0 long terme sur les march\u00e9s (obligation assimilable du Tr\u00e9sor, ou OAT) ce jeudi 4 septembre matin. Trois types de titres de dettes ont \u00e9t\u00e9 \u00e9mis, remboursables dans dix, dix-sept et trente et un ans. Bonne nouvelle : les investisseurs ont \u00e9t\u00e9 nombreux \u00e0 vouloir acheter de la dette fran\u00e7aise. Ils \u00e9taient m\u00eame fortement demandeurs, \u00e0 hauteur de 25 milliards d\u2019euros, alors que la France ne proposait \u00abque\u00bb 11 milliards d\u2019euros de titres. En revanche, les taux ont atteint des records : 4,43 % pour le taux \u00e0 31 ans, ce qui n\u2019\u00e9tait jamais arriv\u00e9 depuis f\u00e9vrier 2008. L\u2019OAT \u00e0 10 ans a \u00e9t\u00e9, quant \u00e0 elle, servie \u00e0 un taux moins \u00e9lev\u00e9 (3,57 %), mais reste n\u00e9anmoins plus ch\u00e8re qu\u2019elle ne l\u2019a jamais \u00e9t\u00e9\u2026 depuis 2011. <\/p>\n<p class=\"sc-cPiKLX AiZTS text-element\">Les 11 milliards de cette \u00e9mission repr\u00e9sentent moins de 0,4 % du total de l\u2019encours de dette contract\u00e9 par l\u2019Etat mais contribueront n\u00e9anmoins \u00e0 creuser la l\u00e9g\u00e8rement charge de la dette. <\/p>\n<p class=\"sc-cPiKLX AiZTS text-element\">Cette situation fait \u00e9cho \u00e0 la hausse,  depuis 2021, des taux des obligations d\u2019Etat dans la plupart des pays du monde. Par ailleurs, elle s\u2019explique \u00e9galement par la politique partiellement restrictive de la Banque centrale europ\u00e9enne (BCE), qui depuis 2022 a invers\u00e9 totalement sa politique d\u2019assouplissement quantitatif et s\u2019est fait rembourser une tr\u00e8s grande partie des cr\u00e9dits \u00e0 taux 0 ou n\u00e9gatif qu\u2019elle avait accord\u00e9s aux banques par le pass\u00e9. Le total <\/p>\n","protected":false},"excerpt":{"rendered":"L\u2019Agence France Tr\u00e9sor, charg\u00e9e d\u2019emprunter sur les march\u00e9s pour le compte de l\u2019Etat Fran\u00e7ais, vient de lever 11&hellip;\n","protected":false},"author":2,"featured_media":366116,"comment_status":"","ping_status":"","sticky":false,"template":"","format":"standard","meta":{"footnotes":""},"categories":[4],"tags":[11,16685,1011,27,12,25],"class_list":{"0":"post-366115","1":"post","2":"type-post","3":"status-publish","4":"format-standard","5":"has-post-thumbnail","7":"category-france","8":"tag-actualites","9":"tag-data-matin","10":"tag-fr","11":"tag-france","12":"tag-news","13":"tag-republique-francaise"},"share_on_mastodon":{"url":"https:\/\/pubeurope.com\/@fr\/115147038117234684","error":""},"_links":{"self":[{"href":"https:\/\/www.europesays.com\/fr\/wp-json\/wp\/v2\/posts\/366115","targetHints":{"allow":["GET"]}}],"collection":[{"href":"https:\/\/www.europesays.com\/fr\/wp-json\/wp\/v2\/posts"}],"about":[{"href":"https:\/\/www.europesays.com\/fr\/wp-json\/wp\/v2\/types\/post"}],"author":[{"embeddable":true,"href":"https:\/\/www.europesays.com\/fr\/wp-json\/wp\/v2\/users\/2"}],"replies":[{"embeddable":true,"href":"https:\/\/www.europesays.com\/fr\/wp-json\/wp\/v2\/comments?post=366115"}],"version-history":[{"count":0,"href":"https:\/\/www.europesays.com\/fr\/wp-json\/wp\/v2\/posts\/366115\/revisions"}],"wp:featuredmedia":[{"embeddable":true,"href":"https:\/\/www.europesays.com\/fr\/wp-json\/wp\/v2\/media\/366116"}],"wp:attachment":[{"href":"https:\/\/www.europesays.com\/fr\/wp-json\/wp\/v2\/media?parent=366115"}],"wp:term":[{"taxonomy":"category","embeddable":true,"href":"https:\/\/www.europesays.com\/fr\/wp-json\/wp\/v2\/categories?post=366115"},{"taxonomy":"post_tag","embeddable":true,"href":"https:\/\/www.europesays.com\/fr\/wp-json\/wp\/v2\/tags?post=366115"}],"curies":[{"name":"wp","href":"https:\/\/api.w.org\/{rel}","templated":true}]}}