{"id":366123,"date":"2025-09-04T16:50:11","date_gmt":"2025-09-04T16:50:11","guid":{"rendered":"https:\/\/www.europesays.com\/fr\/366123\/"},"modified":"2025-09-04T16:50:11","modified_gmt":"2025-09-04T16:50:11","slug":"johann-zarco-il-etait-important-pour-moi-detre-sur-la-grille-en-2027-lequipe","status":"publish","type":"post","link":"https:\/\/www.europesays.com\/fr\/366123\/","title":{"rendered":"Johann Zarco : \u00ab Il \u00e9tait important pour moi d&#039;\u00eatre sur la grille en 2027 \u00bb &#8211; L&#039;\u00c9quipe"},"content":{"rendered":"<ol>\n<li><a href=\"https:\/\/news.google.com\/rss\/articles\/CBMi8gFBVV95cUxONUZRS2xHeWZvUldrRlE5NmpuTEhoT3luZ2RVYUxiMDZwdGxhM1lDZmRMOG1hN0NLWGxqMzY4RXFmV21UZWZtRkhUMlo4VWUtMDdKYXo4eWlEVERScVFvZlVPM1VEamc3YmdXTkxEZkhJU1JLZktJYU9wYm9UQ0R0NUpSSWludGxtMzhjOWpCc1dYeGRBcmU1eHF6UmNfVy1pUDhESmJQZjFrN2ZWdk9vU3RJUlhQYVVBU1RQZWRvdFkxeGRIdHU2Q1NNc2gzYkZJb1VpTFRkWWliQlpRR1hlMG9BNmc1R3hSbzZrWGNZc0ZlQQ?oc=5\" target=\"_blank\" rel=\"noopener\">Johann Zarco : \u00ab Il \u00e9tait important pour moi d&rsquo;\u00eatre sur la grille en 2027 \u00bb<\/a>&nbsp;&nbsp;L&rsquo;\u00c9quipe<\/li>\n<li><a href=\"https:\/\/news.google.com\/rss\/articles\/CBMi0AFBVV95cUxNQ2tlVzlxX3hWZHA4a3BXVDFaYXlzcGY4VmpoOHJfWE5BbTBMVkoxN3Z3VmVjLVhiOFBtdjlvZEdCVzV3SnZRc2hEU0I1VGlwaEgzdzZ2bTNJWTkxN042YWNYTVZKcjQyUnpBOXgxOUFtZXVzRG0tOXVOUy0tbW5LTUFmQ2hKMHZfLWwxLUJhZ2pib3BESUpscjl3eFhsWWRUcXhUYUMxZ2ZNVU1KbW1palZKX2NJcGw2SjJ0WXp5M1ZIYVVTMjgzQmdfSFRWRWFL?oc=5\" target=\"_blank\" rel=\"noopener\">MotoGP Zarco ne rassure pas ses fans, il ne jouera pas la prudence pour \u00e9viter les crashs !<\/a>&nbsp;&nbsp;Le Mag Sport Auto<\/li>\n<li><a href=\"https:\/\/news.google.com\/rss\/articles\/CBMihwFBVV95cUxOYzF2TUtTU3JKek1fbXZKNTVWeGZ6blRpZ1hkTDZZeHNBQ1g2M19zeU51bzFtTkNfZnFtVlY1Wm84YlBEMUl2TUxOOXV6enlMeXY0V1RRQWV0TUUxM2xHbW82eXpzLVNsQ0JnZ3NXVDlFaFRqNnY1d1Y1V0g3V1pfT28xZ3haTTQ?oc=5\" target=\"_blank\" rel=\"noopener\">Marini veut \u00eatre sur la Honda quand elle retrouvera les sommets<\/a>&nbsp;&nbsp;Motorsport.com<\/li>\n<li><a href=\"https:\/\/news.google.com\/rss\/articles\/CBMihwFBVV95cUxOdFJQaTNUaUdjVk1pOFFQV0xaWnBHbTJMVWo3Y01nLXpqMXJsOGwzOUxsZGNXQ0xVSVhMVWcyRlgwQ1FIbnV3M3RWZFh1VUJrSDVUc3lsbXlicnhKNlpxVjU5YUc0a1paOUV2UExnOTI0TTNBSGJ5X2dsMmxBcmlvNEcyY1NCV1U?oc=5\" target=\"_blank\" rel=\"noopener\">Zarco : \u00ab Se donner du temps et rouler en prenant plaisir \u00bb<\/a>&nbsp;&nbsp;GP Inside<\/li>\n<li><a href=\"https:\/\/news.google.com\/rss\/articles\/CBMivwFBVV95cUxPT0JKQWZPQ0xSOG5GWTFuQ2xieFRXUHl3SmlqUHZhblJuTEFEcGg1RXF0UU5XNjVRRXNUM0V6VkJZX2E2S2VBWVNiT0VlaUM0WE9BbUV0WUx3b1lJNzhCYzE1ODBhQ0dOTjhQS2tfNV82RE1EOVJ6WHZ4dDNXRFhJWGdnWE0zdHl1Z19YM0RtUDhfREZQSFhiZDVWZnBPU3pHdHF2TVpheEFTazdVdWFNRTdiQTJKWkk0NjFOdmF1aw?oc=5\" target=\"_blank\" rel=\"noopener\">Johann Zarco rassur\u00e9 pour l\u2019avenir : \u00ab J\u2019aurai les m\u00eames pi\u00e8ces et en m\u00eame temps \u00bb<\/a>&nbsp;&nbsp;AutoHebdo<\/li>\n<\/ol>\n","protected":false},"excerpt":{"rendered":"Johann Zarco : \u00ab Il \u00e9tait important pour moi d&rsquo;\u00eatre sur la grille en 2027 \u00bb&nbsp;&nbsp;L&rsquo;\u00c9quipe MotoGP Zarco&hellip;\n","protected":false},"author":2,"featured_media":366124,"comment_status":"","ping_status":"","sticky":false,"template":"","format":"standard","meta":{"footnotes":""},"categories":[1413],"tags":[1011,27,1457,1456,60],"class_list":{"0":"post-366123","1":"post","2":"type-post","3":"status-publish","4":"format-standard","5":"has-post-thumbnail","7":"category-moto","8":"tag-fr","9":"tag-france","10":"tag-moto","11":"tag-motocycle","12":"tag-sports"},"share_on_mastodon":{"url":"https:\/\/pubeurope.com\/@fr\/115147061634297959","error":""},"_links":{"self":[{"href":"https:\/\/www.europesays.com\/fr\/wp-json\/wp\/v2\/posts\/366123","targetHints":{"allow":["GET"]}}],"collection":[{"href":"https:\/\/www.europesays.com\/fr\/wp-json\/wp\/v2\/posts"}],"about":[{"href":"https:\/\/www.europesays.com\/fr\/wp-json\/wp\/v2\/types\/post"}],"author":[{"embeddable":true,"href":"https:\/\/www.europesays.com\/fr\/wp-json\/wp\/v2\/users\/2"}],"replies":[{"embeddable":true,"href":"https:\/\/www.europesays.com\/fr\/wp-json\/wp\/v2\/comments?post=366123"}],"version-history":[{"count":0,"href":"https:\/\/www.europesays.com\/fr\/wp-json\/wp\/v2\/posts\/366123\/revisions"}],"wp:featuredmedia":[{"embeddable":true,"href":"https:\/\/www.europesays.com\/fr\/wp-json\/wp\/v2\/media\/366124"}],"wp:attachment":[{"href":"https:\/\/www.europesays.com\/fr\/wp-json\/wp\/v2\/media?parent=366123"}],"wp:term":[{"taxonomy":"category","embeddable":true,"href":"https:\/\/www.europesays.com\/fr\/wp-json\/wp\/v2\/categories?post=366123"},{"taxonomy":"post_tag","embeddable":true,"href":"https:\/\/www.europesays.com\/fr\/wp-json\/wp\/v2\/tags?post=366123"}],"curies":[{"name":"wp","href":"https:\/\/api.w.org\/{rel}","templated":true}]}}