{"id":366127,"date":"2025-09-04T16:52:12","date_gmt":"2025-09-04T16:52:12","guid":{"rendered":"https:\/\/www.europesays.com\/fr\/366127\/"},"modified":"2025-09-04T16:52:12","modified_gmt":"2025-09-04T16:52:12","slug":"juan-ayuso-a-joue-avec-javier-romo-pour-remporter-la-12e-etape-de-la-vuelta-dans-les-derniers-kilometres-on-a-eu-une-discussion-lequipe","status":"publish","type":"post","link":"https:\/\/www.europesays.com\/fr\/366127\/","title":{"rendered":"Juan Ayuso a \u00ab jou\u00e9 \u00bb avec Javier Romo pour remporter la 12e \u00e9tape de la Vuelta : \u00ab Dans les derniers kilom\u00e8tres, on a eu une discussion \u00bb &#8211; L&#039;\u00c9quipe"},"content":{"rendered":"<ol>\n<li><a href=\"https:\/\/news.google.com\/rss\/articles\/CBMilwJBVV95cUxQbUZpWnczQnBhYUZjSHhlR3JjUTUwWWZhaVlMS3JQeG0ySGFhb2pFUkwxNUNrR2tPYjlKaHItSGpPbU4wajhCTXNjcng2Mlhfd3I0YTFHT1JRVW5uY0ZwOTdaNkFBckNUNkIyMldBR0ZtX2I4eHNHbExnVnI0eGE3Zl85WF9qaXd2cGFCUUdHczdHWlRhak5RRFNaa2dGbUxqMl9Jc3hiX2o5VTRvMHVDVWpsWjVuSDVZVUZ5UDB1bzZBMks0SS1MTkI0cHdDclg4RlFpajhWc25MVXk5a1N1Q3ZuUjA5OFNXa3JFSVVsU1k4RzlHS3NsWUZUb2pxYWtqNVFwNmhpQWw1SXJ4SkVWamZJbGFxdjQ?oc=5\" target=\"_blank\" rel=\"nofollow noopener\">Juan Ayuso a \u00ab jou\u00e9 \u00bb avec Javier Romo pour remporter la 12e \u00e9tape de la Vuelta : \u00ab Dans les derniers kilom\u00e8tres, on a eu une discussion \u00bb<\/a>&nbsp;&nbsp;L&rsquo;\u00c9quipe<\/li>\n<li><a href=\"https:\/\/news.google.com\/rss\/articles\/CBMivgFBVV95cUxPOUFodGlfU2twNkdKYUx3eGpiVkVTcU51VlpaQnhiejVycHZVSHpSMFRleXhma25NTDVETXNPaDFEdFZLSWdYa1BDS2VSSGtxNGo4dEQyeGtyVG1LaHpSamJoNEpxczY2MDdYeEh1ODBPbnZpSnNEdlEtaXpnal9teVlSbVRyZFBZeUxVcDdpQlM3T0hvbkI2RHlOY3ljSzNnc3J3aWxTaDR0OGZ0RE1ZNVZORkhsUEoyWExNOXFR?oc=5\" target=\"_blank\" rel=\"nofollow noopener\">\u00c9tape 12 Tour d&rsquo;Espagne en direct | Laredo &#8211; Los Corrales de Buelna<\/a>&nbsp;&nbsp;Eurosport<\/li>\n<li><a href=\"https:\/\/news.google.com\/rss\/articles\/CBMiygFBVV95cUxNXzdrZHBydkdyZElFMGZSVjV4NmhYRW45MXB3dzBZeGw4cDdnRV9odFBUQ0xJYzlmWDFEZEVfVFVtc0sycVVTeUg4SnBuQjB2Y2FoaEtkaVlhWC14c28xQ25tb2hVajNlY0FFZGxzYW9uM1MzNUc0R1EtUm1IMWMxUktUNUVOZ0h0dVNBV0ozYXJkTU01RWhwNkhiY3drbG9SVS16ZnZ3cjhiV1ZrbmE4UDk1cnJDeEkzdWwtQ1VaR2QtLUZoLVU0QUpn0gHIAUFVX3lxTE54QjZOVUNkTnA4ekdlbjNvR2Y1cGNGaWlZdmtucHBuSGo2MWl3dm9EQTFqR1BsREN6MzB4RmdvRmJkYkJoUUhaWG56cVNrR0lGX05xV3ZPYzNmbmxaRkd0NXRMR2NMSzVkRWh2UjRHZGxQYlN6cnItNmtvaGI5OGQtSWIteGd5NGZXOHZsQUxjQWQtZV9kcFloSGNKTzRodEU1SGl4cWlqQ1ZhYlBLZDl4MGxmVFZEZm9GWDdncnlocnh0UGlqdFZu?oc=5\" target=\"_blank\" rel=\"nofollow noopener\">Vuelta (E12) : Ayuso r\u00e9cidive, premier podium pour Rolland<\/a>&nbsp;&nbsp;Orange Actualit\u00e9s | Sports<\/li>\n<li><a href=\"https:\/\/news.google.com\/rss\/articles\/CBMigwJBVV95cUxNRThxc3RVWWI2OTJzR25sTXJ0S1ByeklLeFV4d2tCLWRyTEdMQzVXaWZzMWtYLXp4VkR6cnVTa3ZoVXRTYWF1Z1BoYmtLMVRWb3ZFd25paDlfMEM0NlJFbUhxT1FBcC1OdVc3OXlJYXN1aHZJMjVnR2htalQ5RGwySExJUmdEb3owaXo2SW8wTC04OGV1enYyRkpyLWRscVUyenZJMmVYT0pKTDZ5bVFQMkZBZnNpbWd1TlNwT3p1dmI1cnV2bHNpV0pZSmI1MTlMT0gxV3B1elVNSENrVTU1OGlTRVVmQWE3LUhnOFFqM2ZGUkhMbFh0cXJMRENZYUR4WGdr?oc=5\" target=\"_blank\" rel=\"nofollow noopener\">Vuelta 2025 (12e \u00e9tape): le coup double pour Ayuso, Vingegaard toujours en rouge<\/a>&nbsp;&nbsp;RMC Sport<\/li>\n<li><a href=\"https:\/\/news.google.com\/rss\/articles\/CBMilwJBVV95cUxNdW50WnRybWwtbW5UeWRmZ19Pa1poZFVPZVFYZjJ2SU9DOUZtSzk1aGQ5aVZqS2ZoaTI3aHlqQ0o4T0xaeGZYb3lwQzFObVptdHhzR2dmS05xQ2xSSTFaazkyS0k3ajdoUjRWRk9KTVZ2dDg0SnFYT3F2Z2lTYzlleVVLZFdNTkhhbTJPQjRXRWtxb3lZY1JBMVNoNDJvWXM4UjZrZjRDbUQ0VlY1VUlHLS1aTkxkRG53dU9nNjFKQ0s4OEJ2dklVWmc2VnoyVzZBbkFvNTRWMlpjMktZcGFFYWtpSEJFbGFQamRKZ1BocW9CRmRZYmY0ZHF4R2txUXJvVzRhM0czZW5iUUQtbEJTM04tN1JrREU?oc=5\" target=\"_blank\" rel=\"nofollow noopener\">DIRECT. Vuelta : un Fran\u00e7ais \u00e0 la poursuite de deux Espagnols, suivez la 12e \u00e9tape<\/a>&nbsp;&nbsp;Ouest-France<\/li>\n<\/ol>\n","protected":false},"excerpt":{"rendered":"Juan Ayuso a \u00ab jou\u00e9 \u00bb avec Javier Romo pour remporter la 12e \u00e9tape de la Vuelta :&hellip;\n","protected":false},"author":2,"featured_media":366128,"comment_status":"","ping_status":"","sticky":false,"template":"","format":"standard","meta":{"footnotes":""},"categories":[1411],"tags":[1154,207,1011,27,60],"class_list":{"0":"post-366127","1":"post","2":"type-post","3":"status-publish","4":"format-standard","5":"has-post-thumbnail","7":"category-cyclisme","8":"tag-cycling","9":"tag-cyclisme","10":"tag-fr","11":"tag-france","12":"tag-sports"},"share_on_mastodon":{"url":"https:\/\/pubeurope.com\/@fr\/115147069640992963","error":""},"_links":{"self":[{"href":"https:\/\/www.europesays.com\/fr\/wp-json\/wp\/v2\/posts\/366127","targetHints":{"allow":["GET"]}}],"collection":[{"href":"https:\/\/www.europesays.com\/fr\/wp-json\/wp\/v2\/posts"}],"about":[{"href":"https:\/\/www.europesays.com\/fr\/wp-json\/wp\/v2\/types\/post"}],"author":[{"embeddable":true,"href":"https:\/\/www.europesays.com\/fr\/wp-json\/wp\/v2\/users\/2"}],"replies":[{"embeddable":true,"href":"https:\/\/www.europesays.com\/fr\/wp-json\/wp\/v2\/comments?post=366127"}],"version-history":[{"count":0,"href":"https:\/\/www.europesays.com\/fr\/wp-json\/wp\/v2\/posts\/366127\/revisions"}],"wp:featuredmedia":[{"embeddable":true,"href":"https:\/\/www.europesays.com\/fr\/wp-json\/wp\/v2\/media\/366128"}],"wp:attachment":[{"href":"https:\/\/www.europesays.com\/fr\/wp-json\/wp\/v2\/media?parent=366127"}],"wp:term":[{"taxonomy":"category","embeddable":true,"href":"https:\/\/www.europesays.com\/fr\/wp-json\/wp\/v2\/categories?post=366127"},{"taxonomy":"post_tag","embeddable":true,"href":"https:\/\/www.europesays.com\/fr\/wp-json\/wp\/v2\/tags?post=366127"}],"curies":[{"name":"wp","href":"https:\/\/api.w.org\/{rel}","templated":true}]}}