{"id":366129,"date":"2025-09-04T16:53:11","date_gmt":"2025-09-04T16:53:11","guid":{"rendered":"https:\/\/www.europesays.com\/fr\/366129\/"},"modified":"2025-09-04T16:53:11","modified_gmt":"2025-09-04T16:53:11","slug":"fonseca-veut-piocher-a-manchester-city-en-janvier","status":"publish","type":"post","link":"https:\/\/www.europesays.com\/fr\/366129\/","title":{"rendered":"Fonseca veut piocher \u00e0 Manchester City en janvier"},"content":{"rendered":"<p>Dr\u00f4le d&rsquo;\u00e9t\u00e9 pour l&rsquo;<a href=\"https:\/\/www.dailymercato.com\/club\/olympique-lyonnais-17\" rel=\"nofollow noopener\" target=\"_blank\">Olympique Lyonnais<\/a>. Il y a quelques semaines \u00e0 peine, l&rsquo;OL \u00e9tait virtuellement rel\u00e9gu\u00e9 en Ligue 2. Puis, apr\u00e8s avoir sauv\u00e9 leur t\u00eate, les Gones ont perdu plusieurs joueurs majeurs comme Alexandre Lacazette, Rayan Cherki ou, plus r\u00e9cemment, Georges Mikautadze.\u00a0<\/p>\n<p>Paradoxalement, apr\u00e8s trois journ\u00e9es de Ligue 1, Lyon est co-leader avec le PSG, ayant remport\u00e9 ses trois premiers matches de la saison, le tout, sans encaisser le moindre but. Si <a href=\"https:\/\/www.dailymercato.com\/news\/mercato-ol-un-geant-europeen-veut-malick-fofana-en-janvier\" rel=\"nofollow noopener\" target=\"_blank\">le spectre du mercato hivernal, avec le possible d\u00e9part de Malick Fofana<\/a>, le groupe de Paulo Fonseca pourrait aussi r\u00e9cup\u00e9rer un sacr\u00e9 talent<\/p>\n<blockquote class=\"twitter-tweet\"><p>&#13;<\/p>\n<p dir=\"ltr\" lang=\"en\">\ud83d\udea8 Lyon expresses interest in signing 20-year-old Manchester City midfielder Nico O&rsquo;Reilly for a potential January transfer.<a href=\"https:\/\/t.co\/Xqf94tXSiv\" rel=\"nofollow\">https:\/\/t.co\/Xqf94tXSiv<\/a><a href=\"https:\/\/twitter.com\/hashtag\/MCFC?src=hash&amp;ref_src=twsrc%5Etfw\" rel=\"nofollow noopener\" target=\"_blank\">#MCFC<\/a> <a href=\"https:\/\/twitter.com\/hashtag\/PremierLeague?src=hash&amp;ref_src=twsrc%5Etfw\" rel=\"nofollow noopener\" target=\"_blank\">#PremierLeague<\/a> <a href=\"https:\/\/twitter.com\/hashtag\/Ligue1?src=hash&amp;ref_src=twsrc%5Etfw\" rel=\"nofollow noopener\" target=\"_blank\">#Ligue1<\/a><\/p>\n<p>&#13;<br \/>\n\u2014 TransferFeed (@transferfeedcom) <a href=\"https:\/\/twitter.com\/transferfeedcom\/status\/1963563858108264956?ref_src=twsrc%5Etfw\" rel=\"nofollow noopener\" target=\"_blank\">September 4, 2025<\/a><\/p><\/blockquote>\n<p>Un crack de Manchester City vers l&rsquo;OL ?\u00a0<\/p>\n<p>Comme l&rsquo;explique Transferfeed ce jeudi 4 septembre 2025, Lyon aimerait profiter des bonnes relations qu&rsquo;il entretient avec <a href=\"https:\/\/www.dailymercato.com\/club\/manchester-city-16\" rel=\"nofollow noopener\" target=\"_blank\">Manchester City<\/a> pour r\u00e9cup\u00e9rer Nico O&rsquo;Reilly lors du prochain mercato d&rsquo;hiver. Le milieu anglais de 20 ans a pris part \u00e0 deux bouts de matches des Skyblues sur ce d\u00e9but de saison.\u00a0<\/p>\n<p>Il pourrait obtenir davantage de temps de jeu en rejoignant l&rsquo;OL. En parall\u00e8le, les Gones songeraient \u00e0 un profil plus exp\u00e9riment\u00e9, en la personne de Kalvin Phillips, milieu d\u00e9fensif exp\u00e9riment\u00e9 achet\u00e9 pr\u00e8s de 50 millions d&rsquo;euros en 2022, mais plus du tout dans les plans du coach, Pep Guardiola. Double bonne affaire en vue pour Lyon ?\u00a0<\/p>\n<p>\u00a0<\/p>\n<p>Nordiste pure souche, qui pr\u00e9f\u00e8re un bon match de National avec l&rsquo;USBCO \u00e0 la rivalit\u00e9 entre le RC Lens et le LOSC. Fan des grosses ambiances avant tout, de l&rsquo;ASSE \u00e0 l&rsquo;OM en passant par Strasbourg. Aux armes !<\/p>\n<p>            <script async src=\"https:\/\/platform.twitter.com\/widgets.js\" charset=\"utf-8\"><\/script><\/p>\n","protected":false},"excerpt":{"rendered":"Dr\u00f4le d&rsquo;\u00e9t\u00e9 pour l&rsquo;Olympique Lyonnais. Il y a quelques semaines \u00e0 peine, l&rsquo;OL \u00e9tait virtuellement rel\u00e9gu\u00e9 en Ligue&hellip;\n","protected":false},"author":2,"featured_media":366130,"comment_status":"","ping_status":"","sticky":false,"template":"","format":"standard","meta":{"footnotes":""},"categories":[1410],"tags":[63,1011,27,60],"class_list":{"0":"post-366129","1":"post","2":"type-post","3":"status-publish","4":"format-standard","5":"has-post-thumbnail","7":"category-football","8":"tag-football","9":"tag-fr","10":"tag-france","11":"tag-sports"},"share_on_mastodon":{"url":"https:\/\/pubeurope.com\/@fr\/115147073495830081","error":""},"_links":{"self":[{"href":"https:\/\/www.europesays.com\/fr\/wp-json\/wp\/v2\/posts\/366129","targetHints":{"allow":["GET"]}}],"collection":[{"href":"https:\/\/www.europesays.com\/fr\/wp-json\/wp\/v2\/posts"}],"about":[{"href":"https:\/\/www.europesays.com\/fr\/wp-json\/wp\/v2\/types\/post"}],"author":[{"embeddable":true,"href":"https:\/\/www.europesays.com\/fr\/wp-json\/wp\/v2\/users\/2"}],"replies":[{"embeddable":true,"href":"https:\/\/www.europesays.com\/fr\/wp-json\/wp\/v2\/comments?post=366129"}],"version-history":[{"count":0,"href":"https:\/\/www.europesays.com\/fr\/wp-json\/wp\/v2\/posts\/366129\/revisions"}],"wp:featuredmedia":[{"embeddable":true,"href":"https:\/\/www.europesays.com\/fr\/wp-json\/wp\/v2\/media\/366130"}],"wp:attachment":[{"href":"https:\/\/www.europesays.com\/fr\/wp-json\/wp\/v2\/media?parent=366129"}],"wp:term":[{"taxonomy":"category","embeddable":true,"href":"https:\/\/www.europesays.com\/fr\/wp-json\/wp\/v2\/categories?post=366129"},{"taxonomy":"post_tag","embeddable":true,"href":"https:\/\/www.europesays.com\/fr\/wp-json\/wp\/v2\/tags?post=366129"}],"curies":[{"name":"wp","href":"https:\/\/api.w.org\/{rel}","templated":true}]}}