{"id":366131,"date":"2025-09-04T16:54:12","date_gmt":"2025-09-04T16:54:12","guid":{"rendered":"https:\/\/www.europesays.com\/fr\/366131\/"},"modified":"2025-09-04T16:54:12","modified_gmt":"2025-09-04T16:54:12","slug":"kim-novak-pamela-anderson-13-films-en-competition-tout-savoir-sur-la-51e-edition","status":"publish","type":"post","link":"https:\/\/www.europesays.com\/fr\/366131\/","title":{"rendered":"Kim Novak, Pamela Anderson, 13 films en comp\u00e9tition&#8230; Tout savoir sur la 51e \u00e9dition"},"content":{"rendered":"<p class=\"article__intro\">Du 5 au 14 septembre 2025, la 51e \u00e9dition du Festival du cin\u00e9ma am\u00e9ricain de Deauville promet une programmation exceptionnelle avec Kim Novak en invit\u00e9e d&rsquo;honneur et de nombreux hommages.<\/p>\n<p>\n      L\u2019actu des r\u00e9gions\n    <\/p>\n<p>\n      Chaque jour, un tour d\u2019horizon des principales infos de toutes les r\u00e9gions.\n    <\/p>\n<p>    France T\u00e9l\u00e9visions utilise votre adresse e-mail afin de vous envoyer la newsletter \u00ab\u00a0L\u2019actu des r\u00e9gions\u00a0\u00bb. Vous pouvez vous d\u00e9sinscrire \u00e0 tout moment via le lien en bas de cette newsletter. <a target=\"_blank\" href=\"https:\/\/www.francetelevisions.fr\/groupe\/confidentialite\/politique-de-confidentialite\/politique-de-confidentialite-de-france-televisions-6503\" rel=\"nofollow noopener\">Notre politique de confidentialit\u00e9<\/a><\/p>\n<p>Deauville ouvre dix jours de festivit\u00e9s cin\u00e9matographiques. Cette 51e \u00e9dition marque un tournant avec la cr\u00e9ation de \u00ab\u00a0Deauville Industry Encounters\u00a0\u00bb, un nouveau volet professionnel destin\u00e9 \u00e0 renforcer les liens entre les industries fran\u00e7aise et am\u00e9ricaine. Mais le grand public n&rsquo;est pas oubli\u00e9 avec des stars mises \u00e0 l&rsquo;honneur et la d\u00e9couverte d&rsquo;h\u00e9ro\u00efnes intemporelles.<\/p>\n<p>L&rsquo;invit\u00e9e d&rsquo;honneur de cette ann\u00e9e n&rsquo;est autre que Kim Novak, derni\u00e8re grande star glamour de l&rsquo;\u00e2ge d&rsquo;or hollywoodien. \u00c0 92 ans, l&rsquo;actrice l\u00e9gendaire de \u00ab\u00a0Sueurs froides\u00a0\u00bb d&rsquo;Alfred Hitchcock sera c\u00e9l\u00e9br\u00e9e pour sa carri\u00e8re exceptionnelle et son parcours de pionni\u00e8re f\u00e9ministe.<\/p>\n<p>Actrice de films cultes comme \u00ab\u00a0Picnic\u00a0\u00bb, \u00ab\u00a0L&rsquo;Homme au bras d&rsquo;or\u00a0\u00bb ou \u00ab\u00a0Embrasse-moi, idiot\u00a0\u00bb, elle fut aussi la premi\u00e8re com\u00e9dienne \u00e0 fonder sa propre soci\u00e9t\u00e9 de production.<\/p>\n<\/p>\n<p>La com\u00e9dienne, musicienne et chanteuse iranienne Golshifteh Farahani pr\u00e9sidera le jury principal, entour\u00e9e de personnalit\u00e9s comme Benjamin Millepied, Katell Quill\u00e9v\u00e9r\u00e9, Philippine Leroy-Beaulieu, Vincent Macaigne, Thomas Cailley, Eye Haidara et Emilie Tronche.<\/p>\n<p><a data-article-figure=\"\" href=\"https:\/\/france3-regions.franceinfo.fr\/image\/J-DrVhgOqGXHD_sEqvexkyeN1yk\/5009x3339\/regions\/2025\/09\/04\/epaliveeight436308-68b98e96bcc95840752663.jpg\" data-pswp-width=\"5009\" data-pswp-height=\"3339\" target=\"_blank\" rel=\"nofollow noopener\"><\/p>\n<p>          <img width=\"600\" height=\"400\" class=\"article-image lazy\" data-src=\"https:\/\/www.europesays.com\/fr\/wp-content\/uploads\/2025\/09\/epaliveeight436308-68b98e96bcc95840752663.jpg\" alt=\"Golshifteh Farahani, pr\u00e9sidente du jury du 51\u00e8me festival de Deauville\" fetchpriority=\"high\" as=\"image\"\/><\/p>\n<p>\n            Golshifteh Farahani, pr\u00e9sidente du jury du 51\u00e8me festival de Deauville<br \/>\n                           \u2022<br \/>\n                                      \u00a9 JEAN-CHRISTOPHE BOTT \/ KEYSTONE\n                      <\/p>\n<p><\/a><\/p>\n<p>Le jury de la R\u00e9v\u00e9lation sera pr\u00e9sid\u00e9 par Jean-Pascal Zadi aux c\u00f4t\u00e9s de Suzy Bemba, Julien Colonna, Bilal Hassani et Ana\u00efde Rozam.<\/p>\n<p>La s\u00e9lection officielle pr\u00e9sente un portrait vibrant de la jeunesse am\u00e9ricaine contemporaine avec des \u0153uvres comme \u00ab\u00a0The Chronology of Water\u00a0\u00bb de Kristen Stewart (son premier film en tant que r\u00e9alisatrice), \u00ab\u00a0Eleanor the Great\u00a0\u00bb de Scarlett Johansson, \u00ab\u00a0The End\u00a0\u00bb de Joshua Oppenheimer ou encore \u00ab\u00a0I Live Here Now\u00a0\u00bb de Julie Pacino.<br \/><a href=\"https:\/\/www.festival-deauville.com\/agenda\/05-09-2025\/\" target=\"_blank\" rel=\"noopener nofollow\">Le programme des s\u00e9ances, jour par jour, est \u00e0 retrouver ici <\/a>.\u00a0<\/p>\n<p>Joel Edgerton recevra le Deauville Talent Award pour sa carri\u00e8re \u00e9clectique d&rsquo;acteur, r\u00e9alisateur et producteur, notamment remarqu\u00e9 dans \u00ab\u00a0Loving\u00a0\u00bb, \u00ab\u00a0The Gift\u00a0\u00bb ou plus r\u00e9cemment \u00ab\u00a0Train Dreams\u00a0\u00bb.<\/p>\n<p>Pamela Anderson sera \u00e9galement honor\u00e9e pour sa r\u00e9invention artistique, particuli\u00e8rement salu\u00e9e pour sa performance dans \u00ab\u00a0The Last Showgirl\u00a0\u00bb de Gia Coppola.<\/p>\n<p>Le festival rendra hommage \u00e0 Paul Newman \u00e0 l&rsquo;occasion du centenaire de sa naissance, c\u00e9l\u00e9brant l&rsquo;acteur, r\u00e9alisateur et philanthrope.<\/p>\n<p><a data-article-figure=\"\" href=\"https:\/\/france3-regions.franceinfo.fr\/image\/8S4ng85UsoRA2_9V8iNGqV4aKP0\/2814x3837\/regions\/2025\/09\/04\/maxanciennes530777-68b99008bf8b1713111684.jpg\" data-pswp-width=\"2814\" data-pswp-height=\"3837\" target=\"_blank\" rel=\"nofollow noopener\"><\/p>\n<p>          <img width=\"600\" height=\"400\" class=\"article-image lazy\" data-src=\"https:\/\/www.europesays.com\/fr\/wp-content\/uploads\/2025\/09\/maxanciennes530777-68b99008bf8b1713111684.jpg\" alt=\"Le festival de Deauville rend hommage \u00e0 Paul Newman \u00e0 l'occasion du centenaire de sa naissance\" fetchpriority=\"high\" as=\"image\"\/><\/p>\n<p>\n            Le festival de Deauville rend hommage \u00e0 Paul Newman \u00e0 l&rsquo;occasion du centenaire de sa naissance<br \/>\n                           \u2022<br \/>\n                                      \u00a9 THE HOLLYWOOD ARCHIVE \/ AVALON \/ MAXPPP\n                      <\/p>\n<p><\/a><\/p>\n<p>Pour la premi\u00e8re fois, <a href=\"https:\/\/france3-regions.franceinfo.fr\/normandie\/calvados\/qui-est-alice-guy-cette-pionniere-du-cinema-a-qui-le-festival-de-deauville-rend-hommage-3210878.html\" target=\"_blank\" rel=\"noopener nofollow\">une r\u00e9trospective sera consacr\u00e9e \u00e0 Alice Guy, pionni\u00e8re fran\u00e7aise du cin\u00e9ma et premi\u00e8re femme \u00e0 avoir cr\u00e9\u00e9 des studios aux \u00c9tats-Unis<\/a>.<\/p>\n<p>La programmation inclut \u00e9galement un focus sur la trilogie \u00ab\u00a0Teenage Apocalypse\u00a0\u00bb de Gregg Araki.<\/p>\n<p>Les Premi\u00e8res proposent 14 films dont \u00ab\u00a0Bugonia\u00a0\u00bb de Yorgos Lanthimos, \u00ab\u00a0Nouvelle Vague\u00a0\u00bb de Richard Linklater, \u00ab\u00a0Le Son des Souvenirs\u00a0\u00bb d&rsquo;Olivier Hermanus ou \u00ab\u00a0The Mastermind\u00a0\u00bb de Kelly Reichardt.<br \/>American Doc Stories pr\u00e9sente 8 documentaires, notamment \u00ab\u00a0Orwell 2+2=5\u00a0\u00bb de Raoul Peck et \u00ab\u00a0A 2000 m\u00e8tres d&rsquo;Andrivka\u00a0\u00bb de Mstylav Chernov.<\/p>\n<\/p>\n<p>Plusieurs prix seront d\u00e9cern\u00e9s : le Grand Prix et le Prix du jury (13 septembre), le Prix de la R\u00e9v\u00e9lation, le Prix d&rsquo;Ornano-Valenti pour \u00ab\u00a0Nino\u00a0\u00bb de Pauline Loqu\u00e8s, le Prix Lucien-Barri\u00e8re du Roman am\u00e9ricain \u00e0 Joyce Maynard pour \u00ab\u00a0Par o\u00f9 entre la lumi\u00e8re\u00a0\u00bb, et le Prix CANAL+ choisi par cinq abonn\u00e9s.<\/p>\n<p>Kristen Stewart proposera une carte blanche \u00ab\u00a0Mon cin\u00e9ma fran\u00e7ais\u00a0\u00bb le 13 septembre. Le festival inaugure \u00e9galement \u00ab\u00a0Deauville Industry Encounters\u00a0\u00bb, un volet professionnel en collaboration avec Villa Albertine Los Angeles pour renforcer les \u00e9changes franco-am\u00e9ricains.<\/p><\/p>\n","protected":false},"excerpt":{"rendered":"Du 5 au 14 septembre 2025, la 51e \u00e9dition du Festival du cin\u00e9ma am\u00e9ricain de Deauville promet une&hellip;\n","protected":false},"author":2,"featured_media":366132,"comment_status":"","ping_status":"","sticky":false,"template":"","format":"standard","meta":{"footnotes":""},"categories":[1359],"tags":[58,59,1011,27,973],"class_list":{"0":"post-366131","1":"post","2":"type-post","3":"status-publish","4":"format-standard","5":"has-post-thumbnail","7":"category-people","8":"tag-divertissement","9":"tag-entertainment","10":"tag-fr","11":"tag-france","12":"tag-people"},"share_on_mastodon":{"url":"https:\/\/pubeurope.com\/@fr\/115147077233617350","error":""},"_links":{"self":[{"href":"https:\/\/www.europesays.com\/fr\/wp-json\/wp\/v2\/posts\/366131","targetHints":{"allow":["GET"]}}],"collection":[{"href":"https:\/\/www.europesays.com\/fr\/wp-json\/wp\/v2\/posts"}],"about":[{"href":"https:\/\/www.europesays.com\/fr\/wp-json\/wp\/v2\/types\/post"}],"author":[{"embeddable":true,"href":"https:\/\/www.europesays.com\/fr\/wp-json\/wp\/v2\/users\/2"}],"replies":[{"embeddable":true,"href":"https:\/\/www.europesays.com\/fr\/wp-json\/wp\/v2\/comments?post=366131"}],"version-history":[{"count":0,"href":"https:\/\/www.europesays.com\/fr\/wp-json\/wp\/v2\/posts\/366131\/revisions"}],"wp:featuredmedia":[{"embeddable":true,"href":"https:\/\/www.europesays.com\/fr\/wp-json\/wp\/v2\/media\/366132"}],"wp:attachment":[{"href":"https:\/\/www.europesays.com\/fr\/wp-json\/wp\/v2\/media?parent=366131"}],"wp:term":[{"taxonomy":"category","embeddable":true,"href":"https:\/\/www.europesays.com\/fr\/wp-json\/wp\/v2\/categories?post=366131"},{"taxonomy":"post_tag","embeddable":true,"href":"https:\/\/www.europesays.com\/fr\/wp-json\/wp\/v2\/tags?post=366131"}],"curies":[{"name":"wp","href":"https:\/\/api.w.org\/{rel}","templated":true}]}}