{"id":366133,"date":"2025-09-04T16:56:11","date_gmt":"2025-09-04T16:56:11","guid":{"rendered":"https:\/\/www.europesays.com\/fr\/366133\/"},"modified":"2025-09-04T16:56:11","modified_gmt":"2025-09-04T16:56:11","slug":"besancon-deprogrammation-de-raphael-enthoven-a-livres-dans-la-boucle-reactions-scandalisees-a-droite-et-au-centre-lest-republicain","status":"publish","type":"post","link":"https:\/\/www.europesays.com\/fr\/366133\/","title":{"rendered":"Besan\u00e7on. D\u00e9programmation de Rapha\u00ebl Enthoven \u00e0 Livres dans la Boucle : r\u00e9actions scandalis\u00e9es \u00e0 droite et au centre &#8211; L&#039;Est R\u00e9publicain"},"content":{"rendered":"<ol>\n<li><a href=\"https:\/\/news.google.com\/rss\/articles\/CBMi8wFBVV95cUxQajhXVWltUjBUWFFIVTZPVUNDVXFrNDVkeEF2LVEyWjZDSkpSak82TVBqTFZ2dWpkR0g4Sk04UjI1MWdMNGliQ0JiejNFa0tDMHNtS285WE9udXFNQUs2b1ZXeWFmenpmaU14dnZKdHJjSWRVb3RROVBHMWNuTGZvVUhrT09FaGVBS2YxLXZtWUg4cnVDekUxWmRmN3BJbUtESjdHOXVXX3hIX2lSQmtvUnJZZkVENmM2cGwzZWZFRlNoNXZLSDVmLUQwUC1zNHN4YmFzN2VyOVF5RDgxOHJNZFJkcmNjalBQUzRHTFZPbWZKM0U?oc=5\" target=\"_blank\" rel=\"noopener\">Besan\u00e7on. D\u00e9programmation de Rapha\u00ebl Enthoven \u00e0 Livres dans la Boucle : r\u00e9actions scandalis\u00e9es \u00e0 droite et au centre<\/a>&nbsp;&nbsp;L&rsquo;Est R\u00e9publicain<\/li>\n<li><a href=\"https:\/\/news.google.com\/rss\/articles\/CBMi_AFBVV95cUxOdWxYMXVndzNqb2tGNHA0ZXFQRDVoeFNVdXJUQlpzd1VqRVFHNUp4dm5SLVo3eGk0MjRzdUFpWktqRlkxTnl4WWRRQ1lRUHYxekotTUMta0hNVjJDVUk0TkZQVHFqNnpPM3gzN1NWeWhrRnVDbUlCUHhOUXd4RXh1eDF2Wng0elVReFVvVVU3anJselVYaGFpdmZrdDIyTllrQzh0a2dNUWxUSWtOUmFWeWxxdWx6cHMtQ2I1b1lKSGJOeGlJRklISVNKSk5jQUhsMzdLQnZLX1RiVnA4NjlvM1dvbnBLMTVDNkpaVDc4THJvVHRlclZ0QmNHU0U?oc=5\" target=\"_blank\" rel=\"noopener\">Besan\u00e7on annule la venue de Rapha\u00ebl Enthoven \u00e0 un festival litt\u00e9raire pour ses propos sur Gaza<\/a>&nbsp;&nbsp;Le Monde.fr<\/li>\n<li><a href=\"https:\/\/news.google.com\/rss\/articles\/CBMiqAJBVV95cUxObkdSdk05RC03Ymtvbm5NRENQVll0aGdkZHB5bEVtZlFOZlVjdnNVR25wdEZBemRoN1hNSXRDV3ptOVdDOVYyd1QyODR0QjhDSGh0MEFXMm15MmZHZzRIcGdXclBMWDdMUFc4bk83M3B1MkF0bWdFODI0dW44OEh3LUpZM3k5RUhXRTBudHd6RThQeDVaQ1F6MGpwLW1EZGQ5SWVUU1czYmp0dlQ4Z09XT2NlbFFJWW5JMC1uTWROLVlwRGo5ZEtqMEgyZmhoWnpvRTI3TVhlQlQzOElJQ1hQWllSQ2hBRW03eUZWdnp1UmhCaVFFMENhX01KLTlFZTZNLVJmQ1QyT3ZqZFMwR2hVdXdjNHJHdnFJR0ZFZnhsaGRvdDdYajZhMQ?oc=5\" target=\"_blank\" rel=\"noopener\">Apr\u00e8s ses propos sur Gaza, l&rsquo;essayiste Rapha\u00ebl Enthoven n&rsquo;est plus le bienvenu au Festival Livres dans la Boucle<\/a>&nbsp;&nbsp;France 3 R\u00e9gions<\/li>\n<li><a href=\"https:\/\/news.google.com\/rss\/articles\/CBMiogJBVV95cUxNWWdfVjRoX0x5NU1INklJeGtTZWc5M0tscGFIbW9mMHlBTzVZZVBkWnVtX2o2WVVHTElKQ2lWa3YxWWNGSXBpWVdkS3pBWXI3ckc0R1QxckpKVTB5aG0zaTRYY2JWYURGSndJWm9lUkh2VDVOeDM3b3c0Rzd5MnNCWnN6a1pkcG5nUFo3cWpscXhJSkg1NlVwckdjaEhTTTRzdldhUHNtbWdCUW14c05YRUZmLWpPVGhTVGtPMmJEVTFQRmNnVW1JRkRrUVNSYmZROXlaWWZOY3MtTXQ1cHpTcktobU1Id3NfXzZXaGdMdzNVWTJ0aXNOVGxIRGlKNVBxeDZjMndUVHhIS2c1d3pUdDl3NUhtYXNrQXVzYUd5QzQ1Zw?oc=5\" target=\"_blank\" rel=\"noopener\">Enthoven retir\u00e9 du festival du Livre \u00e0 Besan\u00e7on apr\u00e8s ses propos sur Gaza<\/a>&nbsp;&nbsp;Valeurs actuelles<\/li>\n<li><a href=\"https:\/\/news.google.com\/rss\/articles\/CBMi2AFBVV95cUxNVnVOb044WGh0eFh3dU1neE81ZVpJcUNVSnQ0N04xRVpXeTQtSjdoQVNTX3htMVUwLTVLQTFmTXVOd2NiVEZsbzgyTnV3MEt2M3RhUmhRdEswbWpPUUxLbVdObE9wWnlKYmJZeWkxM21GS0p5M0RWdk5TUUhlNjFvOTgxRzhza1hMOW1zSWRTeWNpeXVZS1hUYXlRZ3lWUm5BSmFpbS1LNTVRZnpHQ3lwT0dHSzNuY0lVUHBpTHZUcjRSWTVyUE9kRVhUM1owMVpoT3pwdV9KNTU?oc=5\" target=\"_blank\" rel=\"noopener\">Rapha\u00ebl Enthoven n\u2019est plus invit\u00e9 au festival litt\u00e9raire de Besan\u00e7on<\/a>&nbsp;&nbsp;20 Minutes<\/li>\n<\/ol>\n","protected":false},"excerpt":{"rendered":"Besan\u00e7on. D\u00e9programmation de Rapha\u00ebl Enthoven \u00e0 Livres dans la Boucle : r\u00e9actions scandalis\u00e9es \u00e0 droite et au centre&nbsp;&nbsp;L&rsquo;Est&hellip;\n","protected":false},"author":2,"featured_media":366134,"comment_status":"","ping_status":"","sticky":false,"template":"","format":"standard","meta":{"footnotes":""},"categories":[1357],"tags":[10112,14382,1379,1687,58,14383,59,1685,1011,27,3540,3539,6319,1380,2410,22383,2759,8387,316,3370],"class_list":{"0":"post-366133","1":"post","2":"type-post","3":"status-publish","4":"format-standard","5":"has-post-thumbnail","7":"category-livres","8":"tag-besancon","9":"tag-besancon-ville-25a","10":"tag-books","11":"tag-culture-loisirs","12":"tag-divertissement","13":"tag-edition-besancon","14":"tag-entertainment","15":"tag-foire-et-salon","16":"tag-fr","17":"tag-france","18":"tag-horizons","19":"tag-les-ecologistes","20":"tag-les-republicains","21":"tag-livres","22":"tag-livres-bd","23":"tag-livres-dans-la-boucle","24":"tag-modem","25":"tag-parti-communiste","26":"tag-politique","27":"tag-renaissance"},"share_on_mastodon":{"url":"https:\/\/pubeurope.com\/@fr\/115147085744635858","error":""},"_links":{"self":[{"href":"https:\/\/www.europesays.com\/fr\/wp-json\/wp\/v2\/posts\/366133","targetHints":{"allow":["GET"]}}],"collection":[{"href":"https:\/\/www.europesays.com\/fr\/wp-json\/wp\/v2\/posts"}],"about":[{"href":"https:\/\/www.europesays.com\/fr\/wp-json\/wp\/v2\/types\/post"}],"author":[{"embeddable":true,"href":"https:\/\/www.europesays.com\/fr\/wp-json\/wp\/v2\/users\/2"}],"replies":[{"embeddable":true,"href":"https:\/\/www.europesays.com\/fr\/wp-json\/wp\/v2\/comments?post=366133"}],"version-history":[{"count":0,"href":"https:\/\/www.europesays.com\/fr\/wp-json\/wp\/v2\/posts\/366133\/revisions"}],"wp:featuredmedia":[{"embeddable":true,"href":"https:\/\/www.europesays.com\/fr\/wp-json\/wp\/v2\/media\/366134"}],"wp:attachment":[{"href":"https:\/\/www.europesays.com\/fr\/wp-json\/wp\/v2\/media?parent=366133"}],"wp:term":[{"taxonomy":"category","embeddable":true,"href":"https:\/\/www.europesays.com\/fr\/wp-json\/wp\/v2\/categories?post=366133"},{"taxonomy":"post_tag","embeddable":true,"href":"https:\/\/www.europesays.com\/fr\/wp-json\/wp\/v2\/tags?post=366133"}],"curies":[{"name":"wp","href":"https:\/\/api.w.org\/{rel}","templated":true}]}}