{"id":366135,"date":"2025-09-04T16:57:11","date_gmt":"2025-09-04T16:57:11","guid":{"rendered":"https:\/\/www.europesays.com\/fr\/366135\/"},"modified":"2025-09-04T16:57:11","modified_gmt":"2025-09-04T16:57:11","slug":"cyril-hanouna-lui-adresse-une-insulte-jean-michel-aphatie-en-fait-le-titre-de-son-livre","status":"publish","type":"post","link":"https:\/\/www.europesays.com\/fr\/366135\/","title":{"rendered":"Cyril Hanouna lui adresse une insulte, Jean-Michel Aphatie en fait le titre de son livre"},"content":{"rendered":"<p>Les <a href=\"https:\/\/www.20minutes.fr\/arts-stars\/people\/4085122-20240405-commission-enquete-tnt-insulte-cyril-hanouna-tpmp-jean-michel-aphatie-repond-twitter\" class=\"c-link c-link--is-underlined\" target=\"_blank\" rel=\"noopener\">tensions entre les deux hommes de t\u00e9l\u00e9<\/a> ne sont manifestement pas retomb\u00e9es\u00a0: <a href=\"https:\/\/www.20minutes.fr\/arts-stars\/medias\/4142598-20250309-rtl-apres-propos-colonisation-algerie-jean-michel-apathie-annonce-reviendra-antenne\" class=\"c-link c-link--is-underlined\" target=\"_blank\" rel=\"noopener\">Jean-Michel Aphatie<\/a> s\u2019appr\u00eate \u00e0 publier un livre sur <a href=\"https:\/\/www.20minutes.fr\/arts-stars\/television\/cyril_hanouna\/\" class=\"c-link c-link--is-underlined\" target=\"_blank\" rel=\"noopener\">Cyril Hanouna<\/a>, le nouvel animateur de <a href=\"https:\/\/www.20minutes.fr\/arts-stars\/television\/4170699-20250902-tout-beau-tout-n9uf-cyril-hanouna-tenu-promesses\" class=\"c-link c-link--is-underlined\" target=\"_blank\" rel=\"noopener\">Tout beau tout 9<\/a> (<a href=\"https:\/\/www.20minutes.fr\/dossier\/m6\" class=\"c-link c-link--is-underlined\" target=\"_blank\" rel=\"noopener\">M6<\/a>), sous le d\u00e9licieux titre T\u2019es une merde fr\u00e8re, Sign\u00e9 Hanouna, <a href=\"https:\/\/www.huffingtonpost.fr\/culture\/article\/jean-michel-aphatie-publie-un-livre-sur-cyril-hanouna-et-le-titre-est-tire-d-un-sms-insultant-qu-il-lui-a-envoye_254373.html\" rel=\"nofollow noopener\" target=\"_blank\" class=\"c-link c-link--is-underlined\">rapporte Le HuffPost<\/a>.<\/p>\n<\/p>\n<p>Sous-titr\u00e9 Enqu\u00eate sur celui qui a cr\u00e9\u00e9 la Trump t\u00e9l\u00e9 \u00e0 la fran\u00e7aise, l\u2019ouvrage doit son titre \u00e0 une <a href=\"https:\/\/www.20minutes.fr\/dossier\/insulte\" class=\"c-link c-link--is-underlined\" target=\"_blank\" rel=\"noopener\">insulte<\/a> qu\u2019aurait adress\u00e9e Hanouna \u00e0 son auteur par SMS et sera publi\u00e9 aux \u00e9ditions Robert Laffont le 18\u00a0septembre 2025.<\/p>\n<p>\u00ab\u00a0Bient\u00f4t la grosse Darka\u00a0\u00bb<\/p>\n<p>Jean-Michel Aphatie en a d\u2019ailleurs d\u00e9voil\u00e9 un court extrait sur son compte <a href=\"https:\/\/www.20minutes.fr\/high-tech\/twitter\/\" class=\"c-link c-link--is-underlined\" target=\"_blank\" rel=\"noopener\">X<\/a>, jeudi 4\u00a0septembre 2025, en reprenant une expression ch\u00e8re \u00e0 l\u2019ex-pr\u00e9sentateur de <a href=\"https:\/\/www.20minutes.fr\/arts-stars\/television\/tpmp\/\" class=\"c-link c-link--is-underlined\" target=\"_blank\" rel=\"noopener\">Touche pas \u00e0 mon poste\u00a0!\u00a0<\/a>: \u00ab\u00a0bient\u00f4t la grosse Darka [rigolade] en librairie. J\u2019ai h\u00e2te. \u00c9tonnant, non\u00a0?\u00a0\u00bb.<\/p>\n<p class=\"mb-xxl@xs color-ultramarine font-weight-semi-bold@xs font-source-serif-pro heading-s@xs\">L\u2019acc\u00e8s \u00e0 ce contenu a \u00e9t\u00e9 bloqu\u00e9 afin de respecter votre choix de consentement<\/p>\n<p class=\"mb-m@xs text-l@xs\">En cliquant sur\u00ab J\u2019accepte \u00bb, vous acceptez le d\u00e9p\u00f4t de cookies par des services externes et aurez ainsi acc\u00e8s aux contenus de nos partenaires.<\/p>\n<p class=\"mb-xl@xs text-s@xs\">Plus d\u2019informations sur la page<a href=\"https:\/\/www.20minutes.fr\/gestion-cookies\" class=\"mx-xxs@xs color-ultramarine\" target=\"_blank\" rel=\"noopener\">Politique de gestion des cookies<\/a><\/p>\n<p>J\u2019accepte<\/p>\n<p>Pour autant, le chroniqueur de <a href=\"https:\/\/www.20minutes.fr\/television\/quotidien\/\" class=\"c-link c-link--is-underlined\" target=\"_blank\" rel=\"noopener\">Quotidien<\/a> (<a href=\"https:\/\/www.20minutes.fr\/television\/tmc\/\" class=\"c-link c-link--is-underlined\" target=\"_blank\" rel=\"noopener\">TMC<\/a>) aurait assur\u00e9 que son livre \u00e9tait un ouvrage d\u2019investigation, et non un r\u00e8glement de comptes.<\/p>\n<p>La gen\u00e8se de l\u2019insulte<\/p>\n<p>Le HuffPost en profite pour r\u00e9v\u00e9ler les croustillantes circonstances dans lesquelles ce fameux <a href=\"https:\/\/www.20minutes.fr\/dossier\/sms\" class=\"c-link c-link--is-underlined\" target=\"_blank\" rel=\"noopener\">SMS <\/a>aurait \u00e9t\u00e9 envoy\u00e9\u00a0: \u00e0 l\u2019issue de son <a href=\"https:\/\/www.20minutes.fr\/dossier\/enquete\" class=\"c-link c-link--is-underlined\" target=\"_blank\" rel=\"noopener\">enqu\u00eate<\/a>, Jean-Michel Aphatie aurait adress\u00e9 \u00e0 Cyril Hanouna quelques questions\u2026 auxquelles ce dernier lui aurait donc r\u00e9pondu \u00ab\u00a0Tout le monde s\u2019en balec\u2019de ton livre. T\u2019es une demer fr\u00e8re\u00a0\u00bb.<\/p>\n<p><a href=\"https:\/\/www.20minutes.fr\/arts-stars\/television\/cyril_hanouna\/\" class=\"c-link c-btn c-btn--primary\" target=\"_blank\" rel=\"noopener\">Notre dossier \u00ab Cyril Hanouna \u00bb<\/a><\/p>\n<p>\u00ab\u00a0C\u2019est lui qui a trouv\u00e9 le titre de l\u2019ouvrage. Qu\u2019il en soit remerci\u00e9\u00a0\u00bb, \u00e9crit fac\u00e9tieusement le <a href=\"https:\/\/www.20minutes.fr\/dossier\/journaliste\" class=\"c-link c-link--is-underlined\" target=\"_blank\" rel=\"noopener\">journaliste<\/a> dans les pages de remerciements de son livre, dans lequel il interroge la responsabilit\u00e9 de ceux qui ont accord\u00e9 autant d\u2019antenne \u00e0 Cyril Hanouna (le groupe <a href=\"https:\/\/www.20minutes.fr\/dossier\/vincent_bollore\" class=\"c-link c-link--is-underlined\" target=\"_blank\" rel=\"noopener\">Bollor\u00e9<\/a>, puis le groupe M6), lui permettant de \u00ab\u00a0r\u00e9gner\u00a0\u00bb sur le paysage audiovisuel fran\u00e7ais.<\/p>\n","protected":false},"excerpt":{"rendered":"Les tensions entre les deux hommes de t\u00e9l\u00e9 ne sont manifestement pas retomb\u00e9es\u00a0: Jean-Michel Aphatie s\u2019appr\u00eate \u00e0 publier&hellip;\n","protected":false},"author":2,"featured_media":366136,"comment_status":"","ping_status":"","sticky":false,"template":"","format":"standard","meta":{"footnotes":""},"categories":[1356],"tags":[1083,58,59,1011,27,2335,2957,1351,1380,494,1404,741,252,8648,7279,1364,133],"class_list":{"0":"post-366135","1":"post","2":"type-post","3":"status-publish","4":"format-standard","5":"has-post-thumbnail","7":"category-television","8":"tag-cyril-hanouna","9":"tag-divertissement","10":"tag-entertainment","11":"tag-fr","12":"tag-france","13":"tag-insulte","14":"tag-journaliste","15":"tag-litterature","16":"tag-livres","17":"tag-m6","18":"tag-quotidien","19":"tag-sms","20":"tag-television","21":"tag-tmc","22":"tag-touche-pas-a-mon-poste-tpmp","23":"tag-tv","24":"tag-video"},"share_on_mastodon":{"url":"https:\/\/pubeurope.com\/@fr\/115147089034394662","error":""},"_links":{"self":[{"href":"https:\/\/www.europesays.com\/fr\/wp-json\/wp\/v2\/posts\/366135","targetHints":{"allow":["GET"]}}],"collection":[{"href":"https:\/\/www.europesays.com\/fr\/wp-json\/wp\/v2\/posts"}],"about":[{"href":"https:\/\/www.europesays.com\/fr\/wp-json\/wp\/v2\/types\/post"}],"author":[{"embeddable":true,"href":"https:\/\/www.europesays.com\/fr\/wp-json\/wp\/v2\/users\/2"}],"replies":[{"embeddable":true,"href":"https:\/\/www.europesays.com\/fr\/wp-json\/wp\/v2\/comments?post=366135"}],"version-history":[{"count":0,"href":"https:\/\/www.europesays.com\/fr\/wp-json\/wp\/v2\/posts\/366135\/revisions"}],"wp:featuredmedia":[{"embeddable":true,"href":"https:\/\/www.europesays.com\/fr\/wp-json\/wp\/v2\/media\/366136"}],"wp:attachment":[{"href":"https:\/\/www.europesays.com\/fr\/wp-json\/wp\/v2\/media?parent=366135"}],"wp:term":[{"taxonomy":"category","embeddable":true,"href":"https:\/\/www.europesays.com\/fr\/wp-json\/wp\/v2\/categories?post=366135"},{"taxonomy":"post_tag","embeddable":true,"href":"https:\/\/www.europesays.com\/fr\/wp-json\/wp\/v2\/tags?post=366135"}],"curies":[{"name":"wp","href":"https:\/\/api.w.org\/{rel}","templated":true}]}}