{"id":366137,"date":"2025-09-04T16:58:10","date_gmt":"2025-09-04T16:58:10","guid":{"rendered":"https:\/\/www.europesays.com\/fr\/366137\/"},"modified":"2025-09-04T16:58:10","modified_gmt":"2025-09-04T16:58:10","slug":"lady-gaga-annule-lun-de-ses-concerts-juste-avant-de-monter-sur-scene","status":"publish","type":"post","link":"https:\/\/www.europesays.com\/fr\/366137\/","title":{"rendered":"Lady Gaga annule l&rsquo;un de ses concerts juste avant de monter sur sc\u00e8ne"},"content":{"rendered":"<p class=\"text-left ap-StoryElement ap-StoryElement--mb ap-StoryText\">La chanteuse am\u00e9ricaine n&rsquo;a pas pu monter sur la sc\u00e8ne du Kaseya Center de Miami ce mercredi 3 septembre. Les fans ont \u00e9t\u00e9 pr\u00e9venus \u00e0 la derni\u00e8re minute.<\/p>\n<p class=\"text-left ap-StoryElement ap-StoryElement--mb ap-StoryText\">Lady Gaga a annonc\u00e9 la nouvelle sur ses r\u00e9seaux sociaux : \u00ab\u00a0Salut tout le monde, je suis vraiment d\u00e9sol\u00e9e, mais je dois reporter le spectacle de ce soir \u00e0 Miami. Pendant la r\u00e9p\u00e9tition hier soir et mon \u00e9chauffement vocal ce soir, ma voix \u00e9tait extr\u00eamement tendue et mon [m\u00e9decin] et mon professeur de chant m&rsquo;ont conseill\u00e9 de ne pas y aller en raison des risques.\u00a0\u00bb<\/p>\n","protected":false},"excerpt":{"rendered":"La chanteuse am\u00e9ricaine n&rsquo;a pas pu monter sur la sc\u00e8ne du Kaseya Center de Miami ce mercredi 3&hellip;\n","protected":false},"author":2,"featured_media":366138,"comment_status":"","ping_status":"","sticky":false,"template":"","format":"standard","meta":{"footnotes":""},"categories":[1355],"tags":[50059,50060,58,59,50061,1011,27,1361,873,50062,50063,50064,50065,50066,60,50067,50068,50069,50070],"class_list":{"0":"post-366137","1":"post","2":"type-post","3":"status-publish","4":"format-standard","5":"has-post-thumbnail","7":"category-musique","8":"tag-2024-paris-olympic-games","9":"tag-2024-summer-olympic-games","10":"tag-divertissement","11":"tag-entertainment","12":"tag-events","13":"tag-fr","14":"tag-france","15":"tag-music","16":"tag-musique","17":"tag-olympic-games","18":"tag-olympics","19":"tag-olympics-2024","20":"tag-paris-olympics","21":"tag-paris-summer-olympics","22":"tag-sports","23":"tag-summer-games","24":"tag-summer-olympic-games","25":"tag-summer-olympics-2024","26":"tag-xxxiii-olympiad"},"share_on_mastodon":{"url":"","error":""},"_links":{"self":[{"href":"https:\/\/www.europesays.com\/fr\/wp-json\/wp\/v2\/posts\/366137","targetHints":{"allow":["GET"]}}],"collection":[{"href":"https:\/\/www.europesays.com\/fr\/wp-json\/wp\/v2\/posts"}],"about":[{"href":"https:\/\/www.europesays.com\/fr\/wp-json\/wp\/v2\/types\/post"}],"author":[{"embeddable":true,"href":"https:\/\/www.europesays.com\/fr\/wp-json\/wp\/v2\/users\/2"}],"replies":[{"embeddable":true,"href":"https:\/\/www.europesays.com\/fr\/wp-json\/wp\/v2\/comments?post=366137"}],"version-history":[{"count":0,"href":"https:\/\/www.europesays.com\/fr\/wp-json\/wp\/v2\/posts\/366137\/revisions"}],"wp:featuredmedia":[{"embeddable":true,"href":"https:\/\/www.europesays.com\/fr\/wp-json\/wp\/v2\/media\/366138"}],"wp:attachment":[{"href":"https:\/\/www.europesays.com\/fr\/wp-json\/wp\/v2\/media?parent=366137"}],"wp:term":[{"taxonomy":"category","embeddable":true,"href":"https:\/\/www.europesays.com\/fr\/wp-json\/wp\/v2\/categories?post=366137"},{"taxonomy":"post_tag","embeddable":true,"href":"https:\/\/www.europesays.com\/fr\/wp-json\/wp\/v2\/tags?post=366137"}],"curies":[{"name":"wp","href":"https:\/\/api.w.org\/{rel}","templated":true}]}}