{"id":366139,"date":"2025-09-04T16:59:28","date_gmt":"2025-09-04T16:59:28","guid":{"rendered":"https:\/\/www.europesays.com\/fr\/366139\/"},"modified":"2025-09-04T16:59:28","modified_gmt":"2025-09-04T16:59:28","slug":"la-voie-de-leau-fait-son-grand-retour-au-cinema-pour-une-semaine","status":"publish","type":"post","link":"https:\/\/www.europesays.com\/fr\/366139\/","title":{"rendered":"La Voie de l&rsquo;Eau\u00a0\u00bb fait son grand retour au cin\u00e9ma pour une semaine"},"content":{"rendered":"<p>Le blockbuster de James Cameron ressort sur grand \u00e9cran du 1er au 7 octobre en 3D uniquement. Une occasion de red\u00e9couvrir Pandora avant la sortie d'\u00a0\u00bbAvatar 3&Prime; en d\u00e9cembre 2025.<\/p>\n<p>Deux ans apr\u00e8s sa sortie triomphale, <a href=\"https:\/\/www.bfmtv.com\/people\/cinema\/avatar-2-la-voie-de-l-eau-est-le-plus-gros-succes-du-box-office-francais-depuis-12-ans_AN-202302060454.html\" title=\"&quot;Avatar 2: La Voie de l&#039;eau&quot; est le plus gros succ\u00e8s du box-office fran\u00e7ais depuis 12 ans\" class=\"internal_link\" rel=\"nofollow noopener\" target=\"_blank\">Avatar : La Voie de l&rsquo;Eau<\/a> retrouve les salles obscures fran\u00e7aises pour une semaine. Du 1er au 7 octobre, le public pourra replonger dans les eaux cristallines de Pandora en version 3D.<\/p>\n<p>Ce deuxi\u00e8me volet de la saga de <a href=\"https:\/\/www.bfmtv.com\/people\/cinema\/james-cameron-souhaite-developper-sa-saga-avatar-en-serie-et-film-d-animation_AN-202507290262.html\" title=\"James Cameron souhaite d\u00e9velopper sa saga &quot;Avatar&quot; en s\u00e9rie et film d&#039;animation\" class=\"internal_link\" rel=\"nofollow noopener\" target=\"_blank\">James Cameron<\/a> avait conquis plus de 14,2 millions de spectateurs en France et g\u00e9n\u00e9r\u00e9 2,3 milliards de dollars de recettes mondiales. Un succ\u00e8s ph\u00e9nom\u00e9nal qui avait plac\u00e9 le film \u00e0 la troisi\u00e8me position du box-office mondial de tous les temps. Cette ressortie s&rsquo;accompagne d&rsquo;une nouvelle affiche et d&rsquo;une bande-annonce in\u00e9dite.<\/p>\n<p>En attendant \u00ab\u00a0Avatar 3\u00a0\u00bb<\/p>\n<p>Cette projection exceptionnelle intervient strat\u00e9giquement avant la sortie tr\u00e8s attendue d&rsquo;<a href=\"https:\/\/www.bfmtv.com\/people\/cinema\/avatar-3-la-bande-annonce-du-film-enfin-devoilee_AN-202507280409.html\" title=\"&quot;Avatar 3&quot;: la bande-annonce du film (enfin) d\u00e9voil\u00e9e et cela valait le coup d&#039;attendre\" class=\"internal_link\" rel=\"nofollow noopener\" target=\"_blank\">Avatar: De Feu et de Cendres<\/a>, programm\u00e9e le 17 d\u00e9cembre 2025. L&rsquo;occasion pour les fans de la famille Sully de se remettre dans l&rsquo;ambiance avant de d\u00e9couvrir le troisi\u00e8me chapitre de cette saga visionnaire.<\/p>\n<p>Avatar: La Voie de l&rsquo;Eau, qui se d\u00e9roule plus d&rsquo;une d\u00e9cennie apr\u00e8s les \u00e9v\u00e9nements du premier film, suit les aventures de Jake, Neytiri et leurs enfants dans leur lutte pour la survie. Le film nous emm\u00e8ne \u00e0 travers les somptueux paysages marins de Pandora, r\u00e9v\u00e9lant de nouvelles cultures Na&rsquo;vi et une fascinante faune aquatique.<\/p>\n<p><img decoding=\"async\" src=\"https:\/\/www.europesays.com\/fr\/wp-content\/uploads\/2025\/04\/principale-15_3.png\"  alt=\"Avatar, coulisses d'un tournage r\u00e9volutionnaire\" title=\"Avatar, coulisses d'un tournage r\u00e9volutionnaire\"\/>Avatar, coulisses d&rsquo;un tournage r\u00e9volutionnaireUne reconnaissance artistique unanime<\/p>\n<p>Laur\u00e9at de l&rsquo;Oscar des meilleurs effets visuels et nomm\u00e9 dans la cat\u00e9gorie du meilleur film, le long-m\u00e9trage de 3h12 reste une r\u00e9f\u00e9rence incontournable en mati\u00e8re d&rsquo;innovation technique et de spectacle cin\u00e9matographique.<\/p>\n<p>Le film r\u00e9unit Sam Worthington, Zoe Salda\u00f1a, Sigourney Weaver, Stephen Lang, Cliff Curtis et Kate Winslet, accompagn\u00e9s par une nouvelle g\u00e9n\u00e9ration d&rsquo;acteurs incluant Britain Dalton, Jamie Flatters, Trinity Jo-Li Bliss, Bailey Bass et Jack Champion.<\/p>\n","protected":false},"excerpt":{"rendered":"Le blockbuster de James Cameron ressort sur grand \u00e9cran du 1er au 7 octobre en 3D uniquement. Une&hellip;\n","protected":false},"author":2,"featured_media":366140,"comment_status":"","ping_status":"","sticky":false,"template":"","format":"standard","meta":{"footnotes":""},"categories":[1354],"tags":[58,59,1346,1011,27,1360],"class_list":{"0":"post-366139","1":"post","2":"type-post","3":"status-publish","4":"format-standard","5":"has-post-thumbnail","7":"category-films","8":"tag-divertissement","9":"tag-entertainment","10":"tag-films","11":"tag-fr","12":"tag-france","13":"tag-movies"},"share_on_mastodon":{"url":"https:\/\/pubeurope.com\/@fr\/115147097358424657","error":""},"_links":{"self":[{"href":"https:\/\/www.europesays.com\/fr\/wp-json\/wp\/v2\/posts\/366139","targetHints":{"allow":["GET"]}}],"collection":[{"href":"https:\/\/www.europesays.com\/fr\/wp-json\/wp\/v2\/posts"}],"about":[{"href":"https:\/\/www.europesays.com\/fr\/wp-json\/wp\/v2\/types\/post"}],"author":[{"embeddable":true,"href":"https:\/\/www.europesays.com\/fr\/wp-json\/wp\/v2\/users\/2"}],"replies":[{"embeddable":true,"href":"https:\/\/www.europesays.com\/fr\/wp-json\/wp\/v2\/comments?post=366139"}],"version-history":[{"count":0,"href":"https:\/\/www.europesays.com\/fr\/wp-json\/wp\/v2\/posts\/366139\/revisions"}],"wp:featuredmedia":[{"embeddable":true,"href":"https:\/\/www.europesays.com\/fr\/wp-json\/wp\/v2\/media\/366140"}],"wp:attachment":[{"href":"https:\/\/www.europesays.com\/fr\/wp-json\/wp\/v2\/media?parent=366139"}],"wp:term":[{"taxonomy":"category","embeddable":true,"href":"https:\/\/www.europesays.com\/fr\/wp-json\/wp\/v2\/categories?post=366139"},{"taxonomy":"post_tag","embeddable":true,"href":"https:\/\/www.europesays.com\/fr\/wp-json\/wp\/v2\/tags?post=366139"}],"curies":[{"name":"wp","href":"https:\/\/api.w.org\/{rel}","templated":true}]}}