{"id":366149,"date":"2025-09-04T17:04:09","date_gmt":"2025-09-04T17:04:09","guid":{"rendered":"https:\/\/www.europesays.com\/fr\/366149\/"},"modified":"2025-09-04T17:04:09","modified_gmt":"2025-09-04T17:04:09","slug":"zefir-leve-15-millions-deuros-et-lance-son-agent-immobilier-virtuel","status":"publish","type":"post","link":"https:\/\/www.europesays.com\/fr\/366149\/","title":{"rendered":"Zefir l\u00e8ve 15 millions d&rsquo;euros et lance son agent immobilier virtuel"},"content":{"rendered":"<p>Deux ans apr\u00e8s son pivot, Zefir confirme sa capacit\u00e9 de r\u00e9silience dans un march\u00e9 immobilier chahut\u00e9. La startup fond\u00e9e par R\u00e9my Fabre annonce une lev\u00e9e de 15 millions d\u2019euros en equity, men\u00e9e par FinTech Collective et soutenue par ses investisseurs historiques <a href=\"https:\/\/www.sequoiacap.com\/\" rel=\"nofollow noopener\" target=\"_blank\">Sequoia Capital<\/a>, Zigg Capital et Heartcore Capital. Depuis sa cr\u00e9ation, <a href=\"https:\/\/www.maddyness.com\/2024\/04\/22\/proptech-malgre-un-marche-en-berne-zefir-leve-11-millions-deuros-en-serie-b\/\" rel=\"nofollow noopener\" target=\"_blank\">elle a ainsi lev\u00e9 50 millions d\u2019euros au total<\/a>.<\/p>\n<p>\u00ab Nous sommes pass\u00e9s de 200 \u00e0 plus de 600 millions d\u2019euros de transactions en un an, avec une croissance annuelle multipli\u00e9e par trois. C\u2019est la preuve que notre mod\u00e8le pla\u00eet, m\u00eame dans un contexte de march\u00e9 immobilier tendu \u00bb, souligne R\u00e9my Fabre, cofondateur et CEO de Zefir.<\/p>\n<p><strong>De la vente garantie \u00e0 la vente collective<\/strong><\/p>\n<p>\u00c0 son lancement, Zefir s\u2019\u00e9tait positionn\u00e9e sur la vente garantie, une formule cens\u00e9e s\u00e9curiser les vendeurs de biens immobiliers. Elle leur promettait un prix ferme, quitte \u00e0 racheter le bien en cas d\u2019absence d\u2019acheteur. Mais ce mod\u00e8le, tr\u00e8s risqu\u00e9 dans un march\u00e9 en contraction, a vite montr\u00e9 ses limites. En 2022, la startup a donc choisi de pivoter vers la vente collective : elle f\u00e9d\u00e8re les agents locaux autour d\u2019une m\u00eame transaction, permettant d\u2019acc\u00e9der \u00e0 95 % des acheteurs potentiels et de vendre deux fois plus vite que la moyenne.<\/p>\n<p>\u00ab Plusieurs agents travaillent ensemble via notre plateforme, et nous r\u00e9partissons la commission. Cela permet aux vendeurs de vendre plus vite, au meilleur prix, gr\u00e2ce \u00e0 un acc\u00e8s \u00e0 pr\u00e8s de 95% des acteurs du march\u00e9 \u00bb, explique R\u00e9my Fabre. Ce repositionnement lui a permis de retrouver une trajectoire de croissance solide et d\u2019\u00e9largir sa couverture \u00e0 plus de 100 000 biens sur son site. L\u2019ambition est d\u00e9sormais d\u2019\u00e9tendre le mod\u00e8le dans une quinzaine de villes suppl\u00e9mentaires, au-del\u00e0 de Paris, Lyon, Lille ou Nantes.<\/p>\n<p><strong>Miser sur l\u2019IA pour pr\u00e9parer la prochaine \u00e9tape<\/strong><\/p>\n<p>Ce tour de table va aussi financer le lancement de \u00ab\u00a0ZIA\u00a0\u00bb, un agent immobilier virtuel bas\u00e9 sur l\u2019intelligence artificielle. L\u2019outil, accessible gratuitement pour l\u2019instant, permet d\u2019accompagner vendeurs et acheteurs dans leurs d\u00e9marches, avec une exp\u00e9rience plus conversationnelle et personnalis\u00e9e. \u00ab Nous ambitionnons est de devenir la premi\u00e8re plateforme immobili\u00e8re intelligente. Avec Zefir, nous mettons l\u2019IA au service des grands moments de vie afin de rendre l\u2019achat et la vente plus simples et plus rapides \u00bb, commente R\u00e9my Fabre.<\/p>\n<p>Si la startup reste d\u00e9ficitaire \u00e0 l\u2019\u00e9chelle de l\u2019entreprise, elle affirme d\u00e9gager une rentabilit\u00e9 op\u00e9rationnelle sur chaque transaction. \u00ab Nous sommes rentables sur nos op\u00e9rations, mais nous continuons \u00e0 investir pour soutenir une forte croissance \u00bb, pr\u00e9cise R\u00e9my Fabre. L\u2019ambition est d\u00e9sormais claire : doubler les effectifs, renforcer la technologie et poursuivre un rythme de croissance sup\u00e9rieur \u00e0 2x par an. \u00ab Nous voulons continuer \u00e0 r\u00e9volutionner la mani\u00e8re dont les gens vendent et ach\u00e8tent leur logement, tout en devenant un acteur incontournable du march\u00e9 immobilier \u00bb, conclut-il.<\/p>\n","protected":false},"excerpt":{"rendered":"Deux ans apr\u00e8s son pivot, Zefir confirme sa capacit\u00e9 de r\u00e9silience dans un march\u00e9 immobilier chahut\u00e9. La startup&hellip;\n","protected":false},"author":2,"featured_media":366150,"comment_status":"","ping_status":"","sticky":false,"template":"","format":"standard","meta":{"footnotes":""},"categories":[6],"tags":[35,33,34,1011,27],"class_list":{"0":"post-366149","1":"post","2":"type-post","3":"status-publish","4":"format-standard","5":"has-post-thumbnail","7":"category-economie","8":"tag-business","9":"tag-economie","10":"tag-economy","11":"tag-fr","12":"tag-france"},"share_on_mastodon":{"url":"https:\/\/pubeurope.com\/@fr\/115147116661013206","error":""},"_links":{"self":[{"href":"https:\/\/www.europesays.com\/fr\/wp-json\/wp\/v2\/posts\/366149","targetHints":{"allow":["GET"]}}],"collection":[{"href":"https:\/\/www.europesays.com\/fr\/wp-json\/wp\/v2\/posts"}],"about":[{"href":"https:\/\/www.europesays.com\/fr\/wp-json\/wp\/v2\/types\/post"}],"author":[{"embeddable":true,"href":"https:\/\/www.europesays.com\/fr\/wp-json\/wp\/v2\/users\/2"}],"replies":[{"embeddable":true,"href":"https:\/\/www.europesays.com\/fr\/wp-json\/wp\/v2\/comments?post=366149"}],"version-history":[{"count":0,"href":"https:\/\/www.europesays.com\/fr\/wp-json\/wp\/v2\/posts\/366149\/revisions"}],"wp:featuredmedia":[{"embeddable":true,"href":"https:\/\/www.europesays.com\/fr\/wp-json\/wp\/v2\/media\/366150"}],"wp:attachment":[{"href":"https:\/\/www.europesays.com\/fr\/wp-json\/wp\/v2\/media?parent=366149"}],"wp:term":[{"taxonomy":"category","embeddable":true,"href":"https:\/\/www.europesays.com\/fr\/wp-json\/wp\/v2\/categories?post=366149"},{"taxonomy":"post_tag","embeddable":true,"href":"https:\/\/www.europesays.com\/fr\/wp-json\/wp\/v2\/tags?post=366149"}],"curies":[{"name":"wp","href":"https:\/\/api.w.org\/{rel}","templated":true}]}}