{"id":366153,"date":"2025-09-04T17:06:08","date_gmt":"2025-09-04T17:06:08","guid":{"rendered":"https:\/\/www.europesays.com\/fr\/366153\/"},"modified":"2025-09-04T17:06:08","modified_gmt":"2025-09-04T17:06:08","slug":"besancon-annule-la-venue-de-raphael-enthoven-a-un-festival-litteraire-pour-ses-propos-sur-gaza-le-monde-fr","status":"publish","type":"post","link":"https:\/\/www.europesays.com\/fr\/366153\/","title":{"rendered":"Besan\u00e7on annule la venue de Rapha\u00ebl Enthoven \u00e0 un festival litt\u00e9raire pour ses propos sur Gaza &#8211; Le Monde.fr"},"content":{"rendered":"<ol>\n<li><a href=\"https:\/\/news.google.com\/rss\/articles\/CBMi_AFBVV95cUxOdWxYMXVndzNqb2tGNHA0ZXFQRDVoeFNVdXJUQlpzd1VqRVFHNUp4dm5SLVo3eGk0MjRzdUFpWktqRlkxTnl4WWRRQ1lRUHYxekotTUMta0hNVjJDVUk0TkZQVHFqNnpPM3gzN1NWeWhrRnVDbUlCUHhOUXd4RXh1eDF2Wng0elVReFVvVVU3anJselVYaGFpdmZrdDIyTllrQzh0a2dNUWxUSWtOUmFWeWxxdWx6cHMtQ2I1b1lKSGJOeGlJRklISVNKSk5jQUhsMzdLQnZLX1RiVnA4NjlvM1dvbnBLMTVDNkpaVDc4THJvVHRlclZ0QmNHU0U?oc=5\" target=\"_blank\" rel=\"nofollow noopener\">Besan\u00e7on annule la venue de Rapha\u00ebl Enthoven \u00e0 un festival litt\u00e9raire pour ses propos sur Gaza<\/a>&nbsp;&nbsp;Le Monde.fr<\/li>\n<li><a href=\"https:\/\/news.google.com\/rss\/articles\/CBMiqAJBVV95cUxObkdSdk05RC03Ymtvbm5NRENQVll0aGdkZHB5bEVtZlFOZlVjdnNVR25wdEZBemRoN1hNSXRDV3ptOVdDOVYyd1QyODR0QjhDSGh0MEFXMm15MmZHZzRIcGdXclBMWDdMUFc4bk83M3B1MkF0bWdFODI0dW44OEh3LUpZM3k5RUhXRTBudHd6RThQeDVaQ1F6MGpwLW1EZGQ5SWVUU1czYmp0dlQ4Z09XT2NlbFFJWW5JMC1uTWROLVlwRGo5ZEtqMEgyZmhoWnpvRTI3TVhlQlQzOElJQ1hQWllSQ2hBRW03eUZWdnp1UmhCaVFFMENhX01KLTlFZTZNLVJmQ1QyT3ZqZFMwR2hVdXdjNHJHdnFJR0ZFZnhsaGRvdDdYajZhMQ?oc=5\" target=\"_blank\" rel=\"nofollow noopener\">Apr\u00e8s ses propos sur Gaza, l&rsquo;essayiste Rapha\u00ebl Enthoven n&rsquo;est plus le bienvenu au Festival Livres dans la Boucle<\/a>&nbsp;&nbsp;France 3 R\u00e9gions<\/li>\n<li><a href=\"https:\/\/news.google.com\/rss\/articles\/CBMiogJBVV95cUxNWWdfVjRoX0x5NU1INklJeGtTZWc5M0tscGFIbW9mMHlBTzVZZVBkWnVtX2o2WVVHTElKQ2lWa3YxWWNGSXBpWVdkS3pBWXI3ckc0R1QxckpKVTB5aG0zaTRYY2JWYURGSndJWm9lUkh2VDVOeDM3b3c0Rzd5MnNCWnN6a1pkcG5nUFo3cWpscXhJSkg1NlVwckdjaEhTTTRzdldhUHNtbWdCUW14c05YRUZmLWpPVGhTVGtPMmJEVTFQRmNnVW1JRkRrUVNSYmZROXlaWWZOY3MtTXQ1cHpTcktobU1Id3NfXzZXaGdMdzNVWTJ0aXNOVGxIRGlKNVBxeDZjMndUVHhIS2c1d3pUdDl3NUhtYXNrQXVzYUd5QzQ1Zw?oc=5\" target=\"_blank\" rel=\"nofollow noopener\">Enthoven retir\u00e9 du festival du Livre \u00e0 Besan\u00e7on apr\u00e8s ses propos sur Gaza<\/a>&nbsp;&nbsp;Valeurs actuelles<\/li>\n<li><a href=\"https:\/\/news.google.com\/rss\/articles\/CBMi2AFBVV95cUxNVnVOb044WGh0eFh3dU1neE81ZVpJcUNVSnQ0N04xRVpXeTQtSjdoQVNTX3htMVUwLTVLQTFmTXVOd2NiVEZsbzgyTnV3MEt2M3RhUmhRdEswbWpPUUxLbVdObE9wWnlKYmJZeWkxM21GS0p5M0RWdk5TUUhlNjFvOTgxRzhza1hMOW1zSWRTeWNpeXVZS1hUYXlRZ3lWUm5BSmFpbS1LNTVRZnpHQ3lwT0dHSzNuY0lVUHBpTHZUcjRSWTVyUE9kRVhUM1owMVpoT3pwdV9KNTU?oc=5\" target=\"_blank\" rel=\"nofollow noopener\">Rapha\u00ebl Enthoven n\u2019est plus invit\u00e9 au festival litt\u00e9raire de Besan\u00e7on<\/a>&nbsp;&nbsp;20 Minutes<\/li>\n<li><a href=\"https:\/\/news.google.com\/rss\/articles\/CBMiuwFBVV95cUxQWjFWM1dSUlVqQnBvQm9YVUNrWWI2VUprTGY0Q1dwdXdJa3I5YzE1dFpQOE9KTzI5RkVCSkh6Q25zalZoQzdyUDRKeEF6eFd4Vzh5RDkxVjB0dkRaY3JzZWx3cUlyYllNRE9BbDNhUUFfbGlnZHpTSGotLWhuSmlMbEtMMlQ2WlgxbXZOLVpyR1lIUUl0MWliU1kyZ0xMeDZXeHJ1R3hVaXAtS2UxaDhuc2ZGT1JmLTFkRlVr?oc=5\" target=\"_blank\" rel=\"nofollow noopener\">Rapha\u00ebl Enthoven d\u00e9programm\u00e9 d\u2019un festival \u00e0 Besan\u00e7on apr\u00e8s des propos sur Gaza<\/a>&nbsp;&nbsp;Le Figaro<\/li>\n<\/ol>\n","protected":false},"excerpt":{"rendered":"Besan\u00e7on annule la venue de Rapha\u00ebl Enthoven \u00e0 un festival litt\u00e9raire pour ses propos sur Gaza&nbsp;&nbsp;Le Monde.fr Apr\u00e8s&hellip;\n","protected":false},"author":2,"featured_media":1445,"comment_status":"","ping_status":"","sticky":false,"template":"","format":"standard","meta":{"footnotes":""},"categories":[4],"tags":[11,1011,27,12,25],"class_list":{"0":"post-366153","1":"post","2":"type-post","3":"status-publish","4":"format-standard","5":"has-post-thumbnail","7":"category-france","8":"tag-actualites","9":"tag-fr","10":"tag-france","11":"tag-news","12":"tag-republique-francaise"},"share_on_mastodon":{"url":"https:\/\/pubeurope.com\/@fr\/115147124524362323","error":""},"_links":{"self":[{"href":"https:\/\/www.europesays.com\/fr\/wp-json\/wp\/v2\/posts\/366153","targetHints":{"allow":["GET"]}}],"collection":[{"href":"https:\/\/www.europesays.com\/fr\/wp-json\/wp\/v2\/posts"}],"about":[{"href":"https:\/\/www.europesays.com\/fr\/wp-json\/wp\/v2\/types\/post"}],"author":[{"embeddable":true,"href":"https:\/\/www.europesays.com\/fr\/wp-json\/wp\/v2\/users\/2"}],"replies":[{"embeddable":true,"href":"https:\/\/www.europesays.com\/fr\/wp-json\/wp\/v2\/comments?post=366153"}],"version-history":[{"count":0,"href":"https:\/\/www.europesays.com\/fr\/wp-json\/wp\/v2\/posts\/366153\/revisions"}],"wp:featuredmedia":[{"embeddable":true,"href":"https:\/\/www.europesays.com\/fr\/wp-json\/wp\/v2\/media\/1445"}],"wp:attachment":[{"href":"https:\/\/www.europesays.com\/fr\/wp-json\/wp\/v2\/media?parent=366153"}],"wp:term":[{"taxonomy":"category","embeddable":true,"href":"https:\/\/www.europesays.com\/fr\/wp-json\/wp\/v2\/categories?post=366153"},{"taxonomy":"post_tag","embeddable":true,"href":"https:\/\/www.europesays.com\/fr\/wp-json\/wp\/v2\/tags?post=366153"}],"curies":[{"name":"wp","href":"https:\/\/api.w.org\/{rel}","templated":true}]}}