{"id":366155,"date":"2025-09-04T17:08:16","date_gmt":"2025-09-04T17:08:16","guid":{"rendered":"https:\/\/www.europesays.com\/fr\/366155\/"},"modified":"2025-09-04T17:08:16","modified_gmt":"2025-09-04T17:08:16","slug":"nous-restons-tres-attentifs-au-bien-etre-des-eleves","status":"publish","type":"post","link":"https:\/\/www.europesays.com\/fr\/366155\/","title":{"rendered":"\u00ab\u00a0Nous restons tr\u00e8s attentifs au bien-\u00eatre des \u00e9l\u00e8ves\u00a0\u00bb"},"content":{"rendered":"<blockquote class=\"question\"><p>Comment s\u2019est d\u00e9roul\u00e9e cette rentr\u00e9e\u00a0?<\/p><\/blockquote>\n<p>\u00ab\u00a0On a tous nos profs, nos assistants d\u2019\u00e9ducation, nos administratifs, nos AESH (Accompagnant des \u00e9l\u00e8ves en situation de handicap)\u2026 C\u2019est une rentr\u00e9e carton plein. Du c\u00f4t\u00e9 des effectifs, on est serein\u00a0: comme l\u2019an dernier, on tourne autour de 650 \u00e9l\u00e8ves. On garde la m\u00eame structure\u00a0: six classes par niveau sauf en 3e  o\u00f9 il n\u2019y en a que cinq. Toutes les conditions sont r\u00e9unies pour que les \u00e9l\u00e8ves puissent travailler dans les meilleures conditions. Nous avons chaque ann\u00e9e d\u2019excellents r\u00e9sultats au dipl\u00f4me national du brevet. Cette ann\u00e9e\u00a0on a eu 94,9\u00a0% de r\u00e9ussite et des r\u00e9sultats tr\u00e8s positifs pour l\u2019orientation de nos \u00e9l\u00e8ves.\u00a0\u00bb<\/p>\n<blockquote class=\"question\"><p>Quels sont vos projets\u00a0?<\/p><\/blockquote>\n<p>\u00ab\u00a0Ils sont encore nombreux cette rentr\u00e9e. Entre autres des projets culturels comme d\u2019habitude, ainsi que la section a\u00e9ronautique et sa pr\u00e9paration du brevet d\u2019initiation a\u00e9ronautique, avec une promotion relativement f\u00e9minine cette ann\u00e9e, ce qui a une belle r\u00e9sonance sur les projets&#8230;<\/p>\n","protected":false},"excerpt":{"rendered":"Comment s\u2019est d\u00e9roul\u00e9e cette rentr\u00e9e\u00a0? \u00ab\u00a0On a tous nos profs, nos assistants d\u2019\u00e9ducation, nos administratifs, nos AESH (Accompagnant&hellip;\n","protected":false},"author":2,"featured_media":366156,"comment_status":"","ping_status":"","sticky":false,"template":"","format":"standard","meta":{"footnotes":""},"categories":[9653],"tags":[1111,11,2430,3599,7539,1057,1777,674,1011,27,12,25,12490,12491,4001],"class_list":{"0":"post-366155","1":"post","2":"type-post","3":"status-publish","4":"format-standard","5":"has-post-thumbnail","7":"category-saint-etienne","8":"tag-actu","9":"tag-actualites","10":"tag-auvergne-rhone-alpes","11":"tag-college-lycee","12":"tag-edition-loire-sud","13":"tag-education","14":"tag-eu","15":"tag-europe","16":"tag-fr","17":"tag-france","18":"tag-news","19":"tag-republique-francaise","20":"tag-roche-la-moliere","21":"tag-roche-la-moliere-bassin","22":"tag-saint-etienne"},"share_on_mastodon":{"url":"https:\/\/pubeurope.com\/@fr\/115147132377894357","error":""},"_links":{"self":[{"href":"https:\/\/www.europesays.com\/fr\/wp-json\/wp\/v2\/posts\/366155","targetHints":{"allow":["GET"]}}],"collection":[{"href":"https:\/\/www.europesays.com\/fr\/wp-json\/wp\/v2\/posts"}],"about":[{"href":"https:\/\/www.europesays.com\/fr\/wp-json\/wp\/v2\/types\/post"}],"author":[{"embeddable":true,"href":"https:\/\/www.europesays.com\/fr\/wp-json\/wp\/v2\/users\/2"}],"replies":[{"embeddable":true,"href":"https:\/\/www.europesays.com\/fr\/wp-json\/wp\/v2\/comments?post=366155"}],"version-history":[{"count":0,"href":"https:\/\/www.europesays.com\/fr\/wp-json\/wp\/v2\/posts\/366155\/revisions"}],"wp:featuredmedia":[{"embeddable":true,"href":"https:\/\/www.europesays.com\/fr\/wp-json\/wp\/v2\/media\/366156"}],"wp:attachment":[{"href":"https:\/\/www.europesays.com\/fr\/wp-json\/wp\/v2\/media?parent=366155"}],"wp:term":[{"taxonomy":"category","embeddable":true,"href":"https:\/\/www.europesays.com\/fr\/wp-json\/wp\/v2\/categories?post=366155"},{"taxonomy":"post_tag","embeddable":true,"href":"https:\/\/www.europesays.com\/fr\/wp-json\/wp\/v2\/tags?post=366155"}],"curies":[{"name":"wp","href":"https:\/\/api.w.org\/{rel}","templated":true}]}}