{"id":366157,"date":"2025-09-04T17:09:12","date_gmt":"2025-09-04T17:09:12","guid":{"rendered":"https:\/\/www.europesays.com\/fr\/366157\/"},"modified":"2025-09-04T17:09:12","modified_gmt":"2025-09-04T17:09:12","slug":"ces-associations-qui-ont-dit-oui-a-largent-et-celles-qui-ont-refuse","status":"publish","type":"post","link":"https:\/\/www.europesays.com\/fr\/366157\/","title":{"rendered":"ces associations qui ont dit oui \u00e0 l\u2019argent et celles qui ont refus\u00e9"},"content":{"rendered":"<p>L\u2019une est cat\u00e9gorique. \u00ab\u00a0Ils essayaient de r\u00e9cup\u00e9rer de l\u2019argent de la mairie par mon association, et je leur avais dit que je ne rentrais pas dans ces choses-l\u00e0. Comment ils voulaient r\u00e9cup\u00e9rer cet argent\u00a0? Je ne m\u2019en rappelle plus trop bien\u00a0\u00bb. <\/p>\n<p>L\u2019autre l\u2019est tout autant. \u00ab\u00a0Ils m\u2019ont demand\u00e9 de percevoir de l\u2019argent pour l\u2019association et le ressortir plus tard. Comme \u00e7a ne m\u2019int\u00e9ressait pas, je n\u2019ai pas pos\u00e9 de questions. Honn\u00eatement, aujourd\u2019hui, je ne sais pas s\u2019ils ont prononc\u00e9 le mot \u00ab\u00a0subvention\u00a0\u00bb. Mais mettre une somme de 20\u00a0000\u00a0euros sur le compte de mon association qui \u00e0 l\u2019\u00e9poque devait avoir 300\u00a0euros sur le compte courant, j\u2019ai dit non.\u00a0\u00bb<\/p>\n<p>Sollicit\u00e9es dans le courant de l\u2019ann\u00e9e 2014<\/p>\n<p>Combien d\u2019associations st\u00e9phanoises ont-elles \u00e9t\u00e9 d\u00e9march\u00e9es par certains pr\u00e9venus de l\u2019affaire de la sextape\u00a0? On ne le saura sans doute jamais. Mais deux personnalit\u00e9s, entendues comme t\u00e9moin par les juges d\u2019instruction \u00e0 l\u2019automne 2023, ont confirm\u00e9 avoir \u00e9t\u00e9 tir\u00e9es par la manche\u00a0: <a href=\"https:\/\/www.leprogres.fr\/politique\/2020\/08\/02\/christiane-michaud-farigoule-sans-parti-pris\" target=\"_blank\" rel=\"noopener\">Christiane&#8230;<\/a><\/p>\n","protected":false},"excerpt":{"rendered":"L\u2019une est cat\u00e9gorique. \u00ab\u00a0Ils essayaient de r\u00e9cup\u00e9rer de l\u2019argent de la mairie par mon association, et je leur&hellip;\n","protected":false},"author":2,"featured_media":366158,"comment_status":"","ping_status":"","sticky":false,"template":"","format":"standard","meta":{"footnotes":""},"categories":[9653],"tags":[1111,11,42797,2430,1984,271,272,7539,1777,674,274,107,1011,27,3367,12,316,25,4001,7538,10806],"class_list":{"0":"post-366157","1":"post","2":"type-post","3":"status-publish","4":"format-standard","5":"has-post-thumbnail","7":"category-saint-etienne","8":"tag-actu","9":"tag-actualites","10":"tag-affaire-perdriau","11":"tag-auvergne-rhone-alpes","12":"tag-conseil-municipal","13":"tag-crime","14":"tag-delit-et-contravention","15":"tag-edition-loire-sud","16":"tag-eu","17":"tag-europe","18":"tag-faits-divers-justice","19":"tag-fil-info","20":"tag-fr","21":"tag-france","22":"tag-loire","23":"tag-news","24":"tag-politique","25":"tag-republique-francaise","26":"tag-saint-etienne","27":"tag-saint-etienne-ville","28":"tag-selection-de-la-redaction-42"},"share_on_mastodon":{"url":"https:\/\/pubeurope.com\/@fr\/115147136323344817","error":""},"_links":{"self":[{"href":"https:\/\/www.europesays.com\/fr\/wp-json\/wp\/v2\/posts\/366157","targetHints":{"allow":["GET"]}}],"collection":[{"href":"https:\/\/www.europesays.com\/fr\/wp-json\/wp\/v2\/posts"}],"about":[{"href":"https:\/\/www.europesays.com\/fr\/wp-json\/wp\/v2\/types\/post"}],"author":[{"embeddable":true,"href":"https:\/\/www.europesays.com\/fr\/wp-json\/wp\/v2\/users\/2"}],"replies":[{"embeddable":true,"href":"https:\/\/www.europesays.com\/fr\/wp-json\/wp\/v2\/comments?post=366157"}],"version-history":[{"count":0,"href":"https:\/\/www.europesays.com\/fr\/wp-json\/wp\/v2\/posts\/366157\/revisions"}],"wp:featuredmedia":[{"embeddable":true,"href":"https:\/\/www.europesays.com\/fr\/wp-json\/wp\/v2\/media\/366158"}],"wp:attachment":[{"href":"https:\/\/www.europesays.com\/fr\/wp-json\/wp\/v2\/media?parent=366157"}],"wp:term":[{"taxonomy":"category","embeddable":true,"href":"https:\/\/www.europesays.com\/fr\/wp-json\/wp\/v2\/categories?post=366157"},{"taxonomy":"post_tag","embeddable":true,"href":"https:\/\/www.europesays.com\/fr\/wp-json\/wp\/v2\/tags?post=366157"}],"curies":[{"name":"wp","href":"https:\/\/api.w.org\/{rel}","templated":true}]}}