{"id":366161,"date":"2025-09-04T17:11:09","date_gmt":"2025-09-04T17:11:09","guid":{"rendered":"https:\/\/www.europesays.com\/fr\/366161\/"},"modified":"2025-09-04T17:11:09","modified_gmt":"2025-09-04T17:11:09","slug":"3eme-edition-de-la-foire-a-lequipement","status":"publish","type":"post","link":"https:\/\/www.europesays.com\/fr\/366161\/","title":{"rendered":"3\u00e8me \u00e9dition de la Foire \u00e0 l&rsquo;\u00e9quipement"},"content":{"rendered":"<p>A destination des \u00e9tudiants du Grand Nancy et plus g\u00e9n\u00e9ralement des adeptes du r\u00e9emploi, la Foire \u00e0 l\u2019\u00e9quipement reprend ses quartiers \u00e0 la salle des f\u00eates de Gentilly.\u00a0Les acteurs du r\u00e9emploi et de l\u2019\u00e9conomie solidaire se r\u00e9unissent pour proposer \u00e0 la vente une vaste s\u00e9lection d&rsquo;articles : \u00e9lectrom\u00e9nager, v\u00eatements, meubles, d\u00e9coration, ustensiles de cuisine, v\u00e9los, \u00e9quipement informatique et bien plus encore. Il s\u2019agit d\u2019une occasion id\u00e9ale pour les \u00e9tudiants s&rsquo;installant \u00e0 Nancy de s\u2019\u00e9quiper\u00a0<strong>\u00e0 petits prix et de mani\u00e8re \u00e9co-responsable\u00a0;\u00a0<\/strong>autant d\u2019articles propos\u00e9s dans une d\u00e9marche solidaire, responsable et durable.<\/p>\n<p>Comme lors des \u00e9ditions pr\u00e9c\u00e9dentes, cette foire rassemble de nombreux acteurs locaux du r\u00e9emploi :\u00a0ENVIE, la Benne Id\u00e9e, la Fabrique,\u00a0De Laine en R\u00eaves,\u00a0Si l\u2019on se parlait,\u00a0Le Relais, SOS futur,\u00a0les Ecollecteurs,\u00a0Dynamo, Garobiclous, Infosel ULIS, Rebond ULIS, Cultures et partages, Aux Temps Recycl\u00e9s,\u00a0Super Kwetsch, les Ateliers Croix Rouge,\u00a0 R\u00e9ciprocit\u00e9, Emma\u00fcs,\u00a0la Pulperie,\u00a0Sand\u2019cr\u00e9ation,\u00a0Tricot Couture Service, le r\u00e9seau des Repair\u2019caf\u00e9s. Des animations\u00a0\u00ab\u00a0Do it yourself\u00a0\u00bb\u00a0et une animation musicale propos\u00e9e par Radio Fajet ponctueront cette journ\u00e9e conviviale et engag\u00e9e.<\/p>\n<p>Par ailleurs, d\u2019autres acteurs locaux seront mobilis\u00e9s toute la journ\u00e9e\u00a0: c\u00f4t\u00e9 M\u00e9tropole du Grand Nancy,\u00a0la Maison du V\u00e9lo et les Ambassadeurs de la pr\u00e9vention et du tri\u00a0; La Ligue Grand Est du Sport Universitaire\u00a0et sa zone de gratuit\u00e9 d\u00e9di\u00e9e aux v\u00eatements de sport\u00a0; le CROUS Lorraine\u00a0; la MEIJE avec des stands d\u2019information utiles pour les \u00e9tudiants\u00a0; Et l\u2019association Vert t\u2019y go\u00a0qui assurera la partie restauration.<\/p>\n<p><strong>Informations pratiques<\/strong><strong>\u00a0:<\/strong><\/p>\n<ul>&#13;<\/p>\n<li><strong>Entr\u00e9e\u00a0:<\/strong>\u00a0Gratuite &#8211; Sans r\u00e9servation<\/li>\n<p>&#13;<\/p>\n<li><strong>Acc\u00e8s\u00a0:<\/strong>\u00a0R\u00e9seau Stan gratuit les week-ends<\/li>\n<p>&#13;\n<\/ul>\n<p>o\u00a0\u00a0\u00a0Bus T2 direction Laxou Sapini\u00e8re, arr\u00eat Palais des Sports \u2013 Gentilly<\/p>\n<p>o\u00a0\u00a0\u00a0Bus C2 direction Laxou Plateau De Haye, arr\u00eat Vologne<\/p>\n","protected":false},"excerpt":{"rendered":"A destination des \u00e9tudiants du Grand Nancy et plus g\u00e9n\u00e9ralement des adeptes du r\u00e9emploi, la Foire \u00e0 l\u2019\u00e9quipement&hellip;\n","protected":false},"author":2,"featured_media":366162,"comment_status":"","ping_status":"","sticky":false,"template":"","format":"standard","meta":{"footnotes":""},"categories":[9635],"tags":[1111,11,1777,674,1011,27,775,1702,12,25],"class_list":{"0":"post-366161","1":"post","2":"type-post","3":"status-publish","4":"format-standard","5":"has-post-thumbnail","7":"category-nancy","8":"tag-actu","9":"tag-actualites","10":"tag-eu","11":"tag-europe","12":"tag-fr","13":"tag-france","14":"tag-grand-est","15":"tag-nancy","16":"tag-news","17":"tag-republique-francaise"},"share_on_mastodon":{"url":"https:\/\/pubeurope.com\/@fr\/115147144230622026","error":""},"_links":{"self":[{"href":"https:\/\/www.europesays.com\/fr\/wp-json\/wp\/v2\/posts\/366161","targetHints":{"allow":["GET"]}}],"collection":[{"href":"https:\/\/www.europesays.com\/fr\/wp-json\/wp\/v2\/posts"}],"about":[{"href":"https:\/\/www.europesays.com\/fr\/wp-json\/wp\/v2\/types\/post"}],"author":[{"embeddable":true,"href":"https:\/\/www.europesays.com\/fr\/wp-json\/wp\/v2\/users\/2"}],"replies":[{"embeddable":true,"href":"https:\/\/www.europesays.com\/fr\/wp-json\/wp\/v2\/comments?post=366161"}],"version-history":[{"count":0,"href":"https:\/\/www.europesays.com\/fr\/wp-json\/wp\/v2\/posts\/366161\/revisions"}],"wp:featuredmedia":[{"embeddable":true,"href":"https:\/\/www.europesays.com\/fr\/wp-json\/wp\/v2\/media\/366162"}],"wp:attachment":[{"href":"https:\/\/www.europesays.com\/fr\/wp-json\/wp\/v2\/media?parent=366161"}],"wp:term":[{"taxonomy":"category","embeddable":true,"href":"https:\/\/www.europesays.com\/fr\/wp-json\/wp\/v2\/categories?post=366161"},{"taxonomy":"post_tag","embeddable":true,"href":"https:\/\/www.europesays.com\/fr\/wp-json\/wp\/v2\/tags?post=366161"}],"curies":[{"name":"wp","href":"https:\/\/api.w.org\/{rel}","templated":true}]}}