{"id":366171,"date":"2025-09-04T17:16:11","date_gmt":"2025-09-04T17:16:11","guid":{"rendered":"https:\/\/www.europesays.com\/fr\/366171\/"},"modified":"2025-09-04T17:16:11","modified_gmt":"2025-09-04T17:16:11","slug":"les-gens-du-voyage-arrivent-dans-plusieurs-communes-pres-de-rouen-comment-les-maires-reagissent","status":"publish","type":"post","link":"https:\/\/www.europesays.com\/fr\/366171\/","title":{"rendered":"Les gens du voyage arrivent dans plusieurs communes pr\u00e8s de Rouen : comment les maires r\u00e9agissent\u00a0?"},"content":{"rendered":"<p>            Par<br \/>\n        <strong><br \/>\n            <a href=\"https:\/\/actu.fr\/auteur\/isabellevilly\" title=\"Consulter tous les articles de Isabelle Villy\" target=\"_blank\" rel=\"noopener\">Isabelle Villy<\/a><br \/>\n        <\/strong><\/p>\n<p>        Publi\u00e9 le<\/p>\n<p>            4 sept. 2025 \u00e0 18h09        <\/p>\n<p>Une <strong>quarantaine de caravanes<\/strong> \u00e0 <a href=\"https:\/\/actu.fr\/normandie\/saint-jacques-sur-darnetal_76591\" target=\"_blank\" rel=\"noopener\">Saint-Jacques-sur-Darn\u00e9tal (Seine-Maritime)<\/a>, une quinzaine \u00e0 Saint-Martin-du-Vivier sur le secteur de la plaine de la Ronce, une soixantaine \u00e0 Boos\u2026 <strong>les gens du voyage<\/strong> se sont install\u00e9s il y a quelques jours de Rouen, pour des dur\u00e9es plus ou moins longues, en diff\u00e9rents points du d\u00e9partement.<\/p>\n<p class=\" wall-content\">Un \u00e9v\u00e9nement r\u00e9current \u00e0 cette p\u00e9riode de l\u2019ann\u00e9e, qui ne manque toutefois pas de <strong>susciter de nombreux commentaires<\/strong> sur les r\u00e9seaux sociaux.<\/p>\n<p>\u00c0 Boos, premier d\u00e9part le 7\u00a0septembre<\/p>\n<p class=\" wall-content\">Habitu\u00e9 \u00e0 ces arriv\u00e9es sur la commune, le maire de Boos, Bruno Grisel est \u00e9videmment all\u00e9 \u00e0 la rencontre des voyageurs qui l\u2019ont inform\u00e9 qu\u2019une partie d\u2019entre eux vont \u00ab repartir bient\u00f4t, <strong>le 7 septembre<\/strong>, pour se rendre \u00e0 la braderie de Lille. Les autres partiront un peu plus tard \u00bb, annonce l\u2019\u00e9lu, qui pr\u00e9cise qu\u2019il ne s\u2019agit pas d\u2019un grand rassemblement, comme il a pu y en avoir certaines ann\u00e9es.<\/p>\n<p class=\" wall-content\">Install\u00e9es non loin de la tour de contr\u00f4le de l\u2019a\u00e9roport, les familles de voyageurs se sont branch\u00e9es sur les b\u00e2timents proches ainsi que sur les bouches \u00e0 incendie. \u00ab On va voir pour signer un contrat avec eux, <strong>pour \u00eatre d\u00e9dommag\u00e9<\/strong> des consommations en eau et en \u00e9lectricit\u00e9 \u00bb, pr\u00e9vient Bruno Grisel.<\/p>\n<p>Le maire de Saint-Jacques privil\u00e9gie le dialogue<\/p>\n<p class=\" wall-content\">\u00c0 Saint-Jacques-sur-Darn\u00e9tal, c\u2019est sur un terrain situ\u00e9 pr\u00e8s du complexe sportif que les caravanes sont install\u00e9es : l\u2019an dernier d\u00e9j\u00e0, les voyageurs avaient trouv\u00e9 un terrain d\u2019entente avec le maire pour s\u2019installer <strong>durant un temps d\u00e9termin\u00e9<\/strong>.<\/p>\n<p class=\" wall-content\">Ils sont donc de retour cette ann\u00e9e. Comme l\u2019an dernier, le maire Fr\u00e9d\u00e9ric Delaunay a r\u00e9agi de la m\u00eame mani\u00e8re : avec son adjointe Claudine Brunel, il est all\u00e9 \u00e0 la rencontre de la communaut\u00e9 et a privil\u00e9gi\u00e9 le dialogue.<\/p>\n<p>    <img   decoding=\"async\" loading=\"lazy\" class=\"size-large\" src=\"https:\/\/www.europesays.com\/fr\/wp-content\/uploads\/2025\/09\/a70ae9467da869b0ae9467da86f0aev-960x640.jpg\" alt=\"Saint-Jacques sur Darn\u00e9tal gens du voyage\" width=\"960\" height=\"640\"\/><br \/>\n    \u00c0 Saint-Jacques sur Darn\u00e9tal, les gens du voyage se sont install\u00e9s pr\u00e8s du complexe sportif.\u00a0 \u00a9Isabelle VILLYDes containers mis \u00e0 disposition pour les d\u00e9chets<\/p>\n<p class=\" wall-content\">\u00ab Un<strong> constat d\u2019huissier<\/strong> a \u00e9videmment \u00e9t\u00e9 fait pour occupation ill\u00e9gale d\u2019un terrain public et <a href=\"https:\/\/actu.fr\/tag\/gendarmerie\" target=\"_blank\" rel=\"noopener\">les gendarmes<\/a> sont venus contr\u00f4ler les v\u00e9hicules et les personnes \u00bb, indique l\u2019\u00e9lu.<\/p>\n<p>Votre r\u00e9gion, votre actu !<\/p>\n<p>Recevez chaque jour les infos qui comptent pour vous.<\/p>\n<p>\t<a href=\"https:\/\/actu.fr\/newsletter\" class=\"ac-btn ac-btn--corner ac-btn--medium ac-btn--blue800\" target=\"_blank\" rel=\"noopener\">S&rsquo;incrire<\/a><\/p>\n<p class=\" wall-content\">Toutefois, ainsi que le fait remarquer son adjointe, \u00ab ce sont des commer\u00e7ants, des gens qui travaillent \u00bb. Pour \u00e9viter tout probl\u00e8me, la mairie a fourni des containers pour permettre aux gens du voyage d\u2019y d\u00e9poser leurs d\u00e9chets. \u00ab Nous avions fait<strong> la m\u00eame chose l\u2019an dernier<\/strong> et lors de leur d\u00e9part, aucun d\u00e9tritus ne tra\u00eenait sur le terrain et rien n\u2019avait \u00e9t\u00e9 endommag\u00e9 \u00bb, souligne Fr\u00e9d\u00e9ric Delaunay.<\/p>\n<p>L\u2019an dernier, les gens du voyage avaient remis mille euros au CCAS<\/p>\n<p class=\" wall-content\">Bien s\u00fbr, le maire n\u2019ignore pas certaines r\u00e9actions n\u00e9gatives et commentaires qui fleurissent \u00e7\u00e0 et l\u00e0 sur les r\u00e9seaux sociaux et d\u00e9noncent les branchements sauvages des gens du voyage : l\u2019an pass\u00e9 encore, apr\u00e8s leur passage, ces derniers avaient d\u00e9dommag\u00e9 la commune en remettant <strong>la somme de mille euros<\/strong> pour le Comit\u00e9 communal d\u2019action sociale.<\/p>\n<p class=\" wall-content\">Lors d\u2019un conseil municipal qui s\u2019\u00e9tait tenu en septembre 2024, Fr\u00e9d\u00e9ric Delaunay avait d\u2019ailleurs fait un point de situation sur cette <strong>occupation ill\u00e9gale<\/strong>, afin de clarifier la situation. Et le constat est le m\u00eame que l\u2019an pass\u00e9 : la commune aurait certes pu engager une proc\u00e9dure en r\u00e9f\u00e9r\u00e9 aupr\u00e8s du Tribunal administratif, comp\u00e9tent lors de l\u2019occupation d\u2019un terrain public, mais les d\u00e9lais de r\u00e9ponse sont au bas mot de quinze jours. Raison pour laquelle la municipalit\u00e9 a opt\u00e9 pour <strong>la n\u00e9gociation<\/strong> avec les gens du voyage.<\/p>\n<p class=\" wall-content\">Les gendarmes de la Communaut\u00e9 de brigades Saint-Jacques\/Buchy constatent par ailleurs qu\u2019un petit nombre de caravanes s\u2019est \u00e9galement install\u00e9 \u00e0 <a href=\"https:\/\/actu.fr\/normandie\/saint-martin-du-vivier_76617\" target=\"_blank\" rel=\"noopener\">Saint-Martin-du-Vivier<\/a>, sur la plaine de la Ronce : \u00ab elles sont \u00e0 hauteur du franchissement routier en cours d\u2019am\u00e9nagement et ne pourront donc pas rester longtemps puisque les travaux vont reprendre \u00bb, confirment les militaires.<\/p>\n<p>Suivez l\u2019actualit\u00e9 de Rouen <a href=\"https:\/\/www.whatsapp.com\/channel\/0029VaKfnf99hXF2ddApFB1D\" target=\"_blank\" rel=\"noopener\">sur notre cha\u00eene WhatsApp<\/a> et <a href=\"https:\/\/www.tiktok.com\/@76actu.fr?lang=fr\" target=\"_blank\" rel=\"noopener\">sur notre compte TikTok<\/a><\/p>\n<p class=\" wall-content\">Personnalisez votre actualit\u00e9 en ajoutant vos villes et m\u00e9dias en favori avec <a href=\"https:\/\/moncompte.actu.fr\" title=\"D\u00e9couvez Mon Actu\" rel=\"nofollow noopener\" data-trk=\"{&quot;cta&quot;:{&quot;action&quot;:&quot;https:\\\/\\\/moncompte.actu.fr&quot;,&quot;category&quot;:&quot;mon compte&quot;,&quot;from&quot;:&quot;article footer&quot;,&quot;name&quot;:&quot;Mon actu&quot;,&quot;type&quot;:&quot;cta&quot;}}\" target=\"_blank\">Mon Actu<\/a>.<\/p>\n<p>                    <script async src=\"\/\/www.tiktok.com\/embed.js\"><\/script><\/p>\n","protected":false},"excerpt":{"rendered":"Par Isabelle Villy Publi\u00e9 le 4 sept. 2025 \u00e0 18h09 Une quarantaine de caravanes \u00e0 Saint-Jacques-sur-Darn\u00e9tal (Seine-Maritime), une&hellip;\n","protected":false},"author":2,"featured_media":366172,"comment_status":"","ping_status":"","sticky":false,"template":"","format":"standard","meta":{"footnotes":""},"categories":[9587],"tags":[1111,11,1777,674,1011,27,3381,12,5161,31081,25,9590,104],"class_list":{"0":"post-366171","1":"post","2":"type-post","3":"status-publish","4":"format-standard","5":"has-post-thumbnail","7":"category-rouen","8":"tag-actu","9":"tag-actualites","10":"tag-eu","11":"tag-europe","12":"tag-fr","13":"tag-france","14":"tag-gendarmerie","15":"tag-news","16":"tag-normandie","17":"tag-plateau-est-rouen","18":"tag-republique-francaise","19":"tag-rouen","20":"tag-societe"},"share_on_mastodon":{"url":"https:\/\/pubeurope.com\/@fr\/115147163771653025","error":""},"_links":{"self":[{"href":"https:\/\/www.europesays.com\/fr\/wp-json\/wp\/v2\/posts\/366171","targetHints":{"allow":["GET"]}}],"collection":[{"href":"https:\/\/www.europesays.com\/fr\/wp-json\/wp\/v2\/posts"}],"about":[{"href":"https:\/\/www.europesays.com\/fr\/wp-json\/wp\/v2\/types\/post"}],"author":[{"embeddable":true,"href":"https:\/\/www.europesays.com\/fr\/wp-json\/wp\/v2\/users\/2"}],"replies":[{"embeddable":true,"href":"https:\/\/www.europesays.com\/fr\/wp-json\/wp\/v2\/comments?post=366171"}],"version-history":[{"count":0,"href":"https:\/\/www.europesays.com\/fr\/wp-json\/wp\/v2\/posts\/366171\/revisions"}],"wp:featuredmedia":[{"embeddable":true,"href":"https:\/\/www.europesays.com\/fr\/wp-json\/wp\/v2\/media\/366172"}],"wp:attachment":[{"href":"https:\/\/www.europesays.com\/fr\/wp-json\/wp\/v2\/media?parent=366171"}],"wp:term":[{"taxonomy":"category","embeddable":true,"href":"https:\/\/www.europesays.com\/fr\/wp-json\/wp\/v2\/categories?post=366171"},{"taxonomy":"post_tag","embeddable":true,"href":"https:\/\/www.europesays.com\/fr\/wp-json\/wp\/v2\/tags?post=366171"}],"curies":[{"name":"wp","href":"https:\/\/api.w.org\/{rel}","templated":true}]}}