{"id":366173,"date":"2025-09-04T17:19:32","date_gmt":"2025-09-04T17:19:32","guid":{"rendered":"https:\/\/www.europesays.com\/fr\/366173\/"},"modified":"2025-09-04T17:19:32","modified_gmt":"2025-09-04T17:19:32","slug":"montagne-deux-rendez-vous-pour-les-professionnels-du-sport-a-alpexpo-grenoble","status":"publish","type":"post","link":"https:\/\/www.europesays.com\/fr\/366173\/","title":{"rendered":"Montagne. Deux rendez-vous pour les professionnels du sport \u00e0 Alpexpo-Grenoble"},"content":{"rendered":"<p>Quoi de mieux que la rentr\u00e9e et le retour des vacances pour r\u00eaver \u00e0 l\u2019\u00e9t\u00e9 prochain\u00a0? C\u2019est l\u2019exercice auquel vont avoir droit les distributeurs d\u2019articles de sport de plein air et de montagne les 8 et 9\u00a0septembre \u00e0 Alpexpo lors du salon Sport Achat.<\/p>\n<p>Rendez-vous incontournable du milieu, cette \u00e9dition estivale permettra aux d\u00e9taillants et distributeurs d\u2019articles de sport de se projeter sur les collections printemps-\u00e9t\u00e9 2026 et ainsi commencer \u00e0 anticiper les commandes aupr\u00e8s des marques et des distributeurs.<\/p>\n<p>Apr\u00e8s les marques de sport de plein air, ce sont davantage les territoires et les institutionnels qui seront attendus \u00e0 la fin du mois, le 23\u00a0septembre, pour les Rencontres nationales de l\u2019outdoor.<\/p>\n<p>Au\u00a0menu de cette journ\u00e9e, des tables rondes sur des th\u00e9matiques vari\u00e9es en matin\u00e9e\u00a0: \u00ab\u00a0Comment r\u00e9introduire l\u2019Homme dans la nature\u00a0?\u00a0\u00bb\u00a0; \u00ab\u00a0Savoir se r\u00e9inventer\u00a0: la vision d\u2019entrepreneurs embl\u00e9matiques\u00a0\u00bb. L\u2019apr\u00e8s-midi sera ensuite organis\u00e9 autour de trois parcours\u00a0: \u00ab\u00a0Outdoor et Territoires\u00a0\u00bb\u00a0; \u00ab\u00a0Sport et Design\u00a0\u00bb et \u00ab\u00a0V\u00e9lo &amp; VAE\u00a0\u00bb.<\/p>\n<p>Vaste programme pour tenter de donner des cl\u00e9s de compr\u00e9hension aux territoires et acteurs du tourisme sur les enjeux li\u00e9s aux pratiques des sports de plein air.<\/p>\n","protected":false},"excerpt":{"rendered":"Quoi de mieux que la rentr\u00e9e et le retour des vacances pour r\u00eaver \u00e0 l\u2019\u00e9t\u00e9 prochain\u00a0? C\u2019est l\u2019exercice&hellip;\n","protected":false},"author":2,"featured_media":366174,"comment_status":"","ping_status":"","sticky":false,"template":"","format":"standard","meta":{"footnotes":""},"categories":[9566],"tags":[1111,11,2430,37130,9810,33,112,1777,674,1795,1011,27,2731,2732,108,5324,12,50072,25,602,216],"class_list":{"0":"post-366173","1":"post","2":"type-post","3":"status-publish","4":"format-standard","5":"has-post-thumbnail","7":"category-grenoble","8":"tag-actu","9":"tag-actualites","10":"tag-auvergne-rhone-alpes","11":"tag-cap-2030","12":"tag-direct-entreprises","13":"tag-economie","14":"tag-edition-grenoble-agglomeration","15":"tag-eu","16":"tag-europe","17":"tag-fil-web","18":"tag-fr","19":"tag-france","20":"tag-grenoble","21":"tag-grenoble-bassin","22":"tag-isere","23":"tag-montagne","24":"tag-news","25":"tag-outlines","26":"tag-republique-francaise","27":"tag-tourisme","28":"tag-vie-des-entreprises"},"share_on_mastodon":{"url":"https:\/\/pubeurope.com\/@fr\/115147175653126582","error":""},"_links":{"self":[{"href":"https:\/\/www.europesays.com\/fr\/wp-json\/wp\/v2\/posts\/366173","targetHints":{"allow":["GET"]}}],"collection":[{"href":"https:\/\/www.europesays.com\/fr\/wp-json\/wp\/v2\/posts"}],"about":[{"href":"https:\/\/www.europesays.com\/fr\/wp-json\/wp\/v2\/types\/post"}],"author":[{"embeddable":true,"href":"https:\/\/www.europesays.com\/fr\/wp-json\/wp\/v2\/users\/2"}],"replies":[{"embeddable":true,"href":"https:\/\/www.europesays.com\/fr\/wp-json\/wp\/v2\/comments?post=366173"}],"version-history":[{"count":0,"href":"https:\/\/www.europesays.com\/fr\/wp-json\/wp\/v2\/posts\/366173\/revisions"}],"wp:featuredmedia":[{"embeddable":true,"href":"https:\/\/www.europesays.com\/fr\/wp-json\/wp\/v2\/media\/366174"}],"wp:attachment":[{"href":"https:\/\/www.europesays.com\/fr\/wp-json\/wp\/v2\/media?parent=366173"}],"wp:term":[{"taxonomy":"category","embeddable":true,"href":"https:\/\/www.europesays.com\/fr\/wp-json\/wp\/v2\/categories?post=366173"},{"taxonomy":"post_tag","embeddable":true,"href":"https:\/\/www.europesays.com\/fr\/wp-json\/wp\/v2\/tags?post=366173"}],"curies":[{"name":"wp","href":"https:\/\/api.w.org\/{rel}","templated":true}]}}