{"id":366175,"date":"2025-09-04T17:20:12","date_gmt":"2025-09-04T17:20:12","guid":{"rendered":"https:\/\/www.europesays.com\/fr\/366175\/"},"modified":"2025-09-04T17:20:12","modified_gmt":"2025-09-04T17:20:12","slug":"pro-d2-le-fcg-retrouve-le-stade-des-alpes-et-un-public-de-plus-en-plus-fidele","status":"publish","type":"post","link":"https:\/\/www.europesays.com\/fr\/366175\/","title":{"rendered":"Pro D2 : le FCG retrouve le Stade des Alpes et un public de plus en plus fid\u00e8le"},"content":{"rendered":"<p>Le FCG dispute vendredi contre Aurillac son premier match \u00e0 domicile cette saison. Apr\u00e8s avoir \u00e9chou\u00e9 \u00e0 monter en Top 14, les Grenoblois ont toujours l&rsquo;appui d&rsquo;un public qui devrait encore r\u00e9pondre pr\u00e9sent cette ann\u00e9e.<\/p>\n<p>Ce match contre Aurillac, les Grenoblois ont bien failli le jouer \u00e0 Valence. Apr\u00e8s les incidents du match d&rsquo;accession contre Perpignan, Grenoble avait dans un premier temps \u00e9t\u00e9\u00a0<a class=\"IciLink ici-link IciArticleLink g-ici-body-regular-1 underline brand svelte-lu7k6w\" href=\"https:\/\/www.francebleu.fr\/sports\/rugby\/envahissement-du-terrain-lors-de-l-access-match-le-fcg-condamne-a-25-000-euros-d-amende-9547552\" rel=\"nofollow noopener\" target=\"_blank\">sanctionn\u00e9<\/a>\u00a0d&rsquo;un match \u00e0 jouer \u00e0 l&rsquo;ext\u00e9rieur, mais en appel la sanction a \u00e9t\u00e9 all\u00e9g\u00e9e et le FCG fera bien vendredi soir sa rentr\u00e9e devant son public.<\/p>\n<p>10% d&rsquo;abonn\u00e9s en plus<\/p>\n<p>Une enceinte o\u00f9, mis \u00e0 part les \u00e9checs en match d&rsquo;accession, les Rouge et Bleu sont <strong>invaincus depuis janvier 2024<\/strong> et un match perdu contre Dax. \u00ab\u00a0C&rsquo;est notre forteresse\u00a0\u00bb, sourit le troisi\u00e8me ligne Jos\u00e9 Madeira\u00a0: \u00ab\u00a0On joue devant nos familles, nos amis, on est content d&rsquo;y rejouer et on a h\u00e2te\u00a0\u00bb, souligne celui qui sera capitaine du FCG face aux Cantaliens.<\/p>\n<p>Une impatience partag\u00e9e par les supporters, toujours plus nombreux \u00e0 suivre les aventures des Rouge et Bleu. Cet \u00e9t\u00e9 <strong>les abonnements grand public ont augment\u00e9 de 10%<\/strong> et la tendance est similaire dans les loges. \u00ab\u00a0On avait un peu la crainte qu&rsquo;avec la d\u00e9ception de la fin de saison, les gens ne soient pas au rendez-vous, mais force est de constater qu&rsquo;ils sont l\u00e0 et bien l\u00e0\u00a0\u00bb appr\u00e9cie Th\u00e9o Peyresblanques le responsable de la billetterie. Une hausse d&rsquo;autant plus remarquable que le prix des abonnements a l\u00e9g\u00e8rement augment\u00e9 cette ann\u00e9e en raison de la pol\u00e9mique autour du co\u00fbt de location du stade, repris en gestion par la M\u00e9tropole.<\/p>\n<p>\u00ab\u00a0Des messages de soutien tr\u00e8s forts\u00a0\u00bb Patrick P\u00e9zery, entraineur des avants<\/p>\n<p>Cela confirme la dynamique entrevue ces deux derni\u00e8res saisons, avec une affluence en constante augmentation. 140.000 spectateurs au Stade des Alpes en 2023-2024, 180.000 personnes la saison pass\u00e9e. M\u00eame si elle n&rsquo;a pas r\u00e9ussi \u00e0 monter en Top 14, cette \u00e9quipe a su se rendre attachante aupr\u00e8s de ses supporters, par ses r\u00e9sultats, son jeu, et son caract\u00e8re souligne Patrick P\u00e9zery, l&rsquo;entraineur des avants\u00a0: \u00ab\u00a0Ils ont identifi\u00e9 qu&rsquo;on est des gens qui \u0153uvrons s\u00e9rieusement, honn\u00eatement, pour ce club. Et \u00e7a une fois que c&rsquo;est compris par le public on a l&rsquo;adh\u00e9sion. Malgr\u00e9 la d\u00e9faite en finale et en match d&rsquo;accession j&rsquo;ai re\u00e7u \u00e9norm\u00e9ment de messages de soutien, des messages tr\u00e8s forts.\u00a0\u00bb<\/p>\n<p>Concernant le grand public, la non-mont\u00e9e n&rsquo;a donc pas cass\u00e9 la dynamique du FCG. Sportivement, Grenoble a aussi donn\u00e9 des gages avec une premi\u00e8re victoire \u00e0 Oyonnax pour lancer sa saison.<\/p>\n<p>\u00c0 lire aussi   <img decoding=\"async\" src=\"https:\/\/www.europesays.com\/fr\/wp-content\/uploads\/2025\/09\/1757006412_157_560x315\" alt=\"Grenoble a lanc\u00e9 sa saison 2025-2026 \u00e0 Oyonnax vendredi\" style=\"--_image-preview:url('data:image\/jpeg;base64,\/9j\/2wBDACgcHiMeGSgjISMtKygwPGRBPDc3PHtYXUlkkYCZlo+AjIqgtObDoKrarYqMyP\/L2u71\/\/\/\/m8H\/\/\/\/6\/+b9\/\/j\/2wBDASstLTw1PHZBQXb4pYyl+Pj4+Pj4+Pj4+Pj4+Pj4+Pj4+Pj4+Pj4+Pj4+Pj4+Pj4+Pj4+Pj4+Pj4+Pj4+Pj4+Pj\/wAARCAAXACoDASIAAhEBAxEB\/8QAFgABAQEAAAAAAAAAAAAAAAAAAAEC\/8QAFRABAQAAAAAAAAAAAAAAAAAAABH\/xAAWAQEBAQAAAAAAAAAAAAAAAAAAAQP\/xAAUEQEAAAAAAAAAAAAAAAAAAAAA\/9oADAMBAAIRAxEAPwClZpWaNUrFKDdKxVoJUoAlKAFKAP\/Z');\" loading=\"lazy\" fetchpriority=\"low\" aria-hidden=\"true\" class=\"svelte-1pnmlwx rounded\" onload=\"this.__e=event\" onerror=\"this.__e=event\"\/><\/p>\n","protected":false},"excerpt":{"rendered":"Le FCG dispute vendredi contre Aurillac son premier match \u00e0 domicile cette saison. Apr\u00e8s avoir \u00e9chou\u00e9 \u00e0 monter&hellip;\n","protected":false},"author":2,"featured_media":366176,"comment_status":"","ping_status":"","sticky":false,"template":"","format":"standard","meta":{"footnotes":""},"categories":[9566],"tags":[1111,11,2430,1777,674,1011,27,2731,12,25],"class_list":{"0":"post-366175","1":"post","2":"type-post","3":"status-publish","4":"format-standard","5":"has-post-thumbnail","7":"category-grenoble","8":"tag-actu","9":"tag-actualites","10":"tag-auvergne-rhone-alpes","11":"tag-eu","12":"tag-europe","13":"tag-fr","14":"tag-france","15":"tag-grenoble","16":"tag-news","17":"tag-republique-francaise"},"share_on_mastodon":{"url":"https:\/\/pubeurope.com\/@fr\/115147179569772153","error":""},"_links":{"self":[{"href":"https:\/\/www.europesays.com\/fr\/wp-json\/wp\/v2\/posts\/366175","targetHints":{"allow":["GET"]}}],"collection":[{"href":"https:\/\/www.europesays.com\/fr\/wp-json\/wp\/v2\/posts"}],"about":[{"href":"https:\/\/www.europesays.com\/fr\/wp-json\/wp\/v2\/types\/post"}],"author":[{"embeddable":true,"href":"https:\/\/www.europesays.com\/fr\/wp-json\/wp\/v2\/users\/2"}],"replies":[{"embeddable":true,"href":"https:\/\/www.europesays.com\/fr\/wp-json\/wp\/v2\/comments?post=366175"}],"version-history":[{"count":0,"href":"https:\/\/www.europesays.com\/fr\/wp-json\/wp\/v2\/posts\/366175\/revisions"}],"wp:featuredmedia":[{"embeddable":true,"href":"https:\/\/www.europesays.com\/fr\/wp-json\/wp\/v2\/media\/366176"}],"wp:attachment":[{"href":"https:\/\/www.europesays.com\/fr\/wp-json\/wp\/v2\/media?parent=366175"}],"wp:term":[{"taxonomy":"category","embeddable":true,"href":"https:\/\/www.europesays.com\/fr\/wp-json\/wp\/v2\/categories?post=366175"},{"taxonomy":"post_tag","embeddable":true,"href":"https:\/\/www.europesays.com\/fr\/wp-json\/wp\/v2\/tags?post=366175"}],"curies":[{"name":"wp","href":"https:\/\/api.w.org\/{rel}","templated":true}]}}