{"id":366177,"date":"2025-09-04T17:21:17","date_gmt":"2025-09-04T17:21:17","guid":{"rendered":"https:\/\/www.europesays.com\/fr\/366177\/"},"modified":"2025-09-04T17:21:17","modified_gmt":"2025-09-04T17:21:17","slug":"vers-un-blocage-de-la-rocade-de-rennes-le-10-septembre-voici-a-quoi-sattendre","status":"publish","type":"post","link":"https:\/\/www.europesays.com\/fr\/366177\/","title":{"rendered":"Vers un blocage de la rocade de Rennes le 10\u00a0septembre\u00a0: voici \u00e0 quoi s\u2019attendre"},"content":{"rendered":"<p>\u00ab On pr\u00e9pare plusieurs sc\u00e9narios, mais c\u2019est compliqu\u00e9 de savoir ce qu\u2019il va vraiment se passer \u00bb. \u00c0 Rennes, si la Police nationale avance un peu dans le flou, elle n\u2019en a pas moins commenc\u00e9 \u00e0 mobiliser ses effectifs en vue du mouvement du 10 septembre prochain. Surtout que <a href=\"https:\/\/www.letelegramme.fr\/france\/ca-part-dans-tous-les-sens-pour-le-mouvement-du-10-septembre-les-autorites-sattendent-a-des-actions-diverses-6881536.php\" target=\"_blank\" rel=\"nofollow noopener\">les derniers \u00e9l\u00e9ments remont\u00e9s<\/a> par les renseignements territoriaux laissent pr\u00e9sager une mobilisation massive dans la capitale bretonne.<\/p>\n<p>Un mouvement difficile \u00e0 lire<\/p>\n<p>N\u00e9e sur les r\u00e9seaux sociaux \u00e0 la suite de la pr\u00e9sentation du projet de budget du gouvernement Bayrou, cette mobilisation citoyenne s\u2019est structur\u00e9e sous la consigne \u00ab Bloquons Tout \u00bb au c\u0153ur de l\u2019\u00e9t\u00e9. L\u2019objectif affich\u00e9 : mettre le pays \u00e0 l\u2019arr\u00eat via de multiples actions de d\u00e9sob\u00e9issance civile. Un mot d\u2019ordre qui n\u2019est pas sans rappeler <a href=\"https:\/\/www.letelegramme.fr\/france\/comme-un-air-de-gilets-jaunes-un-appel-au-blocage-du-pays-agite-les-reseaux-sociaux-6861084.php\" target=\"_blank\" rel=\"nofollow noopener\">celui des Gilets Jaunes<\/a>.<\/p>\n<p>Si des milieux souverainistes semblaient au d\u00e9part \u00e0 la man\u0153uvre, le mouvement a progressivement chang\u00e9 d\u2019orientation avec une \u00ab prise en main par l\u2019extr\u00eame gauche et l\u2019ultra gauche \u00bb, indique une note des services de renseignement r\u00e9cup\u00e9r\u00e9e par l\u2019AFP. Il a depuis re\u00e7u le soutien de l\u2019ensemble des formations politiques \u00e0 gauche et des syndicats.<\/p>\n<p>\u00c0 quoi s\u2019attendre \u00e0 Rennes ?<\/p>\n<p>Sans structure tangible, difficile de s\u2019organiser. \u00c0 Rennes, le degr\u00e9 d\u2018implication de la soci\u00e9t\u00e9 civile reste encore incertain malgr\u00e9 la tenue de plusieurs assembl\u00e9es g\u00e9n\u00e9rales locales ces derni\u00e8res semaines. Au total, plusieurs centaines de citoyens d\u2019horizons divers y ont \u00e9t\u00e9 recens\u00e9s que ce soit dans les quartiers o\u00f9 dans les plus gros rassemblements. Avec \u00e0 chaque fois un objectif clair : bloquer la capitale bretonne \u00e0 travers plusieurs actions simultan\u00e9es.<\/p>\n<blockquote class=\"instagram-media\" data-instgrm-captioned=\"\" data-instgrm-permalink=\"https:\/\/www.instagram.com\/p\/DOGtYmhjHGC\/?utm_source=ig_embed&amp;utm_campaign=loading\" data-instgrm-version=\"14\" style=\" background:#FFF; border:0; border-radius:3px; box-shadow:0 0 1px 0 rgba(0,0,0,0.5),0 1px 10px 0 rgba(0,0,0,0.15); margin: 1px; max-width:540px; min-width:326px; padding:0; width:99.375%; width:-webkit-calc(100% - 2px); width:calc(100% - 2px);\"\/>\n<p>Alors que d\u2019ultimes r\u00e9unions doivent encore avoir lieu ce week-end pour essayer de se coordonner au maximum, une tentative de blocage de la rocade de Rennes se dessine. Des appels \u00e0 se rassembler massivement aux stations de m\u00e9tro Via Silva et Henri Fr\u00e9ville, d\u00e8s 6h30, le 10 septembre prochain circulent sur les diff\u00e9rents canaux de discussions, sur les r\u00e9seaux sociaux et via plusieurs affiches placard\u00e9s en ville. Des barrages filtrants pourraient aussi \u00eatre mis en place \u00e0 diff\u00e9rents endroits de la capitale bretonne.<\/p>\n<blockquote><p>Il y aura un impact sur la circulation des bus<\/p><\/blockquote>\n<p>Les perturbations devraient \u00e9galement \u00eatre importantes dans les \u00e9coles avec de possibles fermetures de classes \u00e0 pr\u00e9voir. Les principaux syndicats de l\u2019\u00e9ducation nationale ayant appel\u00e9 \u00e0 une large mobilisation dans tout le d\u00e9partement. M\u00eame topo du c\u00f4t\u00e9 des transports. \u00ab Il y aura un impact sur la circulation des bus dans la M\u00e9tropole \u00bb, confirme Christian Demay, d\u00e9l\u00e9gu\u00e9 CGT chez Keolis. \u00ab On veut montrer notre ras-le-bol \u00bb. Les trains ne devraient pas beaucoup plus circuler en raison de l\u2019appel \u00e0 la gr\u00e8ve de la CGT Cheminots et Sud Rail.<\/p>\n<p>Apr\u00e8s les actions annonc\u00e9es en d\u00e9but de journ\u00e9e, une grande manifestation au d\u00e9part de R\u00e9publique, \u00e0 11h30, est \u00e9galement pr\u00e9vue. Une initiative \u00e0 laquelle ne participeront pas toutes les formations syndicales qui restent divis\u00e9es \u00e0 l\u2019\u00e9gard de cette journ\u00e9e de mobilisation.<\/p>\n<p>Et les syndicats alors ?<\/p>\n<p>Plusieurs syndicats comme la CFDT ou la CFE-CGC n\u2019appellent pas \u00e0 la gr\u00e8ve ce jour-l\u00e0, pr\u00e9f\u00e9rant se rallier \u00e0 l\u2019appel national du 18 septembre. D\u2019autres, en revanche, seront mobilis\u00e9s. \u00ab Pour nous, c\u2019est le point de d\u00e9part, d\u2019ailleurs certaines de nos f\u00e9d\u00e9rations, comme l\u2019\u00e9nergie, sont d\u00e9j\u00e0 mobilis\u00e9es \u00bb, pointe Mathieu Cocq, \u00e0 la CGT 35. M\u00eame discours du c\u00f4t\u00e9 de FO 35, o\u00f9 Fabrice Lerestif veut \u00ab construire la gr\u00e8ve dans la dur\u00e9e \u00bb. \u00ab Nous souhaitons que \u00e7a continue apr\u00e8s le 10 septembre. Si certains de nos camarades ont besoin de notre aide pour faire gr\u00e8ve dans les entreprises, c\u2019est \u00e7a que nous privil\u00e9gierons, plut\u00f4t que bloquer des ronds-points ou manifester dans la rue \u00bb.<\/p>\n<p>Si les points de vue diff\u00e8rent sur le 10 septembre, les syndicats d\u00e9partementaux ont r\u00e9ussi \u00e0 s\u2019entendre sur un mot d\u2019ordre commun en validant un texte appelant \u00e0 \u00ab construire la gr\u00e8ve dans les entreprises et les services \u00bb, mais sans \u00e9voquer de date de mobilisation. Une fa\u00e7on de \u00ab pr\u00e9server l\u2019unit\u00e9 \u00bb, selon Mathieu Cocq, pour qui \u00ab le 10 septembre et le mouvement intersyndical ne s\u2019opposent pas \u00bb. \u00ab L\u2019id\u00e9e est d\u2019afficher un arc unitaire le plus large possible, sans trahir les positions des uns et des autres \u00bb, abonde le secr\u00e9taire g\u00e9n\u00e9ral de la CFDT 35, Wilfried Lemar\u00e9chal. Une nouvelle r\u00e9union de l\u2019intersyndicale est pr\u00e9vue jeudi 11 septembre pour d\u00e9terminer des suites de la mobilisation, notamment en vue du 18 septembre.<\/p>\n<p><script async src=\"\/\/www.instagram.com\/embed.js\"><\/script><\/p>\n","protected":false},"excerpt":{"rendered":"\u00ab On pr\u00e9pare plusieurs sc\u00e9narios, mais c\u2019est compliqu\u00e9 de savoir ce qu\u2019il va vraiment se passer \u00bb. \u00c0&hellip;\n","protected":false},"author":2,"featured_media":366178,"comment_status":"","ping_status":"","sticky":false,"template":"","format":"standard","meta":{"footnotes":""},"categories":[2821],"tags":[1111,11,829,765,1777,674,1011,27,848,12,584,25],"class_list":{"0":"post-366177","1":"post","2":"type-post","3":"status-publish","4":"format-standard","5":"has-post-thumbnail","7":"category-rennes","8":"tag-actu","9":"tag-actualites","10":"tag-bretagne","11":"tag-en-continu","12":"tag-eu","13":"tag-europe","14":"tag-fr","15":"tag-france","16":"tag-ille-et-vilaine","17":"tag-news","18":"tag-rennes","19":"tag-republique-francaise"},"share_on_mastodon":{"url":"https:\/\/pubeurope.com\/@fr\/115147183456641331","error":""},"_links":{"self":[{"href":"https:\/\/www.europesays.com\/fr\/wp-json\/wp\/v2\/posts\/366177","targetHints":{"allow":["GET"]}}],"collection":[{"href":"https:\/\/www.europesays.com\/fr\/wp-json\/wp\/v2\/posts"}],"about":[{"href":"https:\/\/www.europesays.com\/fr\/wp-json\/wp\/v2\/types\/post"}],"author":[{"embeddable":true,"href":"https:\/\/www.europesays.com\/fr\/wp-json\/wp\/v2\/users\/2"}],"replies":[{"embeddable":true,"href":"https:\/\/www.europesays.com\/fr\/wp-json\/wp\/v2\/comments?post=366177"}],"version-history":[{"count":0,"href":"https:\/\/www.europesays.com\/fr\/wp-json\/wp\/v2\/posts\/366177\/revisions"}],"wp:featuredmedia":[{"embeddable":true,"href":"https:\/\/www.europesays.com\/fr\/wp-json\/wp\/v2\/media\/366178"}],"wp:attachment":[{"href":"https:\/\/www.europesays.com\/fr\/wp-json\/wp\/v2\/media?parent=366177"}],"wp:term":[{"taxonomy":"category","embeddable":true,"href":"https:\/\/www.europesays.com\/fr\/wp-json\/wp\/v2\/categories?post=366177"},{"taxonomy":"post_tag","embeddable":true,"href":"https:\/\/www.europesays.com\/fr\/wp-json\/wp\/v2\/tags?post=366177"}],"curies":[{"name":"wp","href":"https:\/\/api.w.org\/{rel}","templated":true}]}}