{"id":366181,"date":"2025-09-04T17:23:11","date_gmt":"2025-09-04T17:23:11","guid":{"rendered":"https:\/\/www.europesays.com\/fr\/366181\/"},"modified":"2025-09-04T17:23:11","modified_gmt":"2025-09-04T17:23:11","slug":"4-mois-de-fermeture-administrative-pour-le-wagon-souk","status":"publish","type":"post","link":"https:\/\/www.europesays.com\/fr\/366181\/","title":{"rendered":"4 mois de fermeture administrative pour le Wagon Souk"},"content":{"rendered":"<p>Le 18\u00a0juillet, la sous-pr\u00e9f\u00e8te C\u00e9cile Rackette a fait le d\u00e9placement en personne rue du Rempart, \u00e0 Strasbourg, accompagn\u00e9e de policiers, de douaniers, d\u2019un inspecteur du travail. Un <a href=\"https:\/\/www.dna.fr\/culture-loisirs\/2025\/04\/17\/nuisances-sonores-locaux-non-conformes-le-wagon-souk-sur-la-sellette\" target=\"_blank\" rel=\"nofollow noopener\">pr\u00e9c\u00e9dent \u00e9pisode<\/a> en 2024 avait conduit \u00e0 une enqu\u00eate de police et mis <a href=\"https:\/\/www.dna.fr\/societe\/2024\/05\/07\/le-wagon-souk-essuie-un-controle-administratif-xxl\" target=\"_blank\" rel=\"nofollow noopener\">le Wagon dans le collimateur des autorit\u00e9s<\/a>.<\/p>\n<p>Depuis le 2\u00a0septembre, une fermeture administrative de quatre mois a \u00e9t\u00e9 notifi\u00e9e au pr\u00e9sident de l\u2019association Mohamed Zahi. Le motif premier de cet arr\u00eat\u00e9 est la vente d\u2019alcools forts sans la licence 4 qui permettrait cette commercialisation.<\/p>\n<p>Par ailleurs, l\u2019arr\u00eat\u00e9 de fermeture rel\u00e8ve un cas de travail dissimul\u00e9 ainsi qu\u2019une infraction pour l\u2019emploi d\u2019une personne \u00e9trang\u00e8re sans autorisation de travail. Enfin, les forces de l\u2019ordre ont saisi sur place du tabac \u00e0 narguil\u00e9 sans justificatif d\u2019autorisation pour en commercialiser.<\/p>\n<p>  Deux plaintes contre le pr\u00e9sident<\/p>\n<p>En marge de cette d\u00e9cision administrative, l\u2019association vit une crise de gouvernance qui s\u2019est emball\u00e9e dans la deuxi\u00e8me quinzaine d\u2019ao\u00fbt. Des d\u00e9saccords du pr\u00e9sident avec une intervenante artistique qui a organis\u00e9 plusieurs \u00e9v\u00e9nements au Wagon ainsi que la directrice artistique (membre fondatrice de l\u2019association) du Wagon Souk se sont envenim\u00e9s au point que les deux femmes ont chacune d\u00e9pos\u00e9 plainte contre Mohamed Zahi. <\/p>\n<p>\u00ab\u00a0J\u2019ai \u00e9t\u00e9 harcel\u00e9e durant trois mois par messages priv\u00e9s, puis harcel\u00e9e et diffam\u00e9e de mani\u00e8re publique sur les r\u00e9seaux sociaux\u00a0\u00bb, affirme l\u2019artiste intervenante ext\u00e9rieure (*) qui a document\u00e9 ces violentes attaques contre sa personne par de nombreuses captures d\u2019\u00e9cran. \u00ab\u00a0Je suis devenue le bouc \u00e9missaire de cet homme, qui fait ainsi diversion sur ses propres d\u00e9faillances\u00a0\u00bb, poursuit la plaignante. \u00ab\u00a0Mais je sais que je ne suis pas la seule victime de ses agissements.\u00a0\u00bb \u00ab\u00a0J\u2019ai d\u00e9pos\u00e9 plainte le 22\u00a0ao\u00fbt pour lib\u00e9rer la parole et \u00e9galement parce que je ne pouvais laisser passer des mises en cause de mon s\u00e9rieux sur le plan professionnel.\u00a0\u00bb<\/p>\n<p>Cette crise va entra\u00eener des cons\u00e9quences lourdes pour l\u2019avenir du tiers-lieu. Mettant en avant l\u2019int\u00e9r\u00eat d\u2019un projet \u00ab\u00a0convivial, militant et (favorisant les) rencontres culturelles\u00a0\u00bb, la municipalit\u00e9 strasbourgeoise s\u2019\u00e9tait engag\u00e9e en juin\u00a02025 \u00e0 construire avec l\u2019\u00e9quipe du Wagon Souk un programme architectural pour une r\u00e9habilitation et mise aux normes du b\u00e2timent. Ce, dans l\u2019optique d\u2019une occupation possible des locaux par le public usager du lieu. Des travaux avaient \u00e9t\u00e9 annonc\u00e9s \u00e0 l\u2019horizon 2027.<\/p>\n<p>  Le partenariat avec la Ville gel\u00e9<\/p>\n<p>\u00ab\u00a0Les d\u00e9p\u00f4ts de plainte dont nous avons \u00e9t\u00e9 inform\u00e9s d\u00e9noncent des violences au sein de la structure\u00a0\u00bb, r\u00e9agissait le premier adjoint \u00e0 la maire Syamak Agha Babaei en d\u00e9but de semaine. \u00ab\u00a0C\u2019est \u00e9videmment \u00e0 la justice de trancher sur le fond, mais ces accusations atteignent l\u2019association dans son fonctionnement\u00a0\u00bb. D\u2019o\u00f9 la d\u00e9cision, exprim\u00e9e officiellement dans un communiqu\u00e9 du 29\u00a0ao\u00fbt, de geler le partenariat de la Ville avec l\u2019association. \u00ab\u00a0Une gouvernance apais\u00e9e et diff\u00e9rente sera la condition de reprise du projet de r\u00e9habilitation\u00a0\u00bb, indique encore l\u2019\u00e9lu.<\/p>\n<p>Contact\u00e9 jeudi soir par nos soins, Mohamed Zahi s\u2019estime \u00ab\u00a0victime d\u2019une vaste campagne de lynchage\u00a0\u00bb. Il aurait d\u00e9pos\u00e9 lui-m\u00eame, dit-il, trois plaintes \u00e0 l\u2019encontre de chacune des femmes qui l\u2019incriminent ainsi que de \u00ab\u00a0Mme la maire et son cabinet\u00a0\u00bb.<\/p>\n<p>Entre-temps, le parquet a retenu \u00e0 son encontre les faits d\u2019envoi de messages malveillants par voie de communication \u00e9lectronique pour une des plaignantes, de tentative de troubler la tranquillit\u00e9, de porter atteinte \u00e0 l\u2019honneur ou \u00e0 la consid\u00e9ration de la seconde, en l\u2019identifiant clairement sur les r\u00e9seaux sociaux par \u00ab\u00a0sa photographie accompagn\u00e9e d\u2019un message d\u00e9nigrant\u00a0\u00bb. Ces faits font l\u2019objet d\u2019une proposition de composition p\u00e9nale. Le dispositif judiciaire en question permet de sanctionner rapidement l\u2019auteur d\u2019une infraction reconnaissant sa culpabilit\u00e9, lui \u00e9vitant un proc\u00e8s stricto sensu.<\/p>\n<p class=\"note\">(*) Notre interlocutrice a souhait\u00e9 rester anonyme.<\/p>\n","protected":false},"excerpt":{"rendered":"Le 18\u00a0juillet, la sous-pr\u00e9f\u00e8te C\u00e9cile Rackette a fait le d\u00e9placement en personne rue du Rempart, \u00e0 Strasbourg, accompagn\u00e9e&hellip;\n","protected":false},"author":2,"featured_media":366182,"comment_status":"","ping_status":"","sticky":false,"template":"","format":"standard","meta":{"footnotes":""},"categories":[2820],"tags":[1111,11,2880,1777,674,274,107,1011,27,775,12,25,640,2879],"class_list":{"0":"post-366181","1":"post","2":"type-post","3":"status-publish","4":"format-standard","5":"has-post-thumbnail","7":"category-strasbourg","8":"tag-actu","9":"tag-actualites","10":"tag-edition-strasbourg","11":"tag-eu","12":"tag-europe","13":"tag-faits-divers-justice","14":"tag-fil-info","15":"tag-fr","16":"tag-france","17":"tag-grand-est","18":"tag-news","19":"tag-republique-francaise","20":"tag-strasbourg","21":"tag-strasbourg-ville"},"share_on_mastodon":{"url":"https:\/\/pubeurope.com\/@fr\/115147191403654778","error":""},"_links":{"self":[{"href":"https:\/\/www.europesays.com\/fr\/wp-json\/wp\/v2\/posts\/366181","targetHints":{"allow":["GET"]}}],"collection":[{"href":"https:\/\/www.europesays.com\/fr\/wp-json\/wp\/v2\/posts"}],"about":[{"href":"https:\/\/www.europesays.com\/fr\/wp-json\/wp\/v2\/types\/post"}],"author":[{"embeddable":true,"href":"https:\/\/www.europesays.com\/fr\/wp-json\/wp\/v2\/users\/2"}],"replies":[{"embeddable":true,"href":"https:\/\/www.europesays.com\/fr\/wp-json\/wp\/v2\/comments?post=366181"}],"version-history":[{"count":0,"href":"https:\/\/www.europesays.com\/fr\/wp-json\/wp\/v2\/posts\/366181\/revisions"}],"wp:featuredmedia":[{"embeddable":true,"href":"https:\/\/www.europesays.com\/fr\/wp-json\/wp\/v2\/media\/366182"}],"wp:attachment":[{"href":"https:\/\/www.europesays.com\/fr\/wp-json\/wp\/v2\/media?parent=366181"}],"wp:term":[{"taxonomy":"category","embeddable":true,"href":"https:\/\/www.europesays.com\/fr\/wp-json\/wp\/v2\/categories?post=366181"},{"taxonomy":"post_tag","embeddable":true,"href":"https:\/\/www.europesays.com\/fr\/wp-json\/wp\/v2\/tags?post=366181"}],"curies":[{"name":"wp","href":"https:\/\/api.w.org\/{rel}","templated":true}]}}