{"id":366185,"date":"2025-09-04T17:25:30","date_gmt":"2025-09-04T17:25:30","guid":{"rendered":"https:\/\/www.europesays.com\/fr\/366185\/"},"modified":"2025-09-04T17:25:30","modified_gmt":"2025-09-04T17:25:30","slug":"date-billetterie-prix-voici-ce-quil-faut-savoir","status":"publish","type":"post","link":"https:\/\/www.europesays.com\/fr\/366185\/","title":{"rendered":"date, billetterie, prix, voici ce qu&rsquo;il faut savoir"},"content":{"rendered":"<p>            Par<br \/>\n        <strong><br \/>\n            <a href=\"https:\/\/actu.fr\/auteur\/manon-reinhardt\" title=\"Consulter tous les articles de Manon Reinhardt\" rel=\"nofollow noopener\" target=\"_blank\">Manon Reinhardt<\/a><br \/>\n        <\/strong><\/p>\n<p>        Publi\u00e9 le<\/p>\n<p>            4 sept. 2025 \u00e0 17h30        <\/p>\n<p>Il est de retour\u2009! L\u2019annonce vient tout juste de tomber\u2009: The Weeknd se produira \u00e0 <a href=\"https:\/\/actu.fr\/provence-alpes-cote-d-azur\/nice_06088\" rel=\"nofollow noopener\" target=\"_blank\">Nice<\/a> (<a href=\"https:\/\/actu.fr\/provence-alpes-cote-d-azur\/alpes-maritimes_06\" rel=\"nofollow noopener\" target=\"_blank\">Alpes-Maritimes<\/a>) lors d\u2019un m\u00e9ga concert annonc\u00e9 \u00e0 l\u2019Allianz Riviera. L\u2019artiste a publi\u00e9 les dates et lieux de sa tourn\u00e9e sur ses r\u00e9seaux sociaux.<\/p>\n<p class=\" wall-content\">Voici quand il fera vibrer la capitale azur\u00e9enne.<\/p>\n<p>The Weeknd de retour \u00e0 Nice le 21\u00a0juillet 2026<\/p>\n<p class=\" wall-content\">C\u2019est officiel, deux ans pile apr\u00e8s ses deux m\u00e9ga concerts \u00e0 l\u2019Allianz Riviera, The Weeknd va faire son grand retour \u00e0 Nice. Il vient d\u2019annoncer sa nouvelle tourn\u00e9e sur ses r\u00e9seaux sociaux. Et si vous \u00eates fan de la star canadienne,<strong> r\u00e9servez votre mardi 21\u00a0juillet 2026<\/strong>. Le stade ni\u00e7ois l\u2019a \u00e9galement confirm\u00e9 sur X.<\/p>\n<p class=\" wall-content\">\n<p class=\" wall-content\">Il sera accompagn\u00e9 du rappeur am\u00e9ricain Playboi Carti. Pour l\u2019instant, les places ne sont pas encore en vente mais vous pouvez d\u2019ores et d\u00e9j\u00e0 renseigner vos coordonn\u00e9es.<\/p>\n<p>Ouverture de la billetterie le 12\u00a0septembre<\/p>\n<p class=\" wall-content\">La billetterie ouvrira le 12\u00a0septembre prochain \u00e0 12h. \u00c0 l\u2019image de Travis Scott, qui avait annonc\u00e9 <a href=\"https:\/\/actu.fr\/provence-alpes-cote-d-azur\/nice_06088\/nice-concert-de-travis-scott-des-heures-d-attente-une-organisation-minable-critiquee_61316054.html\" rel=\"nofollow noopener\" target=\"_blank\">un concert \u00e0 Nice pour sa seule date fran\u00e7aise<\/a>, les places risquent de partir tr\u00e8s tr\u00e8s vite.<\/p>\n<p class=\" wall-content\">En 2023, <a href=\"https:\/\/actu.fr\/provence-alpes-cote-d-azur\/nice_06088\/the-weeknd-en-concert-a-nice-voici-comment-acheter-les-dernieres-places_58854106.html\" rel=\"nofollow noopener\" target=\"_blank\">elle avait \u00e9t\u00e9 prise d\u2019assaut<\/a>. Une deuxi\u00e8me date avait ainsi \u00e9t\u00e9 annonc\u00e9e dans la foul\u00e9e. Les tickets se vendaient <strong>entre 80 et\u2026 600\u00a0euros<\/strong> pour les packs VIP.<\/p>\n<p class=\" wall-content\">Personnalisez votre actualit\u00e9 en ajoutant vos villes et m\u00e9dias en favori avec <a href=\"https:\/\/moncompte.actu.fr\" title=\"D\u00e9couvez Mon Actu\" rel=\"nofollow noopener\" data-trk=\"{&quot;cta&quot;:{&quot;action&quot;:&quot;https:\\\/\\\/moncompte.actu.fr&quot;,&quot;category&quot;:&quot;mon compte&quot;,&quot;from&quot;:&quot;article footer&quot;,&quot;name&quot;:&quot;Mon actu&quot;,&quot;type&quot;:&quot;cta&quot;}}\" target=\"_blank\">Mon Actu<\/a>.<\/p>\n","protected":false},"excerpt":{"rendered":"Par Manon Reinhardt Publi\u00e9 le 4 sept. 2025 \u00e0 17h30 Il est de retour\u2009! L\u2019annonce vient tout juste&hellip;\n","protected":false},"author":2,"featured_media":366186,"comment_status":"","ping_status":"","sticky":false,"template":"","format":"standard","meta":{"footnotes":""},"categories":[2819],"tags":[1111,11,1697,1777,674,3696,1011,27,873,12,2401,882,25],"class_list":{"0":"post-366185","1":"post","2":"type-post","3":"status-publish","4":"format-standard","5":"has-post-thumbnail","7":"category-nice","8":"tag-actu","9":"tag-actualites","10":"tag-concert","11":"tag-eu","12":"tag-europe","13":"tag-evenements","14":"tag-fr","15":"tag-france","16":"tag-musique","17":"tag-news","18":"tag-nice","19":"tag-provence-alpes-cote-dazur","20":"tag-republique-francaise"},"share_on_mastodon":{"url":"https:\/\/pubeurope.com\/@fr\/115147199169479131","error":""},"_links":{"self":[{"href":"https:\/\/www.europesays.com\/fr\/wp-json\/wp\/v2\/posts\/366185","targetHints":{"allow":["GET"]}}],"collection":[{"href":"https:\/\/www.europesays.com\/fr\/wp-json\/wp\/v2\/posts"}],"about":[{"href":"https:\/\/www.europesays.com\/fr\/wp-json\/wp\/v2\/types\/post"}],"author":[{"embeddable":true,"href":"https:\/\/www.europesays.com\/fr\/wp-json\/wp\/v2\/users\/2"}],"replies":[{"embeddable":true,"href":"https:\/\/www.europesays.com\/fr\/wp-json\/wp\/v2\/comments?post=366185"}],"version-history":[{"count":0,"href":"https:\/\/www.europesays.com\/fr\/wp-json\/wp\/v2\/posts\/366185\/revisions"}],"wp:featuredmedia":[{"embeddable":true,"href":"https:\/\/www.europesays.com\/fr\/wp-json\/wp\/v2\/media\/366186"}],"wp:attachment":[{"href":"https:\/\/www.europesays.com\/fr\/wp-json\/wp\/v2\/media?parent=366185"}],"wp:term":[{"taxonomy":"category","embeddable":true,"href":"https:\/\/www.europesays.com\/fr\/wp-json\/wp\/v2\/categories?post=366185"},{"taxonomy":"post_tag","embeddable":true,"href":"https:\/\/www.europesays.com\/fr\/wp-json\/wp\/v2\/tags?post=366185"}],"curies":[{"name":"wp","href":"https:\/\/api.w.org\/{rel}","templated":true}]}}