{"id":366187,"date":"2025-09-04T17:26:23","date_gmt":"2025-09-04T17:26:23","guid":{"rendered":"https:\/\/www.europesays.com\/fr\/366187\/"},"modified":"2025-09-04T17:26:23","modified_gmt":"2025-09-04T17:26:23","slug":"se-rassembler-face-a-toutes-les-formes-de-racisme-la-ville-de-nice-plante-un-arbre-en-hommage-a-ilan-alimi-jeune-juif-assassine-pour-sa-confession-en-2006","status":"publish","type":"post","link":"https:\/\/www.europesays.com\/fr\/366187\/","title":{"rendered":"\u00ab\u00a0Se rassembler face \u00e0 toutes les formes de racisme: la Ville de Nice plante un arbre en hommage \u00e0 Ilan Alimi, jeune juif assassin\u00e9 pour sa confession en 2006"},"content":{"rendered":"<p>Un olivier a \u00e9t\u00e9 plant\u00e9, ce jeudi 4 septembre 2025, au kiosque \u00e0 musique de l\u2019espace Jacques-Cotta. La Ville de Nice a rendu hommage \u00e0 Ilan Halimi, 23 ans, s\u00e9questr\u00e9 durant plus de 600 heures et assassin\u00e9 en 2006, en r\u00e9gion parisienne, par le gang des barbares parce qu\u2019il \u00e9tait juif.<\/p>\n<p>Christian Estrosi, le maire de Nice, et \u00c9ric Ciotti, d\u00e9put\u00e9 UDR (Union des droites pour la R\u00e9publique) de la 1re circonscription des Alpes-Maritimes, ont symboliquement ramass\u00e9 de la terre pour encrer au sol les racines de ce petit arbre.<\/p>\n<p>Une initiative qui fait suite \u00e0 l\u2019appel lanc\u00e9 par Alain Jakubowicz, pr\u00e9sident d\u2019honneur de la Licra (1). Celui-ci avait invit\u00e9 les maires de France \u00e0 planter un arbre apr\u00e8s l\u2019abattage, mi-ao\u00fbt, de l\u2019olivier d\u00e9di\u00e9 \u00e0 Ilan Halimi \u00e0 \u00c9pinay-sur-Seine, un acte de vandalisme qui avait suscit\u00e9 une vive \u00e9motion.<\/p>\n<p>\u00a0\u00bb Un acte de r\u00e9sistance \u00a0\u00bb<\/p>\n<p>Au kiosque \u00e0 musique, l\u2019ambiance \u00e9tait marqu\u00e9e par le recueillement. Portant une kippa, Christian Estrosi a insist\u00e9 sur la port\u00e9e symbolique de cette plantation: \u00ab\u00a0Planter cet olivier de la paix est \u00e0 la fois un acte de r\u00e9sistance et de d\u00e9termination. L\u2019antis\u00e9mitisme, longtemps contenu, s\u2019est banalis\u00e9 depuis le 7 octobre 2023. \u00c0 Nice, comme ailleurs, nous devons montrer que nous ne c\u00e9derons sur rien.\u00a0\u00bb<\/p>\n<p>Le maire a aussi rappel\u00e9 les pol\u00e9miques li\u00e9es \u00e0 l\u2019affichage du drapeau isra\u00e9lien et des portraits d\u2019otages sur la fa\u00e7ade de l\u2019h\u00f4tel de ville. \u00ab\u00a0M\u00eame si j\u2019ai \u00e9t\u00e9 condamn\u00e9 \u00e0 retirer ce drapeau, je continuerai \u00e0 mener ce combat humanitaire\u00a0\u00bb, a-t-il assur\u00e9.<\/p>\n<p>De nombreux habitants ont particip\u00e9 \u00e0 cette c\u00e9r\u00e9monie. L\u2019image d\u2019un olivier, symbole de paix, a trouv\u00e9 une r\u00e9sonance particuli\u00e8re dans un contexte marqu\u00e9 par la recrudescence des actes antis\u00e9mites en France.<\/p>\n<p>\u00ab\u00a0Cet olivier est l\u00e0 pour rappeler que notre pays doit se rassembler face \u00e0 toutes les formes de racisme et de discrimination\u00a0\u00bb, a martel\u00e9 le maire de Nice. Avec ce geste, la Ville de Nice rejoint plusieurs communes de France qui ont r\u00e9pondu \u00e0 l\u2019appel de la Licra. La plantation de cet arbre s\u2019inscrit dans une d\u00e9marche de m\u00e9moire mais aussi de vigilance face aux menaces qui p\u00e8sent sur le vivre-ensemble.<\/p>\n<p>\u00a0\u00bb Pour les Ni\u00e7ois pr\u00e9sents, cet olivier doit d\u00e9sormais incarner la paix et la fraternit\u00e9\u00a0\u00bb, a conclu le premier magistrat.<\/p>\n<p>1. Ligue internationale contre le racisme et l\u2019antis\u00e9mitisme.<\/p>\n","protected":false},"excerpt":{"rendered":"Un olivier a \u00e9t\u00e9 plant\u00e9, ce jeudi 4 septembre 2025, au kiosque \u00e0 musique de l\u2019espace Jacques-Cotta. La&hellip;\n","protected":false},"author":2,"featured_media":366188,"comment_status":"","ping_status":"","sticky":false,"template":"","format":"standard","meta":{"footnotes":""},"categories":[2819],"tags":[1111,11,1777,674,1011,27,12,2401,316,882,25],"class_list":{"0":"post-366187","1":"post","2":"type-post","3":"status-publish","4":"format-standard","5":"has-post-thumbnail","7":"category-nice","8":"tag-actu","9":"tag-actualites","10":"tag-eu","11":"tag-europe","12":"tag-fr","13":"tag-france","14":"tag-news","15":"tag-nice","16":"tag-politique","17":"tag-provence-alpes-cote-dazur","18":"tag-republique-francaise"},"share_on_mastodon":{"url":"https:\/\/pubeurope.com\/@fr\/115147203094111012","error":""},"_links":{"self":[{"href":"https:\/\/www.europesays.com\/fr\/wp-json\/wp\/v2\/posts\/366187","targetHints":{"allow":["GET"]}}],"collection":[{"href":"https:\/\/www.europesays.com\/fr\/wp-json\/wp\/v2\/posts"}],"about":[{"href":"https:\/\/www.europesays.com\/fr\/wp-json\/wp\/v2\/types\/post"}],"author":[{"embeddable":true,"href":"https:\/\/www.europesays.com\/fr\/wp-json\/wp\/v2\/users\/2"}],"replies":[{"embeddable":true,"href":"https:\/\/www.europesays.com\/fr\/wp-json\/wp\/v2\/comments?post=366187"}],"version-history":[{"count":0,"href":"https:\/\/www.europesays.com\/fr\/wp-json\/wp\/v2\/posts\/366187\/revisions"}],"wp:featuredmedia":[{"embeddable":true,"href":"https:\/\/www.europesays.com\/fr\/wp-json\/wp\/v2\/media\/366188"}],"wp:attachment":[{"href":"https:\/\/www.europesays.com\/fr\/wp-json\/wp\/v2\/media?parent=366187"}],"wp:term":[{"taxonomy":"category","embeddable":true,"href":"https:\/\/www.europesays.com\/fr\/wp-json\/wp\/v2\/categories?post=366187"},{"taxonomy":"post_tag","embeddable":true,"href":"https:\/\/www.europesays.com\/fr\/wp-json\/wp\/v2\/tags?post=366187"}],"curies":[{"name":"wp","href":"https:\/\/api.w.org\/{rel}","templated":true}]}}