{"id":36619,"date":"2025-04-19T13:43:17","date_gmt":"2025-04-19T13:43:17","guid":{"rendered":"https:\/\/www.europesays.com\/fr\/36619\/"},"modified":"2025-04-19T13:43:17","modified_gmt":"2025-04-19T13:43:17","slug":"gypsy-met-le-feu-a-la-philharmonie-de-paris","status":"publish","type":"post","link":"https:\/\/www.europesays.com\/fr\/36619\/","title":{"rendered":"\u00ab\u00a0Gypsy\u00a0\u00bb met le feu \u00e0 la Philharmonie de Paris"},"content":{"rendered":"<p><strong>CRITIQUE &#8211;<\/strong> Dans ce musical de Jule Styne donn\u00e9 pour la premi\u00e8re fois en France, Natalie Dessay sid\u00e8re. Et sa fille, Ne\u00efma Naouri, se pose en \u00e9toile montante.<\/p>\n<p class=\"fig-paragraph\">C\u2019est le r\u00f4le de sa vie. Ou plut\u00f4t de cette tranche de vie de la soixantaine qui l\u2019\u00e9loigne des Lucia, Lakm\u00e9, Cl\u00e9op\u00e2tre\u2026 On a frissonn\u00e9 du chant de cette soprano dou\u00e9e pour le th\u00e9\u00e2tre. L\u00e0,\u00a0<a href=\"http:\/\/www.lefigaro.fr\/culture\/natalie-dessay-et-philippe-cassard-apres-140-concerts-on-ne-sait-plus-qui-accompagne-qui-20250328\" data-fig-type=\"Article\" data-gtm-custom-categorie=\"navigation\" data-gtm-custom-action=\"crossclick\" data-gtm-custom-label=\"Contextuel\" data-gtm-event=\"customEventSPE\" data-fig-domain=\"LEFIGARO\" target=\"_blank\" rel=\"noopener\">Natalie Dessay<\/a>\u00a0joue Rose, et Rose, c\u2019est elle. Du moins ce qu\u2019elle aurait pu \u00eatre si on l\u2019avait emp\u00each\u00e9e de faire carri\u00e8re. Dans\u00a0<a href=\"http:\/\/www.lefigaro.fr\/theatre\/gypsy-la-comedie-musicale-culte-de-broadway-arrive-pour-la-premiere-fois-en-france-avec-nathalie-dessay-20250413\" data-fig-type=\"NewsFlash\" data-gtm-custom-categorie=\"navigation\" data-gtm-custom-action=\"crossclick\" data-gtm-custom-label=\"Contextuel\" data-gtm-event=\"customEventSPE\" data-fig-domain=\"LEFIGARO\" target=\"_blank\" rel=\"noopener\">Gypsy<\/a>, le musical de Jule Styne, hit absolu cr\u00e9\u00e9 \u00e0 Broadway en 1959, dont on s\u2019\u00e9tonne qu\u2019il ait mis tant de temps \u00e0 franchir l\u2019Atlantique, Rose refuse que ses filles June et Louise deviennent femmes au foyer. Le th\u00e9\u00e2tre, c\u2019est la revanche de la m\u00e9nag\u00e8re. Elle en fera des stars.<\/p>\n<p class=\"fig-paragraph\">La voil\u00e0 qui lance une troupe d\u2019enfants autour de Baby June. Louise, plus effac\u00e9e, tient un r\u00f4le de gar\u00e7on. Aucun directeur de th\u00e9\u00e2tre ne r\u00e9siste \u00e0 Rose qui sillonne les \u00c9tats-Unis\u00a0: ses enfants chantent l\u2019Am\u00e9rique et trichent sur leur \u00e2ge pour ne pas d\u00e9passer les 10\u00a0ans. Le livret, con\u00e7u par Arthur Laurents et\u00a0<a href=\"https:\/\/www.lefigaro.fr\/musique\/stephen-sondheim-la-derniere-legende-de-broadway-20211126\" data-fig-type=\"Article\" data-gtm-custom-categorie=\"navigation\" data-gtm-custom-action=\"crossclick\" data-gtm-custom-label=\"Contextuel\" data-gtm-event=\"customEventSPE\" data-fig-domain=\"LEFIGARO\" target=\"_blank\" rel=\"noopener\">Stephen Sondheim<\/a>, comme celui de West Side Story, nous r\u00e9gale de l\u2019ambigu\u00eft\u00e9 de cette m\u00e8re\u2026<\/p>\n<p class=\"fig-premium-paywall__infos\">\n        Cet article est r\u00e9serv\u00e9 aux abonn\u00e9s.        Il vous reste 64% \u00e0 d\u00e9couvrir.\n    <\/p>\n<p>                <img  data- alt=\"Le Figaro\" class=\"fig-img--complete fig-img\"\/><\/p>\n<p class=\"fig-premium-paywall__title\">Vous avez envie de lire la suite ?<\/p>\n<p class=\"fig-premium-paywall__subtitle\">D\u00e9bloquez tous les articles imm\u00e9diatement.<\/p>\n<p class=\"fig-premium-paywall__connect\">\n                D\u00e9j\u00e0 abonn\u00e9\u00a0?                <a class=\"fig-premium-paywall__connect-link\" href=\"https:\/\/connect.lefigaro.fr\/login?client=horizon_web&amp;type=main&amp;redirect_uri=https%3A%2F%2Fwww.lefigaro.fr%2Fmusique%2Fgypsy-met-le-feu-a-la-philharmonie-de-paris-20250418\" data-js-gtm=\"{&quot;customCategorie&quot;: &quot;conversion&quot;, &quot;customAction&quot;: &quot;before_Landing_Connexion_paywall_auto&quot;, &quot;customLabel&quot;: &quot;bGVmaWdhcm8uZnJfXzFmMDFiNWJiLWE4ZmQtNmU0Ni05ODY5LWE1ZDc2Yjg4YWUzOF9fQXJ0aWNsZQ==_\u00ab\u00a0Gypsy\u00a0\u00bb met le feu \u00e0 la Philharmonie de Paris_405&quot;, &quot;customIDSPE&quot;: &quot;bGVmaWdhcm8uZnJfXzFmMDFiNWJiLWE4ZmQtNmU0Ni05ODY5LWE1ZDc2Yjg4YWUzOF9fQXJ0aWNsZQ==&quot;, &quot;event&quot;: &quot;customEventSPE&quot;}\" target=\"_blank\" rel=\"noopener\"><br \/>\n                    Connectez-vous<br \/>\n                <\/a>\n            <\/p>\n","protected":false},"excerpt":{"rendered":"CRITIQUE &#8211; Dans ce musical de Jule Styne donn\u00e9 pour la premi\u00e8re fois en France, Natalie Dessay sid\u00e8re.&hellip;\n","protected":false},"author":2,"featured_media":36620,"comment_status":"","ping_status":"","sticky":false,"template":"","format":"standard","meta":{"footnotes":""},"categories":[1888],"tags":[11,2937,2932,2935,1696,2934,11722,2933,1777,674,1011,27,873,2936,1698,12,626,11724,25,11723],"class_list":{"0":"post-36619","1":"post","2":"type-post","3":"status-publish","4":"format-standard","5":"has-post-thumbnail","7":"category-paris","8":"tag-actualites","9":"tag-artistes","10":"tag-cd","11":"tag-chansons","12":"tag-chanteur","13":"tag-chason","14":"tag-comedie-musicale","15":"tag-dvd","16":"tag-eu","17":"tag-europe","18":"tag-fr","19":"tag-france","20":"tag-musique","21":"tag-musique-classique","22":"tag-musiques","23":"tag-news","24":"tag-paris","25":"tag-philharmonie-de-paris","26":"tag-republique-francaise","27":"tag-stephen-sondheim"},"share_on_mastodon":{"url":"https:\/\/pubeurope.com\/@fr\/114364927414056154","error":""},"_links":{"self":[{"href":"https:\/\/www.europesays.com\/fr\/wp-json\/wp\/v2\/posts\/36619","targetHints":{"allow":["GET"]}}],"collection":[{"href":"https:\/\/www.europesays.com\/fr\/wp-json\/wp\/v2\/posts"}],"about":[{"href":"https:\/\/www.europesays.com\/fr\/wp-json\/wp\/v2\/types\/post"}],"author":[{"embeddable":true,"href":"https:\/\/www.europesays.com\/fr\/wp-json\/wp\/v2\/users\/2"}],"replies":[{"embeddable":true,"href":"https:\/\/www.europesays.com\/fr\/wp-json\/wp\/v2\/comments?post=36619"}],"version-history":[{"count":0,"href":"https:\/\/www.europesays.com\/fr\/wp-json\/wp\/v2\/posts\/36619\/revisions"}],"wp:featuredmedia":[{"embeddable":true,"href":"https:\/\/www.europesays.com\/fr\/wp-json\/wp\/v2\/media\/36620"}],"wp:attachment":[{"href":"https:\/\/www.europesays.com\/fr\/wp-json\/wp\/v2\/media?parent=36619"}],"wp:term":[{"taxonomy":"category","embeddable":true,"href":"https:\/\/www.europesays.com\/fr\/wp-json\/wp\/v2\/categories?post=36619"},{"taxonomy":"post_tag","embeddable":true,"href":"https:\/\/www.europesays.com\/fr\/wp-json\/wp\/v2\/tags?post=36619"}],"curies":[{"name":"wp","href":"https:\/\/api.w.org\/{rel}","templated":true}]}}