{"id":366191,"date":"2025-09-04T17:28:17","date_gmt":"2025-09-04T17:28:17","guid":{"rendered":"https:\/\/www.europesays.com\/fr\/366191\/"},"modified":"2025-09-04T17:28:17","modified_gmt":"2025-09-04T17:28:17","slug":"une-trentaine-de-temoignages-pour-violences-sexuelles-dans-des-etablissements-catholiques-liberation","status":"publish","type":"post","link":"https:\/\/www.europesays.com\/fr\/366191\/","title":{"rendered":"une trentaine de t\u00e9moignages pour violences sexuelles dans des \u00e9tablissements catholiques \u2013 Lib\u00e9ration"},"content":{"rendered":"<p class=\"sc-cPiKLX AiZTS text-element\">La parole se lib\u00e8re. Une trentaine de victimes ont d\u00e9j\u00e0 r\u00e9pondu \u00e0 l\u2019appel lanc\u00e9 la semaine derni\u00e8re par le dioc\u00e8se de Nantes, apr\u00e8s la mise en cause de cinq pr\u00eatres d\u2019un \u00e9tablissement catholique nantais pour \u00abviols, agressions sexuelles et attouchements\u00bb. A cette occasion, dix personnes, mineures au moment des faits, s\u2019\u00e9taient d\u00e9clar\u00e9es victimes de ces agissements, commis entre 1958 et 1995 <a href=\"https:\/\/www.liberation.fr\/societe\/religions\/pedocriminalite-dans-leglise-10-victimes-dans-un-etablissement-catholique-a-nantes-5-pretres-mis-en-cause-20250829_HVL56PRWSZBKNMUHS65ZDJEGSU\/\" target=\"_blank\" rel=\"noreferrer noopener\" title=\"https:\/\/www.liberation.fr\/societe\/religions\/pedocriminalite-dans-leglise-10-victimes-dans-un-etablissement-catholique-a-nantes-5-pretres-mis-en-cause-20250829_HVL56PRWSZBKNMUHS65ZDJEGSU\/\">au coll\u00e8ge Saint-Stanislas<\/a>. Les pr\u00eatres accus\u00e9s sont aujourd\u2019hui tous d\u00e9c\u00e9d\u00e9s. <\/p>\n<p class=\"sc-cPiKLX AiZTS text-element\">L\u2019\u00e9v\u00eaque de Nantes, Laurent Percerou, accompagn\u00e9 par le directeur dioc\u00e9sain de l\u2019enseignement catholique, Fr\u00e9d\u00e9ric Delemazure, qui avaient d\u00e9voil\u00e9 l\u2019existence de ces t\u00e9moignages, avait alors appel\u00e9 aux t\u00e9moignages \u00abquels que soient l\u2019\u00e9poque concern\u00e9e, les d\u00e9lais, le temps pass\u00e9\u00bb. \u00abL\u2019important, maintenant, c\u2019est que d\u2019autres victimes potentielles puissent \u00e9galement s\u2019exprimer\u00bb, avait soulign\u00e9 l\u2019\u00e9v\u00eaque de Nantes au moment des premi\u00e8res r\u00e9v\u00e9lations. Parmi les t\u00e9moignages, 80% font \u00e9tat de fait survenus au coll\u00e8ge de Saint-Stanislas. <\/p>\n<p class=\"sc-cPiKLX AiZTS text-element\">Parall\u00e8lement, le parquet de Nantes a ouvert une enqu\u00eate apr\u00e8s le suicide, en 2024, d\u2019un quadrag\u00e9naire ayant confi\u00e9 avoir \u00e9t\u00e9 victime de violences sexuelles de la part d\u2019un surveillant lorsqu\u2019il \u00e9tait lui aussi interne de l\u2019\u00e9tablissement Saint-Stanislas. <\/p>\n<p class=\"sc-cPiKLX AiZTS text-element\">Les sept personnes mobilis\u00e9es pour la cellule d\u2019accueil et d\u2019\u00e9coute du dioc\u00e8se, sont charg\u00e9es de \u00abtrouver des renforts pour organiser des rendez-vous avec les victimes, qui s\u2019effectuent toujours par deux \u00e9coutants\u00bb, rapporte l\u2019AFP. Les victimes seront ensuite orient\u00e9es vers les <a href=\"https:\/\/www.liberation.fr\/societe\/religions\/violences-sexuelles-dans-leglise-catholique-les-eveques-en-desaccord-sur-lindemnisation-financiere-des-victimes-majeures-20250403_5BCC42AY7BGXNDFD445WG75PKU\/\" target=\"_blank\" rel=\"noreferrer noopener\" title=\"https:\/\/www.liberation.fr\/societe\/religions\/violences-sexuelles-dans-leglise-catholique-les-eveques-en-desaccord-sur-lindemnisation-financiere-des-victimes-majeures-20250403_5BCC42AY7BGXNDFD445WG75PKU\/\">instances charg\u00e9es de leur prise en charge<\/a>, l\u2019Inirr (Instance nationale ind\u00e9pendante de reconnaissance et r\u00e9paration) et la CRR (Commission reconnaissance r\u00e9paration) si cela concerne des instituts religieux. <\/p>\n<p class=\"sc-cPiKLX AiZTS text-element\">Depuis sa cr\u00e9ation il y a trois ans, l\u2019Inirr a d\u00e9j\u00e0 recueilli les t\u00e9moignages de pr\u00e8s de 2000 personnes. Pour rappel, le rapport <a href=\"https:\/\/www.liberation.fr\/societe\/religions\/abus-sexuels-un-an-apres-la-publication-du-rapport-sauve-la-lente-et-difficile-transformation-de-leglise-20221005_FTJDAZTPZZHFRHKEYBJXK7SVJ4\/\" target=\"_blank\" rel=\"noreferrer noopener\" title=\"https:\/\/www.liberation.fr\/societe\/religions\/abus-sexuels-un-an-apres-la-publication-du-rapport-sauve-la-lente-et-difficile-transformation-de-leglise-20221005_FTJDAZTPZZHFRHKEYBJXK7SVJ4\/\">Sauv\u00e9 de 2021<\/a>, premi\u00e8re publication d\u2019ampleur sur les violences sexuelles dans l\u2019Eglise catholique, estimait \u00e0 pr\u00e8s de 330 000 le nombre de victimes recens\u00e9es depuis les ann\u00e9es 1950. <\/p>\n","protected":false},"excerpt":{"rendered":"La parole se lib\u00e8re. Une trentaine de victimes ont d\u00e9j\u00e0 r\u00e9pondu \u00e0 l\u2019appel lanc\u00e9 la semaine derni\u00e8re par&hellip;\n","protected":false},"author":2,"featured_media":366192,"comment_status":"","ping_status":"","sticky":false,"template":"","format":"standard","meta":{"footnotes":""},"categories":[2818],"tags":[1111,11,1777,674,1011,27,766,12,2636,49222,25,799],"class_list":{"0":"post-366191","1":"post","2":"type-post","3":"status-publish","4":"format-standard","5":"has-post-thumbnail","7":"category-nantes","8":"tag-actu","9":"tag-actualites","10":"tag-eu","11":"tag-europe","12":"tag-fr","13":"tag-france","14":"tag-nantes","15":"tag-news","16":"tag-pays-de-la-loire","17":"tag-pedocriminalite-eglise","18":"tag-republique-francaise","19":"tag-violences-sexuelles"},"share_on_mastodon":{"url":"https:\/\/pubeurope.com\/@fr\/115147211069009501","error":""},"_links":{"self":[{"href":"https:\/\/www.europesays.com\/fr\/wp-json\/wp\/v2\/posts\/366191","targetHints":{"allow":["GET"]}}],"collection":[{"href":"https:\/\/www.europesays.com\/fr\/wp-json\/wp\/v2\/posts"}],"about":[{"href":"https:\/\/www.europesays.com\/fr\/wp-json\/wp\/v2\/types\/post"}],"author":[{"embeddable":true,"href":"https:\/\/www.europesays.com\/fr\/wp-json\/wp\/v2\/users\/2"}],"replies":[{"embeddable":true,"href":"https:\/\/www.europesays.com\/fr\/wp-json\/wp\/v2\/comments?post=366191"}],"version-history":[{"count":0,"href":"https:\/\/www.europesays.com\/fr\/wp-json\/wp\/v2\/posts\/366191\/revisions"}],"wp:featuredmedia":[{"embeddable":true,"href":"https:\/\/www.europesays.com\/fr\/wp-json\/wp\/v2\/media\/366192"}],"wp:attachment":[{"href":"https:\/\/www.europesays.com\/fr\/wp-json\/wp\/v2\/media?parent=366191"}],"wp:term":[{"taxonomy":"category","embeddable":true,"href":"https:\/\/www.europesays.com\/fr\/wp-json\/wp\/v2\/categories?post=366191"},{"taxonomy":"post_tag","embeddable":true,"href":"https:\/\/www.europesays.com\/fr\/wp-json\/wp\/v2\/tags?post=366191"}],"curies":[{"name":"wp","href":"https:\/\/api.w.org\/{rel}","templated":true}]}}