{"id":366193,"date":"2025-09-04T17:29:10","date_gmt":"2025-09-04T17:29:10","guid":{"rendered":"https:\/\/www.europesays.com\/fr\/366193\/"},"modified":"2025-09-04T17:29:10","modified_gmt":"2025-09-04T17:29:10","slug":"quand-le-cout-du-logement-plombe-la-rentree","status":"publish","type":"post","link":"https:\/\/www.europesays.com\/fr\/366193\/","title":{"rendered":"quand le co\u00fbt du logement plombe la rentr\u00e9e"},"content":{"rendered":"<p>\u00ab\u00a0C\u2019est une p\u00e9riode super compliqu\u00e9e\u00a0\u00bb, n\u2019\u00e9lude pas Manon (1), \u00e9tudiante dans le centre-ville de Bordeaux. Comme pour ses 137\u00a0000 camarades de l\u2019acad\u00e9mie de Bordeaux, rentr\u00e9e rime avec frais en tous genres. Un mur de d\u00e9penses qui se dresse alors que <a href=\"https:\/\/www.sudouest.fr\/etudiant\/vie-etudiante\/precarite-etudiante-nous-ne-pouvons-plus-repondre-a-la-demande-radioscopie-d-une-jeunesse-sacrifiee-23073538.php\" target=\"_blank\" rel=\"follow nofollow noopener\">la pr\u00e9carit\u00e9 \u00e9tudiante s\u2019aggrave<\/a> sous les coups de butoir de l\u2019inflation. Dans son enqu\u00eate publi\u00e9e \u00e0 la rentr\u00e9e, le syndicat de l\u2019Union nationale des \u00e9tudiants (Unef) \u00e9value \u00e0 6,94\u00a0% la hausse du co\u00fbt de la vie pour les non-boursiers \u00e0 Bordeaux, o\u00f9 se trouvent 107\u00a0000 \u00e9tudiants. Les boursiers doivent supporter une hausse de 6,37\u00a0%. Selon la F\u00e9d\u00e9ration des associations g\u00e9n\u00e9rales \u00e9tudiantes (Fage), au niveau national, <a href=\"https:\/\/fage.org\/news\/actualites-fage-federations\/2025-09-03,DP-FAGE-ICDR-2025.htm\" target=\"_blank\" rel=\"nofollow noopener\">le co\u00fbt de la rentr\u00e9e<\/a> s\u2019\u00e9tablit \u00e0 3\u00a0227\u00a0euros pour les \u00e9tudiants non-boursiers, encaissant une hausse de plus de 2\u00a0%.<\/p>\n<p>\u00ab\u00a0Le gros poste de d\u00e9pense reste <a href=\"https:\/\/www.sudouest.fr\/gironde\/on-les-met-ou-les-jeunes-a-bordeaux-trouver-un-logement-etudiant-semble-impossible-25600750.php\" target=\"_blank\" rel=\"follow nofollow noopener\">le logement<\/a>\u00a0\u00bb, souligne Manon. Cette boursi\u00e8re de 24\u00a0ans dispose d\u2019un appartement Crous. \u00ab\u00a0Je dois payer le mois de septembre au mois d\u2019ao\u00fbt. Il faut aussi virer la caution, faute de quoi tu n\u2019as pas ton rendez-vous pour avoir les cl\u00e9s. Sauf qu\u2019en ao\u00fbt, les \u00e9tudiants n\u2019ont pas encore per\u00e7u leur bourse, et ils n\u2019ont pas encore l\u2019aide au logement personnalis\u00e9 (APL) pour le loyer de septembre.\u00a0\u00bb En sachant que les mauvaises surprises existent\u00a0: \u00ab\u00a0L\u2019an pass\u00e9, j\u2019ai attendu presque six mois pour percevoir mes APL.\u00a0\u00bb<\/p>\n<blockquote><p>\u00ab\u00a0Le pr\u00eat engendre des frais, mais travailler \u00e0 c\u00f4t\u00e9 revient un peu \u00e0 sacrifier mes \u00e9tudes\u00a0\u00bb<\/p><\/blockquote>\n<p>71\u00a0000 demandes pour 11\u00a0000 logements<\/p>\n<p>Pour les logements publics, le constat est simple\u00a0: le Crous de Bordeaux a revaloris\u00e9 ses loyers, avec des hausses comprises entre 1,28 et 3,26\u00a0%. Dans le m\u00eame temps, \u00e0 ce jour, le montant des bourses n\u2019a pas \u00e9t\u00e9 rehauss\u00e9. Le Crous dispose d\u2019un parc de 10\u00a0845 places sur le territoire de l\u2019ancienne Aquitaine, dont 8\u00a0700 dans la m\u00e9tropole bordelaise. Une offre qui est tr\u00e8s loin de satisfaire la demande. \u00ab\u00a0Au 28\u00a0ao\u00fbt, plus de 71\u00a0000 demandes de logement avaient \u00e9t\u00e9 enregistr\u00e9es, indique le Crous de Bordeaux. Ce chiffre traduit un niveau de sollicitation \u00e9lev\u00e9, similaire aux ann\u00e9es pr\u00e9c\u00e9dentes.\u00a0\u00bb<\/p>\n<p>\u00ab\u00a0Il faut aussi avoir \u00e0 l\u2019esprit que seulement la moiti\u00e9 des logements Crous se lib\u00e8rent d\u2019une ann\u00e9e sur l\u2019autre, pointe B\u00fc\u015fra Dirik, secr\u00e9taire de l\u2019Unef Bordeaux. L\u2019autre moiti\u00e9 est occup\u00e9e par ceux qui renouvellent leur contrat.\u00a0\u00bb L\u2019Unef Bordeaux observe \u00e9galement le \u00ab\u00a0retard pris dans la construction de nouveaux logements. Dans le cadre d\u2019un contrat pass\u00e9 entre l\u2019\u00c9tat, la R\u00e9gion, Bordeaux M\u00e9tropole et le Crous, 6\u00a0000 nouveaux logements devaient \u00eatre construits entre 2020 et 2030. Or en 2025, seuls 2\u00a0195 logements ont \u00e9t\u00e9 construits, soit moins de la moiti\u00e9 de l\u2019objectif fix\u00e9 alors que la moiti\u00e9 de la d\u00e9cennie est \u00e9coul\u00e9e.\u00a0\u00bb<\/p>\n<p>\u00ab\u00a0Nous sommes <a href=\"https:\/\/www.sudouest.fr\/gironde\/bordeaux\/logement-etudiant-a-bordeaux-le-crous-toujours-plus-sollicite-25084934.php\" target=\"_blank\" rel=\"follow nofollow noopener\">en de\u00e7\u00e0 des objectifs<\/a>\u00a0\u00bb, confirme Dean Lewis (2). Sur l\u2019ensemble de la Nouvelle-Aquitaine, le pr\u00e9sident de l\u2019Universit\u00e9 de Bordeaux souligne toutefois \u00ab\u00a0une assez bonne dynamique parce que le Conseil r\u00e9gional a aussi mis des moyens importants. Le Crous, le Centre national des \u0153uvres universitaires et scolaires (Cnous) et l\u2019\u00c9tat doivent continuer \u00e0 faire des efforts. Mais l\u2019Universit\u00e9 de Bordeaux a d\u00e9sormais la propri\u00e9t\u00e9 de son patrimoine foncier immobilier. Nous devons aussi contribuer \u00e0 all\u00e9ger la pression sur le logement \u00e9tudiant.\u00a0\u00bb<\/p>\n<p>Deux mois de loyers<\/p>\n<p>Faute de logements publics, les \u00e9tudiants se tournent en majorit\u00e9 vers le parc priv\u00e9, lui aussi impact\u00e9 par l\u2019inflation. Une cible difficilement atteignable pour ceux qui tirent le diable par la queue. \u00ab\u00a0J\u2019ai visit\u00e9 quelques appartements, mais c\u2019\u00e9tait impossible, se d\u00e9sole Manon. Certains propri\u00e9taires demandent de payer deux mois de loyer \u00e0 l\u2019avance.\u00a0\u00bb<\/p>\n<p>Outre les bourses, Manon est un peu aid\u00e9e par ses parents. Mais elle doit trouver d\u2019autres ressources. J\u2019ai toujours boss\u00e9 l\u2019\u00e9t\u00e9 et en parall\u00e8le des cours. Je fais environ quinze heures par semaine.\u00a0\u00bb Elle a notamment travaill\u00e9 dans un restaurant. \u00ab\u00a0R\u00e9cemment, j\u2019ai int\u00e9gr\u00e9 un groupe WhatsApp cr\u00e9\u00e9 par un h\u00f4tel. Quand il a besoin d\u2019un extra, le propri\u00e9taire envoie un message. Le premier qui r\u00e9pond d\u00e9croche l\u2019extra.\u00a0\u00bb Manon fait surtout face \u00e0 un dilemme\u00a0: \u00ab\u00a0J\u2019ai essay\u00e9 de faire un pr\u00eat \u00e9tudiant, mais mon dossier a \u00e9t\u00e9 refus\u00e9. J\u2019h\u00e9site \u00e0 d\u00e9poser un nouveau dossier. Le pr\u00eat engendre des frais, mais travailler \u00e0 c\u00f4t\u00e9 revient un peu \u00e0 sacrifier mes \u00e9tudes.\u00a0\u00bb<\/p>\n<p>    Priv\u00e9 versus public, quels loyers\u00a0?<br \/>\n\u00c0 Bordeaux, c\u2019est bien une des rares r\u00e9sidences universitaires \u00e0 sortir de terre en cette rentr\u00e9e. L\u2019ensemble Gis\u00e8le Halimi doit offrir 143 nouveaux logements, rue de la Louisiane, dans le quartier Belcier. Il proposera des T1 \u00e0 492\u00a0euros, et des T2 \u00e0 653\u00a0euros pour une personne seule et 326,50\u00a0euros par personne pour une colocation. Dans le parc priv\u00e9 bordelais, le co\u00fbt moyen du loyer est de 589\u00a0euros pour l\u2019Unef, et de 630\u00a0euros selon la Fage.<\/p>\n<p>Depuis plus d\u2019un an, l\u2019association <a href=\"https:\/\/www.sudouest.fr\/etudiant\/vie-etudiante\/sud-ouest-solidarite-continue-d-aider-les-associations-contre-la-precarite-des-etudiants-a-bordeaux-24825065.php\" target=\"_blank\" rel=\"follow nofollow noopener\">\u00ab\u00a0Sud Ouest\u00a0\u00bb Solidarit\u00e9s s\u2019engage<\/a> pour soutenir les associations qui viennent en aide aux jeunes pr\u00e9caires. Il est possible de faire un don. Site\u00a0: www.sudouest-solidarite.fr.<\/p>\n<p>(1) Le pr\u00e9nom a \u00e9t\u00e9 modifi\u00e9<\/p>\n<p>(2) L\u2019Universit\u00e9 de Bordeaux compte 22 sites en Nouvelle-Aquitaine notamment en Lot-et-Garonne, en Dordogne, dans les Landes et au Pays basque.<\/p>\n","protected":false},"excerpt":{"rendered":"\u00ab\u00a0C\u2019est une p\u00e9riode super compliqu\u00e9e\u00a0\u00bb, n\u2019\u00e9lude pas Manon (1), \u00e9tudiante dans le centre-ville de Bordeaux. Comme pour ses&hellip;\n","protected":false},"author":2,"featured_media":366194,"comment_status":"","ping_status":"","sticky":false,"template":"","format":"standard","meta":{"footnotes":""},"categories":[2817],"tags":[1111,11,1997,1777,674,1011,27,12,2219,25],"class_list":{"0":"post-366193","1":"post","2":"type-post","3":"status-publish","4":"format-standard","5":"has-post-thumbnail","7":"category-bordeaux","8":"tag-actu","9":"tag-actualites","10":"tag-bordeaux","11":"tag-eu","12":"tag-europe","13":"tag-fr","14":"tag-france","15":"tag-news","16":"tag-nouvelle-aquitaine","17":"tag-republique-francaise"},"share_on_mastodon":{"url":"https:\/\/pubeurope.com\/@fr\/115147214957255884","error":""},"_links":{"self":[{"href":"https:\/\/www.europesays.com\/fr\/wp-json\/wp\/v2\/posts\/366193","targetHints":{"allow":["GET"]}}],"collection":[{"href":"https:\/\/www.europesays.com\/fr\/wp-json\/wp\/v2\/posts"}],"about":[{"href":"https:\/\/www.europesays.com\/fr\/wp-json\/wp\/v2\/types\/post"}],"author":[{"embeddable":true,"href":"https:\/\/www.europesays.com\/fr\/wp-json\/wp\/v2\/users\/2"}],"replies":[{"embeddable":true,"href":"https:\/\/www.europesays.com\/fr\/wp-json\/wp\/v2\/comments?post=366193"}],"version-history":[{"count":0,"href":"https:\/\/www.europesays.com\/fr\/wp-json\/wp\/v2\/posts\/366193\/revisions"}],"wp:featuredmedia":[{"embeddable":true,"href":"https:\/\/www.europesays.com\/fr\/wp-json\/wp\/v2\/media\/366194"}],"wp:attachment":[{"href":"https:\/\/www.europesays.com\/fr\/wp-json\/wp\/v2\/media?parent=366193"}],"wp:term":[{"taxonomy":"category","embeddable":true,"href":"https:\/\/www.europesays.com\/fr\/wp-json\/wp\/v2\/categories?post=366193"},{"taxonomy":"post_tag","embeddable":true,"href":"https:\/\/www.europesays.com\/fr\/wp-json\/wp\/v2\/tags?post=366193"}],"curies":[{"name":"wp","href":"https:\/\/api.w.org\/{rel}","templated":true}]}}