{"id":366195,"date":"2025-09-04T17:30:12","date_gmt":"2025-09-04T17:30:12","guid":{"rendered":"https:\/\/www.europesays.com\/fr\/366195\/"},"modified":"2025-09-04T17:30:12","modified_gmt":"2025-09-04T17:30:12","slug":"a-bordeaux-le-depute-thomas-cazenave-sallie-avec-alexandra-siarri-pour-renverser-les-ecologistes","status":"publish","type":"post","link":"https:\/\/www.europesays.com\/fr\/366195\/","title":{"rendered":"\u00e0 Bordeaux, le d\u00e9put\u00e9 Thomas Cazenave s\u2019allie avec Alexandra Siarri pour renverser les \u00e9cologistes"},"content":{"rendered":"<p>Apr\u00e8s sept mois de tractations, le d\u00e9put\u00e9 Thomas Cazenave est parvenu \u00e0 convaincre la conseill\u00e8re municipale et Alexandra Siarri de le soutenir dans sa campagne municipale. Une premi\u00e8re alliance pour enclencher une dynamique de rassemblement au sein de l\u2019opposition, toujours divis\u00e9e.<\/p>\n<p class=\"fig-paragraph\">Il aura fallu 7 mois de tractations en coulisses apr\u00e8s\u00a0<a href=\"http:\/\/www.lefigaro.fr\/bordeaux\/bienveillant-gentil-et-droit-les-bordelais-ont-rendu-un-dernier-hommage-a-nicolas-florian-leur-ancien-maire-20250131\" data-fig-type=\"NewsFlash\" data-gtm-custom-categorie=\"navigation\" data-gtm-custom-action=\"crossclick\" data-gtm-custom-label=\"Contextuel\" data-gtm-event=\"customEventSPE\" data-fig-domain=\"LEFIGARO\" target=\"_blank\" rel=\"noopener\">le d\u00e9c\u00e8s brutal<\/a>\u00a0de\u00a0<a href=\"http:\/\/www.lefigaro.fr\/bordeaux\/nous-avons-eu-une-vie-incroyable-les-confidences-au-figaro-de-la-veuve-et-du-fils-de-nicolas-florian-l-ancien-maire-de-bordeaux-20250129\" data-fig-type=\"NewsFlash\" data-gtm-custom-categorie=\"navigation\" data-gtm-custom-action=\"crossclick\" data-gtm-custom-label=\"Contextuel\" data-gtm-event=\"customEventSPE\" data-fig-domain=\"LEFIGARO\" target=\"_blank\" rel=\"noopener\">Nicolas Florian<\/a>\u00a0et de nombreuses confrontations \u00e0 \u00abla r\u00e9alit\u00e9 du terrain\u00bb pour que\u00a0<a href=\"http:\/\/www.lefigaro.fr\/bordeaux\/municipales-2026-a-bordeaux-l-alliance-de-l-opposition-scellee-avant-la-mort-de-nicolas-florian-a-vole-en-eclat-20250630\" data-fig-type=\"NewsFlash\" data-gtm-custom-categorie=\"navigation\" data-gtm-custom-action=\"crossclick\" data-gtm-custom-label=\"Contextuel\" data-gtm-event=\"customEventSPE\" data-fig-domain=\"LEFIGARO\" target=\"_blank\" rel=\"noopener\">l\u2019opposition bordelaise<\/a>\u00a0commence \u00e0 se mettre en ordre de bataille. Alexandra Siarri, proche d\u2019Alain Jupp\u00e9 et bras droit de l\u2019ombre de Nicolas Florian, renonce \u00e0 sa candidature ce mardi\u00a0pour\u00a0<a href=\"http:\/\/www.lefigaro.fr\/bordeaux\/ce-sera-hurmic-ou-nous-les-principaux-adversaires-politiques-du-maire-de-bordeaux-s-allient-en-vue-des-elections-municipales-2026-20250120\" data-fig-type=\"NewsFlash\" data-gtm-custom-categorie=\"navigation\" data-gtm-custom-action=\"crossclick\" data-gtm-custom-label=\"Contextuel\" data-gtm-event=\"customEventSPE\" data-fig-domain=\"LEFIGARO\" target=\"_blank\" rel=\"noopener\">s\u2019allier \u00e0 Thomas Cazenave.<\/a>\u00a0Les \u00e9quipes du d\u00e9put\u00e9 et de la conseill\u00e8re municipale ont fusionn\u00e9 pour \u00abesp\u00e9rer une victoire\u00bb face \u00e0 l\u2019\u00e9cologiste et maire sortant Pierre Hurmic. Une d\u00e9cision \u00abm\u00fbrement r\u00e9fl\u00e9chie\u00bb selon la quinquag\u00e9naire qui se veut \u00ablucide\u00bb et mue par une volont\u00e9 de \u00abprivil\u00e9gier l\u2019int\u00e9r\u00eat g\u00e9n\u00e9ral\u00bb. \u00abQuand Nicolas (Florian, NDLR) est mort, j\u2019ai eu besoin d\u2019aller sur le terrain. Le message des Bordelais est clair\u00a0: \u201cUnissez-vous.\u201d\u00bb, explique Alexandra Siarri.<\/p>\n<p class=\"fig-paragraph\">L\u2019\u00e9lue a choisi de se ranger derri\u00e8re Thomas Cazenave plut\u00f4t que Nathalie Delattre en raison de leur \u00abfacilit\u00e9 \u00e0 discuter sur les plans politiques et personnels\u00bb. \u00abIl est clair que Thomas Cazenave est candidat. Je pars derri\u00e8re lui, en coh\u00e9rence avec mes valeurs et le changement que je veux voir pour Bordeaux\u00bb, assume ainsi Alexandra Siarri. Celle qui estime que \u00able pouvoir d\u2019agir passe aussi par la capacit\u00e9 d\u2019influence\u00bb retrouve ainsi le r\u00f4le qu\u2019elle tenait aupr\u00e8s d\u2019Alain Jupp\u00e9, puis de Nicolas Florian. La r\u00e9daction du programme commun des deux conseillers municipaux est en cours.<\/p>\n<p>                                    <a class=\"fig-a11y-skip a11y-hidden\" href=\"#fig-a11y-skip-main-inarticle\"><br \/>\n        Passer la publicit\u00e9<br \/>\n    <\/a><\/p>\n<p>Le \u00abd\u00e9but\u00bb du rassemblement\u00a0?<\/p>\n<p class=\"fig-paragraph\">Pour le d\u00e9put\u00e9 Thomas Cazenave, cette alliance avec Alexandra Siarri n\u2019est qu\u2019\u00abun d\u00e9but\u00bb avant les d\u00e9clarations officielles de candidatures, en janvier prochain. \u00abCe n\u2019est pas une d\u00e9cision improvis\u00e9e. C\u2019\u00e9tait le souhait et la promesse que nous avions pr\u00e9par\u00e9 avec Nicolas Florian. Cela permet de rentrer dans la campagne, de d\u00e9marrer sur des bonnes bases et d\u2019accro\u00eetre notre maillage des quartiers\u00bb, indique ainsi l\u2019ex-ministre des Comptes publics. Le quadrag\u00e9naire, qui n\u2019entend pas s\u2019arr\u00eater l\u00e0, esp\u00e8re d\u00e9sormais rassembler derri\u00e8re lui le clan de la ministre Nathalie Delattre et le conseiller municipal Pierre-De-Ga\u00e9tan Njikam. \u00abCette alliance avec Alexandra Siarri ne doit pas s\u2019arr\u00eater l\u00e0, elle amorce la dynamique de rassemblement. Le dialogue est ouvert et maintenu avec les autres forces de la droite en pr\u00e9sence\u00bb, insiste-t-il.<\/p>\n<p class=\"fig-paragraph\">Mais la bataille n\u2019est pas gagn\u00e9e. \u00c0 59 ans, apr\u00e8s plusieurs campagnes municipales dans l\u2019ombre pour soutenir Alain Jupp\u00e9 puis Nicolas Florian, Pierre-De-Ga\u00e9tan Njikam a le profond d\u00e9sir de se confronter aux urnes en son nom propre. Le conseiller municipal, qui a quitt\u00e9 le groupe Bordeaux Ensemble en f\u00e9vrier, esp\u00e8re obtenir l\u2019investiture de son parti de toujours\u00a0: Les R\u00e9publicains. \u00abD\u00e9termin\u00e9\u00bb \u00e0 aller jusqu\u2019au bout, il ne s\u2019interdit rien pour autant. \u00abSi leur nouveau programme s\u2019aligne avec mon travail et que cette volont\u00e9 d\u2019union globale s\u2019accorde avec la vision de ma famille politique, je reste ouvert \u00e0 la discussion\u00bb, mod\u00e8re ainsi l\u2019homme politique.<\/p>\n<p class=\"fig-paragraph\">En parall\u00e8le, la s\u00e9natrice Nathalie Delattre r\u00e9unit d\u00e9j\u00e0 dans ses rangs des \u00e9lus locaux du Modem, de LR, de l\u2019UDI, du Nouveau centre et de l\u2019alliance centriste. Elle enjoint donc Thomas Cazenave \u00e0 la rejoindre au plus vite pour \u00e9laborer un programme commun. \u00abL\u2019union que je repr\u00e9sente propose que nous commencions \u00e0 travailler ensemble maintenant, quitte \u00e0 d\u00e9finir plus tard qui sera de nous la t\u00eate de liste. Nous avons un socle commun et nous devons aller de l\u2019avant\u00bb, estime ainsi la ministre. Une proposition pour l\u2019heure toujours en suspens. \u00abPierre Hurmic va faire une campagne \u00e9clair, mais nous ne pouvons pas nous le permettre\u00bb, pointe Nathalie Delattre au soir d\u2019une rentr\u00e9e politique qui d\u00e9marre sur les chapeaux de roues.<\/p>\n","protected":false},"excerpt":{"rendered":"Apr\u00e8s sept mois de tractations, le d\u00e9put\u00e9 Thomas Cazenave est parvenu \u00e0 convaincre la conseill\u00e8re municipale et Alexandra&hellip;\n","protected":false},"author":2,"featured_media":366196,"comment_status":"","ping_status":"","sticky":false,"template":"","format":"standard","meta":{"footnotes":""},"categories":[2817],"tags":[1111,11,1997,1777,674,1011,27,7372,3554,12,2219,316,25],"class_list":{"0":"post-366195","1":"post","2":"type-post","3":"status-publish","4":"format-standard","5":"has-post-thumbnail","7":"category-bordeaux","8":"tag-actu","9":"tag-actualites","10":"tag-bordeaux","11":"tag-eu","12":"tag-europe","13":"tag-fr","14":"tag-france","15":"tag-mairie-de-bordeaux","16":"tag-municipales","17":"tag-news","18":"tag-nouvelle-aquitaine","19":"tag-politique","20":"tag-republique-francaise"},"share_on_mastodon":{"url":"https:\/\/pubeurope.com\/@fr\/115147218868353828","error":""},"_links":{"self":[{"href":"https:\/\/www.europesays.com\/fr\/wp-json\/wp\/v2\/posts\/366195","targetHints":{"allow":["GET"]}}],"collection":[{"href":"https:\/\/www.europesays.com\/fr\/wp-json\/wp\/v2\/posts"}],"about":[{"href":"https:\/\/www.europesays.com\/fr\/wp-json\/wp\/v2\/types\/post"}],"author":[{"embeddable":true,"href":"https:\/\/www.europesays.com\/fr\/wp-json\/wp\/v2\/users\/2"}],"replies":[{"embeddable":true,"href":"https:\/\/www.europesays.com\/fr\/wp-json\/wp\/v2\/comments?post=366195"}],"version-history":[{"count":0,"href":"https:\/\/www.europesays.com\/fr\/wp-json\/wp\/v2\/posts\/366195\/revisions"}],"wp:featuredmedia":[{"embeddable":true,"href":"https:\/\/www.europesays.com\/fr\/wp-json\/wp\/v2\/media\/366196"}],"wp:attachment":[{"href":"https:\/\/www.europesays.com\/fr\/wp-json\/wp\/v2\/media?parent=366195"}],"wp:term":[{"taxonomy":"category","embeddable":true,"href":"https:\/\/www.europesays.com\/fr\/wp-json\/wp\/v2\/categories?post=366195"},{"taxonomy":"post_tag","embeddable":true,"href":"https:\/\/www.europesays.com\/fr\/wp-json\/wp\/v2\/tags?post=366195"}],"curies":[{"name":"wp","href":"https:\/\/api.w.org\/{rel}","templated":true}]}}