{"id":366197,"date":"2025-09-04T17:31:10","date_gmt":"2025-09-04T17:31:10","guid":{"rendered":"https:\/\/www.europesays.com\/fr\/366197\/"},"modified":"2025-09-04T17:31:10","modified_gmt":"2025-09-04T17:31:10","slug":"alcoolise-un-homme-arme-dune-barre-de-fer-agresse-un-livreur-dans-la-rue","status":"publish","type":"post","link":"https:\/\/www.europesays.com\/fr\/366197\/","title":{"rendered":"Alcoolis\u00e9, un homme arm\u00e9 d\u2019une barre de fer agresse un livreur dans la rue"},"content":{"rendered":"<p>\n                                                                    l&rsquo;essentiel<br \/>\n                                                                Un livreur de repas a \u00e9t\u00e9 agress\u00e9 \u00e0 coups de barre de fer, dans la nuit de mercredi \u00e0 jeudi, avenue des Minimes, \u00e0 Toulouse.\u00a0L\u2019auteur pr\u00e9sum\u00e9, alcoolis\u00e9, a \u00e9t\u00e9 interpell\u00e9 par la BAC quelques rues plus loin.\n                            <\/p>\n<p data-end=\"561\" data-start=\"223\">Les cris ont bris\u00e9 le silence de l\u2019avenue des Minimes, dans la nuit de mercredi \u00e0 jeudi. Depuis sa fen\u00eatre, un habitant aper\u00e7oit un homme torse nu, en claquettes, un pull nou\u00e9 autour du cou, en train de s\u2019acharner \u00e0 coups de barre de fer sur un livreur de repas \u00e0 v\u00e9lo. La sc\u00e8ne, brutale, se d\u00e9roule en pleine rue, sous les lampadaires.<\/p>\n<p class=\"std-elt__inline\">\n        <strong>\u00c0 lire aussi :<\/strong><br \/>\n        <a href=\"https:\/\/www.ladepeche.fr\/2025\/08\/22\/info-la-depeche-agression-a-la-machette-en-pleine-rue-a-toulouse-un-homme-evacue-aux-urgences-entre-la-vie-et-la-mort-12888772.php\" rel=\"nofollow noopener\" target=\"_blank\">INFO LA D\u00c9P\u00caCHE. Agression \u00e0 la machette en pleine rue \u00e0 Toulouse\u00a0: un homme \u00e9vacu\u00e9 aux urgences entre la vie et la mort<\/a>\n    <\/p>\n<p>Deux victimes<\/p>\n<p data-end=\"991\" data-start=\"563\">L\u2019agresseur, manifestement alcoolis\u00e9, finit par prendre la fuite avant l\u2019arriv\u00e9e des premiers \u00e9quipages de police. Mais sa course ne dure pas longtemps\u00a0: la brigade anticriminalit\u00e9 (BAC) le retrouve quelques rues plus loin, \u00e0 c\u00f4t\u00e9 de son sac \u00e0 dos. L\u2019arme de fortune, une barre m\u00e9tallique, repose encore sur le sol. L\u2019homme, d\u00e9j\u00e0 connu des services, est interpell\u00e9 sans incident vers 3\u00a0heures du matin et plac\u00e9 en garde \u00e0 vue.<\/p>\n<p class=\"std-elt__inline\">\n        <strong>\u00c0 lire aussi :<\/strong><br \/>\n        <a href=\"https:\/\/www.ladepeche.fr\/2025\/06\/13\/pres-de-toulouse-un-militaire-se-fait-agresser-sur-sa-trottinette-en-rentrant-du-travail-est-ce-une-vengeance-12760087.php\" rel=\"nofollow noopener\" target=\"_blank\">Pr\u00e8s de Toulouse, un militaire se fait agresser sur sa trottinette en rentrant du travail\u00a0: est-ce une vengeance\u00a0?<\/a>\n    <\/p>\n<p data-end=\"1253\" data-start=\"993\">Deux personnes ont \u00e9t\u00e9 bless\u00e9es au cours de l\u2019altercation. L\u2019une d\u2019elles, touch\u00e9e \u00e0 l\u2019avant-bras, a fait savoir son intention de d\u00e9poser plainte. Une enqu\u00eate est en cours pour d\u00e9terminer les circonstances exactes de l\u2019agression et les motivations du suspect.<\/p>\n","protected":false},"excerpt":{"rendered":"l&rsquo;essentiel Un livreur de repas a \u00e9t\u00e9 agress\u00e9 \u00e0 coups de barre de fer, dans la nuit de&hellip;\n","protected":false},"author":2,"featured_media":366198,"comment_status":"","ping_status":"","sticky":false,"template":"","format":"standard","meta":{"footnotes":""},"categories":[2816],"tags":[1111,11,1777,674,1011,27,12,2680,25,2312],"class_list":{"0":"post-366197","1":"post","2":"type-post","3":"status-publish","4":"format-standard","5":"has-post-thumbnail","7":"category-toulouse","8":"tag-actu","9":"tag-actualites","10":"tag-eu","11":"tag-europe","12":"tag-fr","13":"tag-france","14":"tag-news","15":"tag-occitanie","16":"tag-republique-francaise","17":"tag-toulouse"},"share_on_mastodon":{"url":"https:\/\/pubeurope.com\/@fr\/115147222805361765","error":""},"_links":{"self":[{"href":"https:\/\/www.europesays.com\/fr\/wp-json\/wp\/v2\/posts\/366197","targetHints":{"allow":["GET"]}}],"collection":[{"href":"https:\/\/www.europesays.com\/fr\/wp-json\/wp\/v2\/posts"}],"about":[{"href":"https:\/\/www.europesays.com\/fr\/wp-json\/wp\/v2\/types\/post"}],"author":[{"embeddable":true,"href":"https:\/\/www.europesays.com\/fr\/wp-json\/wp\/v2\/users\/2"}],"replies":[{"embeddable":true,"href":"https:\/\/www.europesays.com\/fr\/wp-json\/wp\/v2\/comments?post=366197"}],"version-history":[{"count":0,"href":"https:\/\/www.europesays.com\/fr\/wp-json\/wp\/v2\/posts\/366197\/revisions"}],"wp:featuredmedia":[{"embeddable":true,"href":"https:\/\/www.europesays.com\/fr\/wp-json\/wp\/v2\/media\/366198"}],"wp:attachment":[{"href":"https:\/\/www.europesays.com\/fr\/wp-json\/wp\/v2\/media?parent=366197"}],"wp:term":[{"taxonomy":"category","embeddable":true,"href":"https:\/\/www.europesays.com\/fr\/wp-json\/wp\/v2\/categories?post=366197"},{"taxonomy":"post_tag","embeddable":true,"href":"https:\/\/www.europesays.com\/fr\/wp-json\/wp\/v2\/tags?post=366197"}],"curies":[{"name":"wp","href":"https:\/\/api.w.org\/{rel}","templated":true}]}}