{"id":366199,"date":"2025-09-04T17:32:17","date_gmt":"2025-09-04T17:32:17","guid":{"rendered":"https:\/\/www.europesays.com\/fr\/366199\/"},"modified":"2025-09-04T17:32:17","modified_gmt":"2025-09-04T17:32:17","slug":"une-enorme-braderie-avec-1-000-commercants-debarque-a-toulouse-pendant-3-jours","status":"publish","type":"post","link":"https:\/\/www.europesays.com\/fr\/366199\/","title":{"rendered":"Une \u00e9norme braderie avec 1 000 commer\u00e7ants d\u00e9barque \u00e0 Toulouse pendant 3 jours"},"content":{"rendered":"<p>Impossible de passer \u00e0 c\u00f4t\u00e9 de l\u2019\u00e9v\u00e9nement\u00a0: <b>durant trois jours, les rues toulousaines deviennent enti\u00e8rement pi\u00e9tonnes pour accueillir plus de 1000 commer\u00e7ants.<\/b> Mode, d\u00e9co, accessoires, gastronomie\u2026 tout s\u2019expose dans une ambiance de kermesse urbaine. <b>De 11h \u00e0 19h30, les stands s\u2019alignent et les bonnes affaires fusent<\/b>, histoire de refaire sa garde-robe ou sa maison sans exploser son budget.<\/p>\n<p>&#13;<br \/>\n<b>Trois jours de shopping XXL au c\u0153ur de la ville<\/b>&#13;<\/p>\n<p>Mais au-del\u00e0 des r\u00e9ductions, c\u2019est l\u2019ambiance qui fait le sel de la Braderie. Fanfare au coin d\u2019une rue, ateliers cr\u00e9atifs plus loin, sourires partout\u2026<b> le centre-ville prendra des allures de f\u00eate populaire o\u00f9 l\u2019on fl\u00e2ne au son des cuivres. <\/b>Entre deux achats, on se laisse happer par un rythme entra\u00eenant ou par une performance de rue\u00a0: la preuve que shopping et bonne humeur font bon m\u00e9nage.<\/p>\n<p>&#13;<\/p>\n<p>&#13;<br \/>\n<b>Une journ\u00e9e pens\u00e9e pour les familles<\/b>&#13;<\/p>\n<p>Grande nouveaut\u00e9 cette ann\u00e9e\u00a0: le samedi 6 septembre sera plac\u00e9 sous le signe des enfants.<b> Place Saint-Georges, maquillage color\u00e9, tatouages \u00e9ph\u00e9m\u00e8res, sculptures de ballons et ateliers de dessins vintage viendront occuper petits et grands<\/b>. De quoi transformer la Braderie en v\u00e9ritable sortie familiale, o\u00f9 chacun trouve son bonheur. Seul b\u00e9mol \u00e0 pr\u00e9voir\u00a0: automobilistes et motards devront s\u2019armer de patience, le centre \u00e9tant totalement boucl\u00e9 pour l\u2019occasion.<\/p>\n<p>&#13;<\/p>\n<p><b><br \/>La Grande Braderie de Toulouse<\/b><b><br \/><\/b><b>Du 4 au 6 septembre 2025, de 11h \u00e0 19h30<\/b><b><br \/><\/b><strong><a href=\"https:\/\/metropole.toulouse.fr\/agenda\/la-grande-braderie-de-toulouse\" rel=\"nofollow noopener noreferrer\" target=\"_blank\">Plus d\u2019infos<\/a><\/strong><\/p>\n","protected":false},"excerpt":{"rendered":"Impossible de passer \u00e0 c\u00f4t\u00e9 de l\u2019\u00e9v\u00e9nement\u00a0: durant trois jours, les rues toulousaines deviennent enti\u00e8rement pi\u00e9tonnes pour accueillir&hellip;\n","protected":false},"author":2,"featured_media":366200,"comment_status":"","ping_status":"","sticky":false,"template":"","format":"standard","meta":{"footnotes":""},"categories":[2816],"tags":[1111,11,1777,674,1011,27,12,2680,25,2312],"class_list":{"0":"post-366199","1":"post","2":"type-post","3":"status-publish","4":"format-standard","5":"has-post-thumbnail","7":"category-toulouse","8":"tag-actu","9":"tag-actualites","10":"tag-eu","11":"tag-europe","12":"tag-fr","13":"tag-france","14":"tag-news","15":"tag-occitanie","16":"tag-republique-francaise","17":"tag-toulouse"},"share_on_mastodon":{"url":"https:\/\/pubeurope.com\/@fr\/115147226784951124","error":""},"_links":{"self":[{"href":"https:\/\/www.europesays.com\/fr\/wp-json\/wp\/v2\/posts\/366199","targetHints":{"allow":["GET"]}}],"collection":[{"href":"https:\/\/www.europesays.com\/fr\/wp-json\/wp\/v2\/posts"}],"about":[{"href":"https:\/\/www.europesays.com\/fr\/wp-json\/wp\/v2\/types\/post"}],"author":[{"embeddable":true,"href":"https:\/\/www.europesays.com\/fr\/wp-json\/wp\/v2\/users\/2"}],"replies":[{"embeddable":true,"href":"https:\/\/www.europesays.com\/fr\/wp-json\/wp\/v2\/comments?post=366199"}],"version-history":[{"count":0,"href":"https:\/\/www.europesays.com\/fr\/wp-json\/wp\/v2\/posts\/366199\/revisions"}],"wp:featuredmedia":[{"embeddable":true,"href":"https:\/\/www.europesays.com\/fr\/wp-json\/wp\/v2\/media\/366200"}],"wp:attachment":[{"href":"https:\/\/www.europesays.com\/fr\/wp-json\/wp\/v2\/media?parent=366199"}],"wp:term":[{"taxonomy":"category","embeddable":true,"href":"https:\/\/www.europesays.com\/fr\/wp-json\/wp\/v2\/categories?post=366199"},{"taxonomy":"post_tag","embeddable":true,"href":"https:\/\/www.europesays.com\/fr\/wp-json\/wp\/v2\/tags?post=366199"}],"curies":[{"name":"wp","href":"https:\/\/api.w.org\/{rel}","templated":true}]}}