{"id":366203,"date":"2025-09-04T17:34:12","date_gmt":"2025-09-04T17:34:12","guid":{"rendered":"https:\/\/www.europesays.com\/fr\/366203\/"},"modified":"2025-09-04T17:34:12","modified_gmt":"2025-09-04T17:34:12","slug":"le-journal-de-18h-du-jeudi-4-septembre-2025","status":"publish","type":"post","link":"https:\/\/www.europesays.com\/fr\/366203\/","title":{"rendered":"Le journal de 18h du jeudi 4 septembre 2025"},"content":{"rendered":"<p><img loading=\"lazy\" decoding=\"async\" src=\"https:\/\/www.europesays.com\/fr\/wp-content\/uploads\/2025\/09\/Le-journal-de-18h-du-jeudi-4-septembre-2025-2132443.webp.webp\" width=\"1200\" height=\"675\" alt=\"placeholder video\"\/><\/p>\n<p>Bonsoir Lille accompagne les t\u00e9l\u00e9spectateurs de BFM Lille dans leur soir\u00e9e avec un focus sur l&rsquo;actualit\u00e9 locale : infos, m\u00e9t\u00e9o, sport, trafic. Au sommaire : S\u00e9cheresse, une usine d&rsquo;eau potable rouvre. Proc\u00e8s de la panth\u00e8re, condamnation en sursis. Crise migratoire, nouvelle r\u00e9union des maires. Braderie, les logements sont pris d&rsquo;assaut.<\/p>\n<p>Aujourd&rsquo;hui \u00e0 19h11 | Dur\u00e9e : 18:31<\/p>\n","protected":false},"excerpt":{"rendered":"Bonsoir Lille accompagne les t\u00e9l\u00e9spectateurs de BFM Lille dans leur soir\u00e9e avec un focus sur l&rsquo;actualit\u00e9 locale :&hellip;\n","protected":false},"author":2,"featured_media":366204,"comment_status":"","ping_status":"","sticky":false,"template":"","format":"standard","meta":{"footnotes":""},"categories":[2815],"tags":[1111,11,1777,674,1011,27,811,1307,12,25],"class_list":{"0":"post-366203","1":"post","2":"type-post","3":"status-publish","4":"format-standard","5":"has-post-thumbnail","7":"category-lille","8":"tag-actu","9":"tag-actualites","10":"tag-eu","11":"tag-europe","12":"tag-fr","13":"tag-france","14":"tag-hauts-de-france","15":"tag-lille","16":"tag-news","17":"tag-republique-francaise"},"share_on_mastodon":{"url":"https:\/\/pubeurope.com\/@fr\/115147234755758685","error":""},"_links":{"self":[{"href":"https:\/\/www.europesays.com\/fr\/wp-json\/wp\/v2\/posts\/366203","targetHints":{"allow":["GET"]}}],"collection":[{"href":"https:\/\/www.europesays.com\/fr\/wp-json\/wp\/v2\/posts"}],"about":[{"href":"https:\/\/www.europesays.com\/fr\/wp-json\/wp\/v2\/types\/post"}],"author":[{"embeddable":true,"href":"https:\/\/www.europesays.com\/fr\/wp-json\/wp\/v2\/users\/2"}],"replies":[{"embeddable":true,"href":"https:\/\/www.europesays.com\/fr\/wp-json\/wp\/v2\/comments?post=366203"}],"version-history":[{"count":0,"href":"https:\/\/www.europesays.com\/fr\/wp-json\/wp\/v2\/posts\/366203\/revisions"}],"wp:featuredmedia":[{"embeddable":true,"href":"https:\/\/www.europesays.com\/fr\/wp-json\/wp\/v2\/media\/366204"}],"wp:attachment":[{"href":"https:\/\/www.europesays.com\/fr\/wp-json\/wp\/v2\/media?parent=366203"}],"wp:term":[{"taxonomy":"category","embeddable":true,"href":"https:\/\/www.europesays.com\/fr\/wp-json\/wp\/v2\/categories?post=366203"},{"taxonomy":"post_tag","embeddable":true,"href":"https:\/\/www.europesays.com\/fr\/wp-json\/wp\/v2\/tags?post=366203"}],"curies":[{"name":"wp","href":"https:\/\/api.w.org\/{rel}","templated":true}]}}