{"id":366205,"date":"2025-09-04T17:35:11","date_gmt":"2025-09-04T17:35:11","guid":{"rendered":"https:\/\/www.europesays.com\/fr\/366205\/"},"modified":"2025-09-04T17:35:11","modified_gmt":"2025-09-04T17:35:11","slug":"le-festival-des-sciences-et-des-arts-damu-anime-marseille-aubagne-et-aix-du-16-au-20-septembre","status":"publish","type":"post","link":"https:\/\/www.europesays.com\/fr\/366205\/","title":{"rendered":"Le festival des sciences et des arts d&rsquo;AMU anime Marseille, Aubagne et Aix du 16 au 20 septembre"},"content":{"rendered":"<p>300 intervenants, 30 disciplines, une vingtaine de formats\u2026 <a href=\"https:\/\/www.laprovence.com\/article\/culture-loisirs\/4120340396879114\/le-festival-des-sciences-et-des-arts-daix-marseille-universite-de-retour-du-19-au-21-septembre\" target=\"_blank\" rel=\"noopener\">Le festival des sciences et des arts d\u2019Aix-Marseille universit\u00e9 (AMU)<\/a> ne cesse de grandir, et \u00e7a se voit\u00a0! Pas moins de cinq jours de festival sont pr\u00e9vus pour secouer ses neurones, stimuler son esprit critique et imaginer le monde de demain entre Marseille, Aix-en-Provence et Aubagne.<\/p>\n<p>Coup d\u2019envoi \u00e0 Aix<\/p>\n<p>Cette 6e \u00e9dition sur le th\u00e8me \u00ab\u00a0Sciences et croyances\u00a0\u00bb d\u00e9marre le 16 septembre \u00e0 Aix-en-Provence \u00e0 la Maison m\u00e9diterran\u00e9enne des sciences de l\u2019homme. D\u00e8s 14h, la performance \u00ab\u00a0Faire parler les f\u00e9es\u00a0\u00bb du violoniste folk Jean-Fran\u00e7ois Vrod et de l\u2019anthropologue Cyril Isnart revient sur le sens des croyances autour des lutins et autres loups-garous, utiles pour <a href=\"https:\/\/www.laprovence.com\/article\/region\/1433007459058915\/apres-10-ans-d-absence-la-fete-de-la-science-fait-son-grand-retour-a-salon-de-provence\" target=\"_blank\" rel=\"noopener\">faire passer des messages aux enfants<\/a>. Entre 16h30 et 17h30, huit formats sont notamment propos\u00e9s sous la forme d\u2019ateliers, d\u2019expositions ou de jeux. <a href=\"https:\/\/www.laprovence.com\/article\/region\/9546594551096214\/a-avignon-leau-sera-la-grande-thematique-de-la-fete-de-la-science-des-le-4-octobre\" target=\"_blank\" rel=\"noopener\">Au menu<\/a>, la fabrique des id\u00e9es re\u00e7ues, la repr\u00e9sentation de la Terre sainte \u00e0 l\u2019aune de l\u2019invention de la photographie, les st\u00e9r\u00e9otypes de genre au travers d\u2019un proc\u00e8s, les discours sur l\u2019islamisme et le r\u00f4le des sciences dans la pens\u00e9e raciste. Chaque ann\u00e9e, le festival fait escale \u00e0 la salle de concert aixoise le 6MIC, avec &#8230;<\/p>\n","protected":false},"excerpt":{"rendered":"300 intervenants, 30 disciplines, une vingtaine de formats\u2026 Le festival des sciences et des arts d\u2019Aix-Marseille universit\u00e9 (AMU)&hellip;\n","protected":false},"author":2,"featured_media":366206,"comment_status":"","ping_status":"","sticky":false,"template":"","format":"standard","meta":{"footnotes":""},"categories":[2814],"tags":[17,1111,11,2566,1348,50073,154,1777,674,849,1011,27,884,12,882,16,25,41],"class_list":{"0":"post-366205","1":"post","2":"type-post","3":"status-publish","4":"format-standard","5":"has-post-thumbnail","7":"category-marseille","8":"tag-17","9":"tag-actu","10":"tag-actualites","11":"tag-anime","12":"tag-arts","13":"tag-damu","14":"tag-des","15":"tag-eu","16":"tag-europe","17":"tag-festival","18":"tag-fr","19":"tag-france","20":"tag-marseille","21":"tag-news","22":"tag-provence-alpes-cote-dazur","23":"tag-region","24":"tag-republique-francaise","25":"tag-sciences"},"share_on_mastodon":{"url":"https:\/\/pubeurope.com\/@fr\/115147238593917045","error":""},"_links":{"self":[{"href":"https:\/\/www.europesays.com\/fr\/wp-json\/wp\/v2\/posts\/366205","targetHints":{"allow":["GET"]}}],"collection":[{"href":"https:\/\/www.europesays.com\/fr\/wp-json\/wp\/v2\/posts"}],"about":[{"href":"https:\/\/www.europesays.com\/fr\/wp-json\/wp\/v2\/types\/post"}],"author":[{"embeddable":true,"href":"https:\/\/www.europesays.com\/fr\/wp-json\/wp\/v2\/users\/2"}],"replies":[{"embeddable":true,"href":"https:\/\/www.europesays.com\/fr\/wp-json\/wp\/v2\/comments?post=366205"}],"version-history":[{"count":0,"href":"https:\/\/www.europesays.com\/fr\/wp-json\/wp\/v2\/posts\/366205\/revisions"}],"wp:featuredmedia":[{"embeddable":true,"href":"https:\/\/www.europesays.com\/fr\/wp-json\/wp\/v2\/media\/366206"}],"wp:attachment":[{"href":"https:\/\/www.europesays.com\/fr\/wp-json\/wp\/v2\/media?parent=366205"}],"wp:term":[{"taxonomy":"category","embeddable":true,"href":"https:\/\/www.europesays.com\/fr\/wp-json\/wp\/v2\/categories?post=366205"},{"taxonomy":"post_tag","embeddable":true,"href":"https:\/\/www.europesays.com\/fr\/wp-json\/wp\/v2\/tags?post=366205"}],"curies":[{"name":"wp","href":"https:\/\/api.w.org\/{rel}","templated":true}]}}