{"id":366207,"date":"2025-09-04T17:36:14","date_gmt":"2025-09-04T17:36:14","guid":{"rendered":"https:\/\/www.europesays.com\/fr\/366207\/"},"modified":"2025-09-04T17:36:14","modified_gmt":"2025-09-04T17:36:14","slug":"a-marseille-le-tournage-annule-de-la-serie-israelienne-fauda-vire-a-la-polemique","status":"publish","type":"post","link":"https:\/\/www.europesays.com\/fr\/366207\/","title":{"rendered":"\u00c0 Marseille, le tournage annul\u00e9 de la s\u00e9rie isra\u00e9lienne \u00ab\u00a0Fauda\u00a0\u00bb vire \u00e0 la pol\u00e9mique"},"content":{"rendered":"<p>        <img decoding=\"async\" loading=\"lazy\" src=\"https:\/\/www.europesays.com\/fr\/wp-content\/uploads\/2025\/09\/6066f7f_upload-1-sb7fdp1wmt6d-capture-da-a-cran-2025-09-04-192735.png\"  width=\"728\" height=\"410\" alt=\"Pour le tournage de sa saison 5, la s\u00e9rie devait intialement poser ses valises \u00e0 Marseille pour capturer certaines images de la nouvelle saison.\"\/>  <\/p>\n<p>YES Studios<\/p>\n<p class=\"asset asset-text\">S\u00c9RIE TV &#8211; La pol\u00e9mique prend de l\u2019ampleur \u00e0 Marseille. Le tournage de <a href=\"https:\/\/www.huffingtonpost.fr\/culture\/article\/guerre-israel-hamas-lior-raz-star-de-la-serie-fauda-a-participe-a-une-mission-de-sauvetage-sur-le-terrain_224333.html\" target=\"_blank\" rel=\"noopener\">la s\u00e9rie isra\u00e9lienne Fauda<\/a>, un temps pr\u00e9vu dans la cit\u00e9 phoc\u00e9enne et finalement programm\u00e9 \u00e0 Budapest, vire au r\u00e8glement de comptes politique ce jeudi 4\u00a0septembre.<\/p>\n<p class=\"asset asset-text\">Lundi, plusieurs m\u00e9dias isra\u00e9liens avaient annonc\u00e9 qu\u2019une portion de la saison 5\u00a0de cette s\u00e9rie cens\u00e9e \u00eatre tourn\u00e9e \u00e0 Marseille \u00e9tait finalement annul\u00e9e \u00ab\u00a0pour des raisons de s\u00e9curit\u00e9\u00a0\u00bb. De quoi rapidement faire r\u00e9agir des responsables politiques marseillais, au premier rang desquels la pr\u00e9sidente divers droite du d\u00e9partement des Bouches-du-Rh\u00f4ne Martine Vassal, qui a \u00e9crit sur X lundi\u00a0: \u00ab\u00a0Comment Marseille peut-elle laisser l\u2019antis\u00e9mitisme s\u2019installer au point de dissuader les artistes\u00a0?\u00a0\u00bb.<\/p>\n<p class=\"asset asset-text\">Il aura fallu attendre ce jeudi pour que la soci\u00e9t\u00e9 isra\u00e9lienne qui produit Fauda, YES Studios, assure \u00e0 l\u2019AFP que \u00ab\u00a0les questions de s\u00e9curit\u00e9 ne sont pas \u00e0 l\u2019origine du transfert du tournage de la 5e saison de Fauda de Marseille \u00e0 Budapest\u00a0\u00bb. Le projet \u00ab\u00a0n\u2019en \u00e9tait m\u00eame pas encore au stade des autorisations de tournage\u00a0\u00bb, selon la mairie de Marseille, qui explique aussi \u00e0 l\u2019AFP qu\u2019il a \u00e9t\u00e9 abandonn\u00e9 \u00ab\u00a0notamment pour des raisons logistiques\u00a0\u00bb.<\/p>\n<p class=\"asset asset-text\">Une source proche du dossier ajoute que \u00ab\u00a0le contexte g\u00e9opolitique rendait le tournage \u00e9ventuel hyper-compliqu\u00e9 et a fait reculer la production isra\u00e9lienne\u00a0\u00bb, qui craignait \u00ab\u00a0potentiellement des blocages des tournages\u00a0\u00bb. Pourtant, une premi\u00e8re bande-annonce de cette saison 5, diffus\u00e9e sur les r\u00e9seaux sociaux, montrait bel et bien des sc\u00e8nes cens\u00e9es se d\u00e9rouler \u00e0 Marseille, notamment un plan de l\u2019embl\u00e9matique Bonne M\u00e8re.<\/p>\n<p> La lecture de ce contenu est susceptible d\u2019entra\u00eener un d\u00e9p\u00f4t de cookies de la part de l\u2019op\u00e9rateur tiers qui l\u2019h\u00e9berge. Compte-tenu des choix que vous avez exprim\u00e9s en mati\u00e8re de d\u00e9p\u00f4t de cookies, nous avons bloqu\u00e9 l\u2019affichage de ce contenu. Si vous souhaitez y acc\u00e9der, vous devez accepter la cat\u00e9gorie de cookies \u201cContenus tiers\u201d en cliquant sur le bouton ci-dessous. <\/p>\n<p> Lire la Vid\u00e9o        \u00ab\u00a0Antis\u00e9mitisme de Marseille fictionnel\u00a0\u00bb    <\/p>\n<p class=\"asset asset-text\">Dans ce contexte tendu autour de <a href=\"https:\/\/www.huffingtonpost.fr\/culture\/article\/melanie-laurent-rejoint-le-casting-de-fauda-la-serie-d-espionnage-israelienne-pour-la-saison-5_248787.html\" target=\"_blank\" rel=\"noopener\">la s\u00e9rie qui compte l\u2019actrice fran\u00e7aise M\u00e9lanie Laurent<\/a> au casting, l\u2019affaire Fauda a pris une tournure tr\u00e8s politique, gauche et droite s\u2019invectivant sur les r\u00e9seaux sociaux. Ce qui s\u2019explique, en partie, par l\u2019arriv\u00e9e imminente des <a href=\"https:\/\/www.huffingtonpost.fr\/politique\/article\/a-lyon-jean-michel-aulas-quasi-candidat-aux-municipales-est-assure-d-avoir-un-adversaire-en-moins_254422.html\" target=\"_blank\" rel=\"noopener\">\u00e9lections municipales de 2026<\/a>\u00a0et l\u2019ambiance tendue \u00e0 Marseille apr\u00e8s <a href=\"https:\/\/www.huffingtonpost.fr\/international\/article\/apres-la-mort-de-l-assaillant-de-l-attaque-au-couteau-de-marseille-la-tunisie-denonce-un-meurtre-injustifie_254412.html\" target=\"_blank\" rel=\"noopener\">l\u2019agression au couteau survenue en plein centre-ville<\/a> mardi.<\/p>\n<p class=\"asset asset-text\">Pierre-Marie Ganozzi, adjoint aux \u00e9coles de la mairie de gauche, a donc interpell\u00e9 sur X Martine Vassal, pressentie comme candidate de la droite, l\u2019accusant d\u2019avoir partag\u00e9 une fausse information sur l\u2019annulation du tournage\u00a0: \u00ab\u00a0Et hop\u00a0! Une fake news de plus\u00a0! Mensonges et outrances\u00a0!\u00a0\u00bb. Un autre adjoint au maire, Jean-Pierre Cochet, a lui d\u00e9nonc\u00e9 \u00ab\u00a0l\u2019instrumentalisation d\u2019un \u201cantis\u00e9mitisme de Marseille\u201d fictionnel\u00a0\u00bb, avant de se faire recadrer par la droite.<\/p>\n<p class=\"asset asset-text\">La deuxi\u00e8me ville de France, fa\u00e7onn\u00e9e par l\u2019immigration, est souvent lou\u00e9e pour son vivre-ensemble et accueille parmi les plus importantes communaut\u00e9s musulmanes et juives d\u2019Europe. \u00c0 ce titre, une source polici\u00e8re a indiqu\u00e9 \u00e0 l\u2019AFP avoir observ\u00e9 une \u00ab\u00a0augmentation des actes antis\u00e9mites\u00a0\u00bb apr\u00e8s le 7\u00a0octobre, particuli\u00e8rement des d\u00e9gradations (tags et inscriptions) qui en constituent la majorit\u00e9. Le nombre d\u2019agressions physiques \u00e0 caract\u00e8re antis\u00e9mite, en revanche, est rest\u00e9 stable.<\/p>\n<p class=\"asset asset-text\">La pr\u00e9sidente du Crif Marseille-Provence, Fabienne Bendayan, avait d\u00e9plor\u00e9 lundi sur X \u00ab\u00a0un choix r\u00e9v\u00e9lateur du climat qui s\u2019installe\u00a0\u00bb. Ce jeudi, elle explique \u00e0 l\u2019AFP que la d\u00e9cision de la production isra\u00e9lienne \u00ab\u00a0entache l\u2019image de la ville\u00a0\u00bb, mais rappelle que Marseille a \u00ab\u00a0une image sulfureuse\u00a0\u00bb en termes de s\u00e9curit\u00e9. Et si \u00ab\u00a0on doit reconna\u00eetre qu\u2019on a \u00e9t\u00e9 assez pr\u00e9serv\u00e9s\u00a0\u00bb, Marseille n\u2019a \u00ab\u00a0pas \u00e9t\u00e9 \u00e9pargn\u00e9e par la flamb\u00e9e d\u2019antis\u00e9mitisme\u00a0\u00bb, ajoute-t-elle, d\u00e9non\u00e7ant des actes commis \u00ab\u00a0le week-end dernier encore\u00a0\u00bb. Citant notamment des insultes et une agression, ainsi que l\u2019arrachage d\u2019affiches en <a href=\"https:\/\/www.huffingtonpost.fr\/faits-divers\/article\/un-nouvel-arbre-en-memoire-d-ilan-halimi-va-etre-plante-en-seine-saint-denis_254306.html\" target=\"_blank\" rel=\"noopener\">hommage \u00e0 Ilan Halimi<\/a>, un jeune Juif tortur\u00e9 \u00e0 mort en 2006.<\/p>\n","protected":false},"excerpt":{"rendered":"YES Studios S\u00c9RIE TV &#8211; La pol\u00e9mique prend de l\u2019ampleur \u00e0 Marseille. Le tournage de la s\u00e9rie isra\u00e9lienne&hellip;\n","protected":false},"author":2,"featured_media":366208,"comment_status":"","ping_status":"","sticky":false,"template":"","format":"standard","meta":{"footnotes":""},"categories":[2814],"tags":[1111,11,6155,3259,251,1777,674,1011,27,664,884,12,316,882,25,595],"class_list":{"0":"post-366207","1":"post","2":"type-post","3":"status-publish","4":"format-standard","5":"has-post-thumbnail","7":"category-marseille","8":"tag-actu","9":"tag-actualites","10":"tag-antisemitisme","11":"tag-conflit-israelo-palestinien","12":"tag-culture","13":"tag-eu","14":"tag-europe","15":"tag-fr","16":"tag-france","17":"tag-israel","18":"tag-marseille","19":"tag-news","20":"tag-politique","21":"tag-provence-alpes-cote-dazur","22":"tag-republique-francaise","23":"tag-serie-tv"},"share_on_mastodon":{"url":"https:\/\/pubeurope.com\/@fr\/115147242598742582","error":""},"_links":{"self":[{"href":"https:\/\/www.europesays.com\/fr\/wp-json\/wp\/v2\/posts\/366207","targetHints":{"allow":["GET"]}}],"collection":[{"href":"https:\/\/www.europesays.com\/fr\/wp-json\/wp\/v2\/posts"}],"about":[{"href":"https:\/\/www.europesays.com\/fr\/wp-json\/wp\/v2\/types\/post"}],"author":[{"embeddable":true,"href":"https:\/\/www.europesays.com\/fr\/wp-json\/wp\/v2\/users\/2"}],"replies":[{"embeddable":true,"href":"https:\/\/www.europesays.com\/fr\/wp-json\/wp\/v2\/comments?post=366207"}],"version-history":[{"count":0,"href":"https:\/\/www.europesays.com\/fr\/wp-json\/wp\/v2\/posts\/366207\/revisions"}],"wp:featuredmedia":[{"embeddable":true,"href":"https:\/\/www.europesays.com\/fr\/wp-json\/wp\/v2\/media\/366208"}],"wp:attachment":[{"href":"https:\/\/www.europesays.com\/fr\/wp-json\/wp\/v2\/media?parent=366207"}],"wp:term":[{"taxonomy":"category","embeddable":true,"href":"https:\/\/www.europesays.com\/fr\/wp-json\/wp\/v2\/categories?post=366207"},{"taxonomy":"post_tag","embeddable":true,"href":"https:\/\/www.europesays.com\/fr\/wp-json\/wp\/v2\/tags?post=366207"}],"curies":[{"name":"wp","href":"https:\/\/api.w.org\/{rel}","templated":true}]}}