{"id":366211,"date":"2025-09-04T17:38:14","date_gmt":"2025-09-04T17:38:14","guid":{"rendered":"https:\/\/www.europesays.com\/fr\/366211\/"},"modified":"2025-09-04T17:38:14","modified_gmt":"2025-09-04T17:38:14","slug":"pascal-praud-et-vous-jean-michel-aulas-candidat-a-la-mairie-de-lyon-il-a-une-chance-serieuse-estime-gerard-carreyrou","status":"publish","type":"post","link":"https:\/\/www.europesays.com\/fr\/366211\/","title":{"rendered":"Pascal Praud et vous &#8211; Jean-Michel Aulas candidat \u00e0 la mairie de Lyon : \u00abIl a une chance s\u00e9rieuse\u00bb, estime G\u00e9rard Carreyrou"},"content":{"rendered":"<p class=\"intro \">Le pr\u00e9sident embl\u00e9matique de l&rsquo;Olympique lyonnais, Jean-Michel Aulas, \u00e2g\u00e9 de 76 ans, a annonc\u00e9 sa candidature \u00e0 la mairie de Lyon. Le journaliste et grande voix d&rsquo;Europe 1, G\u00e9rard Carreyrou, affirme dans l&rsquo;\u00e9mission \u00ab\u00a0Pascal Praud et vous\u00a0\u00bb qu&rsquo;il a une \u00ab\u00a0chance s\u00e9rieuse\u00a0\u00bb de l&#8217;emporter. R\u00e9\u00e9coutez l&rsquo;extrait. Vous pouvez r\u00e9agir au 01.80.20.39.21.<\/p>\n<p>Apr\u00e8s avoir pr\u00e9sid\u00e9 l&rsquo;Olympique lyonnais pendant 36 ans, <a href=\"https:\/\/www.europe1.fr\/politique\/jean-michel-aulas-ex-president-de-lol-reflechit-a-une-eventuelle-candidature-a-la-mairie-de-lyon-367130\" rel=\"nofollow noopener\" target=\"_blank\">Jean-Michel Aulas<\/a> va se lancer dans la campagne des municipales \u00e0 <a href=\"https:\/\/www.europe1.fr\/dossiers\/lyon\" rel=\"nofollow noopener\" target=\"_blank\">Lyon<\/a>. \u00c0 76 ans, le chef d&rsquo;entreprise a annonc\u00e9 jeudi sa candidature, sans \u00e9tiquette mais soutenue par LR, pour tenter de d\u00e9crocher la mairie de la capitale des Gaules face au maire actuel, l&rsquo;\u00e9cologiste Gr\u00e9gory Doucet.<\/p>\n<p>    La suite apr\u00e8s cette publicit\u00e9<\/p>\n<p>    La suite apr\u00e8s cette publicit\u00e9<\/p>\n<p>\u00ab\u00a0Je comprends qu&rsquo;un homme de sa trempe\u00a0\u00bb se pr\u00e9sente, r\u00e9agit G\u00e9rard Carreyrou, grande voix d&rsquo;Europe 1, dans <a href=\"https:\/\/www.europe1.fr\/emissions\/pascal-praud-et-vous\" rel=\"nofollow noopener\" target=\"_blank\">Pascal Praud et vous<\/a>. \u00ab\u00a0Il me semble qu&rsquo;il a une chance s\u00e9rieuse, et s&rsquo;il a un appui assez large de la droite lyonnaise, il peut effectivement l&#8217;emporter \u00e0 Lyon\u00a0\u00bb, estime le journaliste.<\/p><\/p>\n","protected":false},"excerpt":{"rendered":"Le pr\u00e9sident embl\u00e9matique de l&rsquo;Olympique lyonnais, Jean-Michel Aulas, \u00e2g\u00e9 de 76 ans, a annonc\u00e9 sa candidature \u00e0 la&hellip;\n","protected":false},"author":2,"featured_media":366212,"comment_status":"","ping_status":"","sticky":false,"template":"","format":"standard","meta":{"footnotes":""},"categories":[1889],"tags":[1111,11,2430,1777,674,1011,27,2428,12,25],"class_list":{"0":"post-366211","1":"post","2":"type-post","3":"status-publish","4":"format-standard","5":"has-post-thumbnail","7":"category-lyon","8":"tag-actu","9":"tag-actualites","10":"tag-auvergne-rhone-alpes","11":"tag-eu","12":"tag-europe","13":"tag-fr","14":"tag-france","15":"tag-lyon","16":"tag-news","17":"tag-republique-francaise"},"share_on_mastodon":{"url":"https:\/\/pubeurope.com\/@fr\/115147250297468132","error":""},"_links":{"self":[{"href":"https:\/\/www.europesays.com\/fr\/wp-json\/wp\/v2\/posts\/366211","targetHints":{"allow":["GET"]}}],"collection":[{"href":"https:\/\/www.europesays.com\/fr\/wp-json\/wp\/v2\/posts"}],"about":[{"href":"https:\/\/www.europesays.com\/fr\/wp-json\/wp\/v2\/types\/post"}],"author":[{"embeddable":true,"href":"https:\/\/www.europesays.com\/fr\/wp-json\/wp\/v2\/users\/2"}],"replies":[{"embeddable":true,"href":"https:\/\/www.europesays.com\/fr\/wp-json\/wp\/v2\/comments?post=366211"}],"version-history":[{"count":0,"href":"https:\/\/www.europesays.com\/fr\/wp-json\/wp\/v2\/posts\/366211\/revisions"}],"wp:featuredmedia":[{"embeddable":true,"href":"https:\/\/www.europesays.com\/fr\/wp-json\/wp\/v2\/media\/366212"}],"wp:attachment":[{"href":"https:\/\/www.europesays.com\/fr\/wp-json\/wp\/v2\/media?parent=366211"}],"wp:term":[{"taxonomy":"category","embeddable":true,"href":"https:\/\/www.europesays.com\/fr\/wp-json\/wp\/v2\/categories?post=366211"},{"taxonomy":"post_tag","embeddable":true,"href":"https:\/\/www.europesays.com\/fr\/wp-json\/wp\/v2\/tags?post=366211"}],"curies":[{"name":"wp","href":"https:\/\/api.w.org\/{rel}","templated":true}]}}