{"id":366221,"date":"2025-09-04T17:43:09","date_gmt":"2025-09-04T17:43:09","guid":{"rendered":"https:\/\/www.europesays.com\/fr\/366221\/"},"modified":"2025-09-04T17:43:09","modified_gmt":"2025-09-04T17:43:09","slug":"pollution-de-lair-dans-le-metro-la-justice-valide-une-expertise-independante-reclamee-par-les-conducteurs-ratp","status":"publish","type":"post","link":"https:\/\/www.europesays.com\/fr\/366221\/","title":{"rendered":"Pollution de l\u2019air dans le m\u00e9tro\u00a0: la Justice valide une expertise ind\u00e9pendante r\u00e9clam\u00e9e par les conducteurs RATP"},"content":{"rendered":"<p class=\"paragraph text_align_left lp-f-body-02\">Le 12 mai dernier, le CSE MTS avait vot\u00e9 une r\u00e9solution afin de faire r\u00e9aliser une \u00e9tude pouss\u00e9e sur <a href=\"https:\/\/www.leparisien.fr\/environnement\/pollution-de-lair-des-malades-par-milliers-et-un-cout-annuel-de-plusieurs-milliards-29-01-2025-ZXDIZ7R7W5CVNBMHH5NXJVSHMY.php\" rel=\"noopener\" target=\"_blank\">la qualit\u00e9 de l\u2019air<\/a> respir\u00e9e par les conducteurs de m\u00e9tro. Un cabinet d\u2019expertise a \u00e9t\u00e9 d\u00e9sign\u00e9 pour \u00ab analyser les conditions de travail des personnes qui travaillent dans les enceintes ferroviaires souterraines afin d\u2019\u00e9valuer leur exposition aux poussi\u00e8res et\/ou \u00e0 d\u2019autres agents chimiques dangereux et analyser et \u00e9valuer les risques ou les facteurs de risques \u00bb.<\/p>\n","protected":false},"excerpt":{"rendered":"Le 12 mai dernier, le CSE MTS avait vot\u00e9 une r\u00e9solution afin de faire r\u00e9aliser une \u00e9tude pouss\u00e9e&hellip;\n","protected":false},"author":2,"featured_media":366222,"comment_status":"","ping_status":"","sticky":false,"template":"","format":"standard","meta":{"footnotes":""},"categories":[1888],"tags":[11,1777,674,1011,27,1944,12,626,25,2382],"class_list":{"0":"post-366221","1":"post","2":"type-post","3":"status-publish","4":"format-standard","5":"has-post-thumbnail","7":"category-paris","8":"tag-actualites","9":"tag-eu","10":"tag-europe","11":"tag-fr","12":"tag-france","13":"tag-ma-ville","14":"tag-news","15":"tag-paris","16":"tag-republique-francaise","17":"tag-transport-idf-oise"},"share_on_mastodon":{"url":"https:\/\/pubeurope.com\/@fr\/115147270026656335","error":""},"_links":{"self":[{"href":"https:\/\/www.europesays.com\/fr\/wp-json\/wp\/v2\/posts\/366221","targetHints":{"allow":["GET"]}}],"collection":[{"href":"https:\/\/www.europesays.com\/fr\/wp-json\/wp\/v2\/posts"}],"about":[{"href":"https:\/\/www.europesays.com\/fr\/wp-json\/wp\/v2\/types\/post"}],"author":[{"embeddable":true,"href":"https:\/\/www.europesays.com\/fr\/wp-json\/wp\/v2\/users\/2"}],"replies":[{"embeddable":true,"href":"https:\/\/www.europesays.com\/fr\/wp-json\/wp\/v2\/comments?post=366221"}],"version-history":[{"count":0,"href":"https:\/\/www.europesays.com\/fr\/wp-json\/wp\/v2\/posts\/366221\/revisions"}],"wp:featuredmedia":[{"embeddable":true,"href":"https:\/\/www.europesays.com\/fr\/wp-json\/wp\/v2\/media\/366222"}],"wp:attachment":[{"href":"https:\/\/www.europesays.com\/fr\/wp-json\/wp\/v2\/media?parent=366221"}],"wp:term":[{"taxonomy":"category","embeddable":true,"href":"https:\/\/www.europesays.com\/fr\/wp-json\/wp\/v2\/categories?post=366221"},{"taxonomy":"post_tag","embeddable":true,"href":"https:\/\/www.europesays.com\/fr\/wp-json\/wp\/v2\/tags?post=366221"}],"curies":[{"name":"wp","href":"https:\/\/api.w.org\/{rel}","templated":true}]}}