{"id":366225,"date":"2025-09-04T17:45:17","date_gmt":"2025-09-04T17:45:17","guid":{"rendered":"https:\/\/www.europesays.com\/fr\/366225\/"},"modified":"2025-09-04T17:45:17","modified_gmt":"2025-09-04T17:45:17","slug":"guerre-en-ukraine-cest-cruel-accuse-de-desertion-un-russe-de-25-ans-tente-de-rejoindre-les-etats-unis-il-est-renvoye-a-moscou","status":"publish","type":"post","link":"https:\/\/www.europesays.com\/fr\/366225\/","title":{"rendered":"Guerre en Ukraine\u00a0: \u00ab\u00a0C\u2019est cruel\u00a0\u00bb\u2026 accus\u00e9 de d\u00e9sertion, un Russe de 25 ans tente de rejoindre les \u00c9tats-Unis, il est renvoy\u00e9 \u00e0 Moscou"},"content":{"rendered":"<p>\n                                                                    l&rsquo;essentiel<br \/>\n                                                                Andre\u00ef Vovchenko, un jeune homme de 25 ans, a d\u00e9sert\u00e9 la Russie pour \u00e9viter d\u2019\u00eatre enr\u00f4l\u00e9 au sein des forces arm\u00e9es russes. Ce dernier s\u2019est rendu aux \u00c9tats-Unis mais sur place, les services d\u2019immigration l\u2019ont renvoy\u00e9 en Russie o\u00f9 il risque 10 ans de prison.\n                            <\/p>\n<p>Lors d\u2019un vol qui reliait l\u2019\u00c9gypte \u00e0 la Russie le 27\u00a0ao\u00fbt dernier, les autorit\u00e9s ont d\u00fb attacher\u00a0Andre\u00ef Vovchenko \u00e0 son si\u00e8ge. Ce jeune homme de 25 ans n\u2019avait aucune envie de retourner dans son pays natal. Et pour cause\u00a0: ce dernier, accus\u00e9 d\u2019avoir d\u00e9sert\u00e9 Moscou en plein <a href=\"https:\/\/www.ladepeche.fr\/actu\/international\/crise-en-ukraine\/\" target=\"_self\" rel=\"noopener\">conflit russo-ukrainien<\/a>, risque jusqu\u2019\u00e0 10 ans de prison, racontent nos confr\u00e8res du <a href=\"https:\/\/www.theguardian.com\/us-news\/2025\/sep\/03\/i-told-my-family-ill-probably-die-us-immigration-sends-russian-asylum-seekers-back-to-moscow\" target=\"_blank\" rel=\"noopener\">Guardian<\/a>.<\/p>\n<p class=\"std-elt__inline\">\n        <strong>\u00c0 lire aussi :<\/strong><br \/>\n        <a href=\"https:\/\/www.ladepeche.fr\/2025\/09\/02\/guerre-en-ukraine-apres-le-brouillage-gps-de-lavion-dursula-von-der-leyen-quels-risques-pour-les-vols-commerciaux-12905876.php\" target=\"_blank\" rel=\"noopener\">Guerre en Ukraine\u00a0: apr\u00e8s le brouillage GPS de l\u2019avion d\u2019Ursula von der Leyen, quels risques pour les vols commerciaux\u00a0?<\/a>\n    <\/p>\n<p>Lui \u2013 comme de nombreux Russes \u2013 a tent\u00e9 de quitter le pays pour \u00e9viter d\u2019\u00eatre enr\u00f4l\u00e9 au sein des forces arm\u00e9es. La plupart d\u2019entre eux se sont tourn\u00e9s vers les \u00c9tats-Unis. Probl\u00e8me\u00a0: depuis le d\u00e9but de l\u2019\u00e9t\u00e9 dernier, les services am\u00e9ricains d\u2019immigration ont re\u00e7u l\u2019ordre de proc\u00e9der au rapatriement de tout demandeur d\u2019asile venant de Russie, une d\u00e9cision \u00e9manant de l\u2019administration Trump. Jusqu\u2019\u00e0 pr\u00e9sent, deux vols de rapatriement ont \u00e9t\u00e9 organis\u00e9s depuis\u00a0: le premier partait en juin d\u2019Alexandria (Louisiane) pour rallier l\u2019\u00c9gypte, avec 30 passagers \u00e0 son bord. Le second a d\u00e9coll\u00e9 le 27\u00a0ao\u00fbt dernier avec une cinquantaine de personnes \u00e0 son bord, et devait rallier l\u2019\u00c9gypte \u00e0 Moscou.<\/p>\n<p>\u00ab\u00a0Ma\u00eetris\u00e9 et ligot\u00e9\u00a0\u00bb<\/p>\n<p>Andre\u00ef Vovchenko faisait partie du voyage. \u00ab\u00a0Il a suppli\u00e9 qu\u2019on ne le mette pas dans l\u2019avion pour Moscou, mais la police \u00e9gyptienne l\u2019a ma\u00eetris\u00e9 et ligot\u00e9, relate un autre passager qui se trouvait \u00e0 bord. Ils l\u2019ont attach\u00e9 \u00e0 son si\u00e8ge et il a pleur\u00e9 tout le long du trajet d\u2019\u00c9gypte \u00e0 Moscou\u00a0\u00bb. Une expulsion que d\u00e9nonce\u00a0Vladimir Osetchkine, un militant russe des droits de l\u2019homme\u00a0: \u00ab\u00a0Des personnes en qu\u00eate de protection, fuyant la guerre et la dictature de Poutine, la torture et la r\u00e9pression du FSB, se sont retrouv\u00e9es dans des prisons am\u00e9ricaines, v\u00eatues de combinaisons orange et encha\u00een\u00e9es lors de leurs transferts comme des criminels [\u2026] C\u2019est cruel et honteux\u00a0\u00bb.<\/p>\n<p class=\"std-elt__inline\">\n        <strong>\u00c0 lire aussi :<\/strong><br \/>\n        <a href=\"https:\/\/www.ladepeche.fr\/2025\/09\/04\/direct-guerre-en-ukraine-la-coalition-des-volontaires-reunie-a-lelysee-pour-demander-a-trump-des-garanties-de-securite-12910001.php\" target=\"_blank\" rel=\"noopener\">DIRECT. Guerre en Ukraine\u00a0: Macron menace la Russie de nouvelles sanctions \u00ab\u00a0en lien avec les Etats-Unis\u00a0\u00bb si Moscou continue de refuser la paix<\/a>\n    <\/p>\n<p>Depuis le d\u00e9but de la guerre en Ukraine, quelque 8\u00a0300 personnes de nationalit\u00e9 russe ont d\u00e9pos\u00e9 une demande d\u2019asile aux \u00c9tats-Unis. Selon les donn\u00e9es de la Transactional Records Access Clearinghouse (Trac), 85\u00a0% des dossiers ont \u00e9t\u00e9 accept\u00e9s.<\/p>\n","protected":false},"excerpt":{"rendered":"l&rsquo;essentiel Andre\u00ef Vovchenko, un jeune homme de 25 ans, a d\u00e9sert\u00e9 la Russie pour \u00e9viter d\u2019\u00eatre enr\u00f4l\u00e9 au&hellip;\n","protected":false},"author":2,"featured_media":366226,"comment_status":"","ping_status":"","sticky":false,"template":"","format":"standard","meta":{"footnotes":""},"categories":[1591],"tags":[11,1887,12,1885,1886,132],"class_list":{"0":"post-366225","1":"post","2":"type-post","3":"status-publish","4":"format-standard","5":"has-post-thumbnail","7":"category-russie","8":"tag-actualites","9":"tag-federation-de-russie","10":"tag-news","11":"tag-russia","12":"tag-russian-federation","13":"tag-russie"},"share_on_mastodon":{"url":"https:\/\/pubeurope.com\/@fr\/115147277952803813","error":""},"_links":{"self":[{"href":"https:\/\/www.europesays.com\/fr\/wp-json\/wp\/v2\/posts\/366225","targetHints":{"allow":["GET"]}}],"collection":[{"href":"https:\/\/www.europesays.com\/fr\/wp-json\/wp\/v2\/posts"}],"about":[{"href":"https:\/\/www.europesays.com\/fr\/wp-json\/wp\/v2\/types\/post"}],"author":[{"embeddable":true,"href":"https:\/\/www.europesays.com\/fr\/wp-json\/wp\/v2\/users\/2"}],"replies":[{"embeddable":true,"href":"https:\/\/www.europesays.com\/fr\/wp-json\/wp\/v2\/comments?post=366225"}],"version-history":[{"count":0,"href":"https:\/\/www.europesays.com\/fr\/wp-json\/wp\/v2\/posts\/366225\/revisions"}],"wp:featuredmedia":[{"embeddable":true,"href":"https:\/\/www.europesays.com\/fr\/wp-json\/wp\/v2\/media\/366226"}],"wp:attachment":[{"href":"https:\/\/www.europesays.com\/fr\/wp-json\/wp\/v2\/media?parent=366225"}],"wp:term":[{"taxonomy":"category","embeddable":true,"href":"https:\/\/www.europesays.com\/fr\/wp-json\/wp\/v2\/categories?post=366225"},{"taxonomy":"post_tag","embeddable":true,"href":"https:\/\/www.europesays.com\/fr\/wp-json\/wp\/v2\/tags?post=366225"}],"curies":[{"name":"wp","href":"https:\/\/api.w.org\/{rel}","templated":true}]}}