{"id":366227,"date":"2025-09-04T17:46:10","date_gmt":"2025-09-04T17:46:10","guid":{"rendered":"https:\/\/www.europesays.com\/fr\/366227\/"},"modified":"2025-09-04T17:46:10","modified_gmt":"2025-09-04T17:46:10","slug":"le-pari-du-dispositif-skyshield-en-ukraine","status":"publish","type":"post","link":"https:\/\/www.europesays.com\/fr\/366227\/","title":{"rendered":"le pari du dispositif \u00ab\u00a0SkyShield\u00a0\u00bb en Ukraine"},"content":{"rendered":"<p>\n    L&rsquo;id\u00e9e d&rsquo;un bouclier a\u00e9rien pour prot\u00e9ger les civils ukrainiens commence \u00e0 faire son chemin dans les instances dirigeantes europ\u00e9ennes. Le dispositif, cens\u00e9 intercepter les missiles et drones qui frappent la population, a \u00e9t\u00e9 pens\u00e9 pour emp\u00eacher toute escalade militaire avec la Russie. Xavier Tytelman, conseiller en a\u00e9ronautique et d\u00e9fense, ancien aviateur militaire et coauteur d&rsquo;une p\u00e9tition qui r\u00e9clame l&rsquo;instauration de ce dispositif, r\u00e9pond aux questions de \u00ab Marianne \u00bb sur ce sujet.\n<\/p>\n<p class=\"article-text article-body__item\">\n    Alors que Volodymyr Zelensky \u00e9tait attendu cet apr\u00e8s-midi \u00e0 l&rsquo;\u00c9lys\u00e9e pour \u00e9changer avec Donald Trump (en visioconf\u00e9rence) et <a href=\"https:\/\/www.marianne.net\/monde\/europe\/macron-et-la-coalition-des-volontaires-prets-a-envoyer-des-troupes-en-ukraine-une-fois-la-paix-signee\" rel=\"nofollow noopener\" target=\"_blank\">la \u00ab coalition des volontaires \u00bb<\/a> \u2013 une trentaine de pays, essentiellement europ\u00e9ens, qui soutiennent militairement l&rsquo;Ukraine \u2013 pour finaliser des garanties de s\u00e9curit\u00e9 pour cette derni\u00e8re, un nouveau projet de <a href=\"https:\/\/www.change.org\/p\/sauvons-les-civils-des-drones-russes-fermons-le-ciel-au-dessus-de-l-ukraine\" rel=\"noopener nofollow\" target=\"_blank\">p\u00e9tition<\/a>, adress\u00e9e \u00e0 Emmanuel Macron, commence \u00e0 faire du bruit au sein des instances dirigeantes.\n<\/p>\n<p class=\"article-text article-body__item\">\n    <strong>\u00c0 LIRE AUSSI : <a href=\"https:\/\/www.marianne.net\/monde\/europe\/macron-et-la-coalition-des-volontaires-prets-a-envoyer-des-troupes-en-ukraine-une-fois-la-paix-signee\" rel=\"nofollow noopener\" target=\"_blank\">Macron et la \u00ab\u00a0coalition des volontaires\u00a0\u00bb pr\u00eats \u00e0 envoyer des troupes en Ukraine une fois la paix sign\u00e9e<\/a><\/strong>\n<\/p>\n<p class=\"article-text article-body__item\">\n    Lanc\u00e9 par le collectif Skyshield France, ce texte intitul\u00e9 <a href=\"https:\/\/www.change.org\/p\/skyshield-sauvons-les-civils-des-drones-russes-prot%C3%A9geons-le-ciel-de-l-ukraine?redirect_reason=guest_user\" rel=\"noopener nofollow\" target=\"_blank\">\u00ab Sauvons les civils des drones russes, fermons le ciel au-dessus de l&rsquo;Ukraine ! \u00bb<\/a> demande le d\u00e9ploiement de quelque 120 avions de combat europ\u00e9ens pour prot\u00e9ger les civils mais aussi les infrastructures essentielles comme les centrales nucl\u00e9aires. \u00ab Ces forces resteraient loin de la ligne de front, \u00e0 plusieurs centaines de kilom\u00e8tres, sans aucun contact direct avec l\u2019aviation russe \u00bb, peut-on lire dans la description de la p\u00e9tition, qui rassemble aujourd&rsquo;hui plus de 30 000 signatures.<\/p>\n","protected":false},"excerpt":{"rendered":"L&rsquo;id\u00e9e d&rsquo;un bouclier a\u00e9rien pour prot\u00e9ger les civils ukrainiens commence \u00e0 faire son chemin dans les instances dirigeantes&hellip;\n","protected":false},"author":2,"featured_media":366228,"comment_status":"","ping_status":"","sticky":false,"template":"","format":"standard","meta":{"footnotes":""},"categories":[1590],"tags":[11,1777,674,12,220],"class_list":{"0":"post-366227","1":"post","2":"type-post","3":"status-publish","4":"format-standard","5":"has-post-thumbnail","7":"category-ukraine","8":"tag-actualites","9":"tag-eu","10":"tag-europe","11":"tag-news","12":"tag-ukraine"},"share_on_mastodon":{"url":"https:\/\/pubeurope.com\/@fr\/115147281799934101","error":""},"_links":{"self":[{"href":"https:\/\/www.europesays.com\/fr\/wp-json\/wp\/v2\/posts\/366227","targetHints":{"allow":["GET"]}}],"collection":[{"href":"https:\/\/www.europesays.com\/fr\/wp-json\/wp\/v2\/posts"}],"about":[{"href":"https:\/\/www.europesays.com\/fr\/wp-json\/wp\/v2\/types\/post"}],"author":[{"embeddable":true,"href":"https:\/\/www.europesays.com\/fr\/wp-json\/wp\/v2\/users\/2"}],"replies":[{"embeddable":true,"href":"https:\/\/www.europesays.com\/fr\/wp-json\/wp\/v2\/comments?post=366227"}],"version-history":[{"count":0,"href":"https:\/\/www.europesays.com\/fr\/wp-json\/wp\/v2\/posts\/366227\/revisions"}],"wp:featuredmedia":[{"embeddable":true,"href":"https:\/\/www.europesays.com\/fr\/wp-json\/wp\/v2\/media\/366228"}],"wp:attachment":[{"href":"https:\/\/www.europesays.com\/fr\/wp-json\/wp\/v2\/media?parent=366227"}],"wp:term":[{"taxonomy":"category","embeddable":true,"href":"https:\/\/www.europesays.com\/fr\/wp-json\/wp\/v2\/categories?post=366227"},{"taxonomy":"post_tag","embeddable":true,"href":"https:\/\/www.europesays.com\/fr\/wp-json\/wp\/v2\/tags?post=366227"}],"curies":[{"name":"wp","href":"https:\/\/api.w.org\/{rel}","templated":true}]}}