{"id":366233,"date":"2025-09-04T17:49:11","date_gmt":"2025-09-04T17:49:11","guid":{"rendered":"https:\/\/www.europesays.com\/fr\/366233\/"},"modified":"2025-09-04T17:49:11","modified_gmt":"2025-09-04T17:49:11","slug":"allemagne-le-suspect-de-laffaire-maddie-bientot-libere-et-cest-inquietant","status":"publish","type":"post","link":"https:\/\/www.europesays.com\/fr\/366233\/","title":{"rendered":"Allemagne: Le suspect de l&rsquo;affaire Maddie bient\u00f4t lib\u00e9r\u00e9 et c&rsquo;est inqui\u00e9tant"},"content":{"rendered":"<p>Publi\u00e94. septembre 2025, 19:26<\/p>\n<p>Allemagne: Le suspect de l&rsquo;affaire Maddie bient\u00f4t lib\u00e9r\u00e9 et c&rsquo;est inqui\u00e9tant<\/p>\n<p>Pour le procureur et les experts, Christian Br\u00fcckner rteste dangereux et pr\u00e9sente de gros risques de r\u00e9cidives.<\/p>\n<p><img loading=\"lazy\" decoding=\"async\" src=\"https:\/\/www.europesays.com\/fr\/wp-content\/uploads\/2025\/09\/3d2b048f-0896-4ee7-91f0-40eadde618ed.jpeg\" alt=\"Christian Br\u00fcckner, photographi\u00e9 ici lors de son arrestation en Italie en 2018.\" title=\"Christian Br\u00fcckner, photographi\u00e9 ici lors de son arrestation en Italie en 2018.\"  width=\"695\" height=\"460\"\/><\/p>\n<p>Christian Br\u00fcckner, photographi\u00e9 ici lors de son arrestation en Italie en 2018.<\/p>\n<p>Police italienne<\/p>\n<p>Le procureur allemand Christian Wolters s\u2019est inqui\u00e9t\u00e9, dans un entretien \u00e0 l\u2019AFP, de la lib\u00e9ration imminente du principal suspect dans la disparition de la fillette britannique Madeleine McCann, un individu \u00abdangereux\u00bb qui pourrait dispara\u00eetre dans la nature.<\/p>\n<p>Les enqu\u00eateurs estiment que Christian Br\u00fcckner, 48 ans et qui ach\u00e8ve de purger une peine de prison en Allemagne pour un autre crime, a tu\u00e9 en 2007 au Portugal la petite Maddie. Mais cette affaire, qui a horrifi\u00e9 le public europ\u00e9en, n\u2019a jamais \u00e9t\u00e9 \u00e9lucid\u00e9e.<\/p>\n<p><a href=\"https:\/\/www.lematin.ch\/story\/portugal-disparition-de-maddie-les-operations-de-recherche-ont-repris-mercredi-103358307\" rel=\"nofollow noopener\" target=\"_blank\">Faute de preuves suffisantes<\/a> pour obtenir une mise en accusation, le parquet allemand ne peut emp\u00eacher la remise en libert\u00e9 de leur principal suspect, un homme au lourd pass\u00e9 judiciaire pour des crimes sexuels violents et qui doit sortir de sa prison allemande d&rsquo;ici au 17 septembre.<\/p>\n<p>Le procureur en charge du dossier, Christian Wolters a soulign\u00e9, dans un entretien accord\u00e9 \u00e0 l\u2019AFP, que M. Br\u00fcckner restait \u00abfonci\u00e8rement dangereux\u00bb. Selon lui, l\u2019expert psychiatre qui l\u2019a examin\u00e9 r\u00e9cemment a conclu que \u00abde nouvelles agressions sexuelles sont \u00e0 attendre\u00bb. \u00abIl n\u2019a suivi aucune th\u00e9rapie en prison, et d\u00e8s lors nous devons partir du principe qu\u2019il va r\u00e9cidiver\u00bb, a estim\u00e9 M. Wolters, au sujet de son suspect que la justice allemande mentionne sous le nom de Christian B.<\/p>\n<p>Demandes de surveillance en attente<\/p>\n<p>En cons\u00e9quence, le parquet a demand\u00e9 \u00e0 ce que M. Br\u00fcckner soit soumis \u00e0 des mesures de surveillance, comme un bracelet \u00e9lectronique ou une obligation de renseigner son adresse, mais la justice n\u2019a pas encore tranch\u00e9 la question.<\/p>\n<p>Et m\u00eame soumis \u00e0 un tel contr\u00f4le, il restera \u00abun homme libre\u00bb, met en garde le procureur. \u00abJe pense qu\u2019il quittera l\u2019Allemagne, \u00e0 cause de toute cette agitation m\u00e9diatique\u00bb, estime M. Wolters.<\/p>\n<p>Christian Br\u00fcckner a toujours d\u00e9menti avoir un lien avec l\u2019affaire Maddie, tandis que le parquet allemand n\u2019a jamais d\u00e9taill\u00e9 le contenu de son dossier au nom du secret de l\u2019instruction. L\u2019avocat de l\u2019int\u00e9ress\u00e9, qui ach\u00e8ve de purger une peine pour le viol d\u2019une Am\u00e9ricaine \u00e2g\u00e9e de 72 ans en 2005 au Portugal, n\u2019a pas r\u00e9pondu aux sollicitations de l\u2019AFP cette semaine.<\/p>\n<p>Disparue en 2007<\/p>\n<p>Madeleine McCann, trois ans, avait disparu en mai 2007 d\u2019un logement de vacances dans l\u2019Algarve, au Portugal, alors que ses parents d\u00eenaient dans un restaurant voisin. Malgr\u00e9 des ann\u00e9es d\u2019enqu\u00eate, de multiples pistes et fouilles, la fillette n\u2019a jamais \u00e9t\u00e9 retrouv\u00e9e.<\/p>\n<p>En 2020, les enqu\u00eateurs allemands ont soudainement d\u00e9sign\u00e9 Christian Br\u00fcckner comme leur principal suspect, assurant disposer de preuves concr\u00e8tes. Mais ces \u00e9l\u00e9ments se sont av\u00e9r\u00e9s insuffisants pour une inculpation. Pour autant, l\u2019enqu\u00eate et les expertises se poursuivent.<\/p>\n<p>Le viol pour lequel Christian Br\u00fcckner a \u00e9t\u00e9 condamn\u00e9 avait \u00e9t\u00e9 commis dans la m\u00eame r\u00e9gion o\u00f9 la fillette avait disparu. Il a, en outre, \u00e9t\u00e9 <a href=\"https:\/\/www.lematin.ch\/story\/allemagne-le-suspect-de-l-affaire-maddie-est-acquitte-103198982\" rel=\"nofollow noopener\" target=\"_blank\">acquitt\u00e9 cette ann\u00e9e d\u2019une s\u00e9rie de crimes sexuels<\/a> contre des enfants commis dans cette m\u00eame zone entre 2000 et 2017.<\/p>\n<p>Dans ce dernier dossier, le parquet a fait appel et attend la date pour un nouveau proc\u00e8s mais la d\u00e9cision n\u2019interviendra pas avant 2026. D\u00e8s lors, sa remise en libert\u00e9 \u00e9tait in\u00e9vitable. \u00abNous esp\u00e9rons juste que lorsqu\u2019on aura besoin de lui, nous pourrons le retrouver\u00bb, dit M. Wolters, \u00abmais en soi, on ne peut pas emp\u00eacher une personne libre de se rendre d\u2019un pays \u00e0 un autre\u00bb.<\/p>\n<p>\u00abLe seul responsable de la mort de Maddie\u00bb<\/p>\n<p>Le procureur a assur\u00e9 que son \u00e9quipe ne rel\u00e2chait pas ses efforts dans le dossier McCann, et qu\u2019elle esp\u00e8re encore confondre son suspect. Le r\u00e9sultat d\u2019une perquisition en juin au Portugal, notamment, \u00abn\u2019a pas encore \u00e9t\u00e9 exploit\u00e9\u00bb, souligne-t-il.<\/p>\n<p>S\u2019il ne veut s\u2019avancer sur un calendrier ou sur la probabilit\u00e9 d\u2019une mise en accusation, M. Wolters estime encore possible une inculpation de M. Br\u00fcckner. \u00abEn cinq ans d\u2019investigations, nous n\u2019avons rien trouv\u00e9 qui puisse r\u00e9futer les soup\u00e7ons visant Christian B.: aucun \u00e9l\u00e9ment \u00e0 d\u00e9charge, aucun alibi, aucune indication qu\u2019il ne pouvait pas se trouver sur les lieux\u00bb, a soulign\u00e9 Wolters. \u00abPour nous, Christian B. est responsable de la mort de Madeleine, et il est le seul responsable\u00bb.<\/p>\n<p>(afp)<\/p>\n","protected":false},"excerpt":{"rendered":"Publi\u00e94. septembre 2025, 19:26 Allemagne: Le suspect de l&rsquo;affaire Maddie bient\u00f4t lib\u00e9r\u00e9 et c&rsquo;est inqui\u00e9tant Pour le procureur&hellip;\n","protected":false},"author":2,"featured_media":366234,"comment_status":"","ping_status":"","sticky":false,"template":"","format":"standard","meta":{"footnotes":""},"categories":[1587],"tags":[11,672,1804,1805,1803,1777,674,1801,12,1802],"class_list":{"0":"post-366233","1":"post","2":"type-post","3":"status-publish","4":"format-standard","5":"has-post-thumbnail","7":"category-allemagne","8":"tag-actualites","9":"tag-allemagne","10":"tag-bundesrepublik-deutschland","11":"tag-de","12":"tag-deutschland","13":"tag-eu","14":"tag-europe","15":"tag-germany","16":"tag-news","17":"tag-republique-federale-dallemagne"},"share_on_mastodon":{"url":"https:\/\/pubeurope.com\/@fr\/115147293956100023","error":""},"_links":{"self":[{"href":"https:\/\/www.europesays.com\/fr\/wp-json\/wp\/v2\/posts\/366233","targetHints":{"allow":["GET"]}}],"collection":[{"href":"https:\/\/www.europesays.com\/fr\/wp-json\/wp\/v2\/posts"}],"about":[{"href":"https:\/\/www.europesays.com\/fr\/wp-json\/wp\/v2\/types\/post"}],"author":[{"embeddable":true,"href":"https:\/\/www.europesays.com\/fr\/wp-json\/wp\/v2\/users\/2"}],"replies":[{"embeddable":true,"href":"https:\/\/www.europesays.com\/fr\/wp-json\/wp\/v2\/comments?post=366233"}],"version-history":[{"count":0,"href":"https:\/\/www.europesays.com\/fr\/wp-json\/wp\/v2\/posts\/366233\/revisions"}],"wp:featuredmedia":[{"embeddable":true,"href":"https:\/\/www.europesays.com\/fr\/wp-json\/wp\/v2\/media\/366234"}],"wp:attachment":[{"href":"https:\/\/www.europesays.com\/fr\/wp-json\/wp\/v2\/media?parent=366233"}],"wp:term":[{"taxonomy":"category","embeddable":true,"href":"https:\/\/www.europesays.com\/fr\/wp-json\/wp\/v2\/categories?post=366233"},{"taxonomy":"post_tag","embeddable":true,"href":"https:\/\/www.europesays.com\/fr\/wp-json\/wp\/v2\/tags?post=366233"}],"curies":[{"name":"wp","href":"https:\/\/api.w.org\/{rel}","templated":true}]}}