{"id":366237,"date":"2025-09-04T17:51:11","date_gmt":"2025-09-04T17:51:11","guid":{"rendered":"https:\/\/www.europesays.com\/fr\/366237\/"},"modified":"2025-09-04T17:51:11","modified_gmt":"2025-09-04T17:51:11","slug":"jai-eu-linstinct-de-magripper-a-son-harnais-une-randonneuse-chute-de-18-metres-en-tentant-de-sauver-son-chien-qui-glissait","status":"publish","type":"post","link":"https:\/\/www.europesays.com\/fr\/366237\/","title":{"rendered":"\u00ab\u00a0J\u2019ai eu l\u2019instinct de m\u2019agripper \u00e0 son harnais\u00a0\u00bb\u00a0: une randonneuse chute de 18 m\u00e8tres en tentant de sauver son chien qui glissait"},"content":{"rendered":"<p class=\"paragraph text_align_left lp-f-body-02\">La <a href=\"https:\/\/www.leparisien.fr\/societe\/resister-a-lurgence-de-notre-epoque-la-randonnee-une-revolution-en-marche-30-05-2025-5Y37BXL7JZF6FOVIR4ZO7XMI6Y.php\" target=\"_self\" rel=\"nofollow noopener\">randonn\u00e9e<\/a> s\u2019est termin\u00e9e sur un double accident. Le 24 ao\u00fbt dernier, Margaux Cohen, 36 ans, est partie marcher sur le pic Tricourni, au Canada, avec deux amis et son chien, Zion. Lors de la descente, le petit groupe s\u2019est bri\u00e8vement \u00e9loign\u00e9 du sentier, devant escalader un petit mur pour le retrouver.<\/p>\n<p class=\"paragraph text_align_left lp-f-body-02\">L\u2019animal a gliss\u00e9 de quelques m\u00e8tres et en voulant l\u2019aider, sa ma\u00eetresse a fait une chute de 18 m. \u00ab J\u2019ai eu l\u2019instinct de m\u2019agripper \u00e0 son harnais, explique-t-elle \u00e0 <a href=\"https:\/\/www.squamishchief.com\/local-news\/hiker-survives-18-metre-fall-while-trying-to-save-her-dog-near-squamish-11142049\" target=\"_self\" rel=\"nofollow noopener\">The Squamish Chief<\/a>. Mais je n\u2019avais pas compris qu\u2019en faisant cela, et \u00e0 cause de son poids, j\u2019allais tomber. \u00bb<\/p>\n<p><img decoding=\"async\" class=\"image \" loading=\"lazy\" src=\"https:\/\/www.europesays.com\/fr\/wp-content\/uploads\/2025\/09\/AYCHS3XNMJD6NC752A3HIUDWUM.jpeg\" alt=\"Margaux Cohen. GoFundMe\" align=\"\" data-rubrique-principale=\"\" data-article-type=\"\" fetchpriority=\"auto\"\/>Margaux Cohen. GoFundMe<\/p>\n<p class=\"paragraph text_align_left lp-f-body-02\">S\u2019ils ont tous deux surv\u00e9cu \u00e0 la chute, ils ne s\u2019en sortent pas indemnes. Margaux s\u2019est cogn\u00e9 la t\u00eate \u00e0 plusieurs reprises en d\u00e9valant la montagne avant d\u2019atterrir sur une roche, rapporte <a href=\"https:\/\/globalnews.ca\/news\/11357704\/hiker-recovering-after-18-metre-fall-near-squamish\/\" target=\"_self\" rel=\"nofollow noopener\">Global News<\/a>. Elle s\u2019est aussi cass\u00e9 la jambe.<\/p>\n<p>\u00ab Mon visage a commenc\u00e9 \u00e0 enfler \u00bb<\/p>\n<p class=\"paragraph text_align_left lp-f-body-02\">\u00ab Je ne me suis pas cass\u00e9 le nez, raconte-t-elle au m\u00e9dia canadien. Mais comme il a cogn\u00e9 trois fois contre des pierres, il saignait abondamment. Mon visage a commenc\u00e9 \u00e0 enfler. J\u2019\u00e9tais tellement enfl\u00e9e. Puis j\u2019ai regard\u00e9 ma jambe et je me suis dit : Il y a vraiment quelque chose qui ne va pas avec ma jambe, elle n\u2019a plus la bonne forme. \u00bb<\/p>\n<p class=\"lp-card-podcast-highlighting__title  lp-f-subtitle-05\">[4\/4] C\u00e9cile Vallin, les secrets d\u2019une disparition<\/p>\n<p class=\"lp-card-podcast-highlighting__description lp-f-ui-05\">Crime story raconte chaque semaine les grandes affaires criminelles.<\/p>\n<p><a class=\"lp-card-podcast-highlighting__call-to-action\" data-page-type=\"HP\" data-block-name=\"podcast-highlight\">\u00c9couter<\/a><\/p>\n<p class=\"paragraph text_align_left lp-f-body-02\">Sur le coup, Zion semblait en forme. \u00ab Mon chien \u00e9tait assis \u00e0 c\u00f4t\u00e9 de moi, remuant simplement la queue, comme si rien ne s\u2019\u00e9tait pass\u00e9, comme s\u2019il avait pass\u00e9 le meilleur moment de sa vie \u00bb, d\u00e9taille sa ma\u00eetresse.<\/p>\n<p class=\"paragraph text_align_left lp-f-body-02\">La randonneuse a \u00e9t\u00e9 secourue par h\u00e9licopt\u00e8re dans la foul\u00e9e et transport\u00e9e \u00e0 l\u2019h\u00f4pital le plus proche. Op\u00e9r\u00e9e une premi\u00e8re fois \u00e0 la jambe, elle doit subir une nouvelle intervention.<\/p>\n<p class=\"paragraph text_align_left lp-f-body-02\">Apr\u00e8s \u00ab ce terrible accident \u00bb, sa meilleure amie a lanc\u00e9 une cagnotte sur GoFundMe pour l\u2019aider \u00e0 couvrir ses frais m\u00e9dicaux et les soins v\u00e9t\u00e9rinaires de son chien. Il pourrait finalement \u00ab avoir une blessure \u00e0 la patte \u00bb et avoir \u00ab besoin d\u2019un examen v\u00e9t\u00e9rinaire urgent \u00bb, \u00e9crit-elle.<\/p>\n","protected":false},"excerpt":{"rendered":"La randonn\u00e9e s\u2019est termin\u00e9e sur un double accident. Le 24 ao\u00fbt dernier, Margaux Cohen, 36 ans, est partie&hellip;\n","protected":false},"author":2,"featured_media":366238,"comment_status":"","ping_status":"","sticky":false,"template":"","format":"standard","meta":{"footnotes":""},"categories":[1586],"tags":[11,1777,674,1779,118,1011,27,12,25,1778,364],"class_list":{"0":"post-366237","1":"post","2":"type-post","3":"status-publish","4":"format-standard","5":"has-post-thumbnail","7":"category-europe","8":"tag-actualites","9":"tag-eu","10":"tag-europe","11":"tag-european-union","12":"tag-faits-divers","13":"tag-fr","14":"tag-france","15":"tag-news","16":"tag-republique-francaise","17":"tag-ue","18":"tag-union-europeenne"},"share_on_mastodon":{"url":"https:\/\/pubeurope.com\/@fr\/115147301879697126","error":""},"_links":{"self":[{"href":"https:\/\/www.europesays.com\/fr\/wp-json\/wp\/v2\/posts\/366237","targetHints":{"allow":["GET"]}}],"collection":[{"href":"https:\/\/www.europesays.com\/fr\/wp-json\/wp\/v2\/posts"}],"about":[{"href":"https:\/\/www.europesays.com\/fr\/wp-json\/wp\/v2\/types\/post"}],"author":[{"embeddable":true,"href":"https:\/\/www.europesays.com\/fr\/wp-json\/wp\/v2\/users\/2"}],"replies":[{"embeddable":true,"href":"https:\/\/www.europesays.com\/fr\/wp-json\/wp\/v2\/comments?post=366237"}],"version-history":[{"count":0,"href":"https:\/\/www.europesays.com\/fr\/wp-json\/wp\/v2\/posts\/366237\/revisions"}],"wp:featuredmedia":[{"embeddable":true,"href":"https:\/\/www.europesays.com\/fr\/wp-json\/wp\/v2\/media\/366238"}],"wp:attachment":[{"href":"https:\/\/www.europesays.com\/fr\/wp-json\/wp\/v2\/media?parent=366237"}],"wp:term":[{"taxonomy":"category","embeddable":true,"href":"https:\/\/www.europesays.com\/fr\/wp-json\/wp\/v2\/categories?post=366237"},{"taxonomy":"post_tag","embeddable":true,"href":"https:\/\/www.europesays.com\/fr\/wp-json\/wp\/v2\/tags?post=366237"}],"curies":[{"name":"wp","href":"https:\/\/api.w.org\/{rel}","templated":true}]}}