{"id":366243,"date":"2025-09-04T17:54:15","date_gmt":"2025-09-04T17:54:15","guid":{"rendered":"https:\/\/www.europesays.com\/fr\/366243\/"},"modified":"2025-09-04T17:54:15","modified_gmt":"2025-09-04T17:54:15","slug":"cest-evident-que-lea-salame-au-20-heures-de-france-2-une-mauvaise-nouvelle-pour-son-compagnon-raphael-glucksmann-il-se-confie-sur-le-sujet","status":"publish","type":"post","link":"https:\/\/www.europesays.com\/fr\/366243\/","title":{"rendered":"\u00ab\u00a0C&rsquo;est \u00e9vident que&#8230;\u00a0\u00bb : L\u00e9a Salam\u00e9 au 20 heures de France 2, une mauvaise nouvelle pour son compagnon Rapha\u00ebl Glucksmann ? Il se confie sur le sujet"},"content":{"rendered":"<p>            <img loading=\"lazy\" decoding=\"async\" src=\"https:\/\/www.europesays.com\/fr\/wp-content\/uploads\/2025\/04\/70-60dc2d431f18d-35x35-1.jpg\" class=\"author-article-picture\" width=\"35\" height=\"35\"\/><\/p>\n<p>                Par<br \/>\n                                    <a class=\"author-article-bio-link\" href=\"https:\/\/www.purepeople.com\/auteur\/liane-lazaar_a70\" rel=\"nofollow noopener\" target=\"_blank\">Liane Lazaar<\/a><br \/>\n                                                    | R\u00e9dactrice<\/p>\n<p>\n                Liane Lazaar est r\u00e9dactrice web rattach\u00e9e au p\u00f4le TV de Purepeople.com. Elle conna\u00eet autant le parcours de Jean-Pierre Pernaut sur TF1 que les derniers rebondissements des candidats de t\u00e9l\u00e9-r\u00e9alit\u00e9 et a un go\u00fbt prononc\u00e9 pour les histoires de coeur.\n            <\/p>\n<p>\n    En d\u00e9but de semaine, L\u00e9a Salam\u00e9 a entam\u00e9 une nouvelle page dans sa carri\u00e8re. Elle incarne d\u00e9sormais le 20 heures de France 2. Une belle promotion pour la journaliste laquelle repr\u00e9sente toutefois un \u00ab\u00a0probl\u00e8me\u00a0\u00bb pour son couple avec Rapha\u00ebl Glucksmann, selon les propres mots de l&rsquo;eurod\u00e9put\u00e9 qui s&rsquo;est confi\u00e9 avec franchise sur la situation.\n<\/p>\n<p>                            <img loading=\"lazy\" decoding=\"async\" class=\"player-thumbnail\" src=\"https:\/\/www.europesays.com\/fr\/wp-content\/uploads\/2025\/09\/8099a9dcf658a7d0-580x326-2.jpg\" width=\"580\" height=\"326\"\/><\/p>\n<p>                    \u00ab\u00a0C&rsquo;est \u00e9vident que&#8230;\u00a0\u00bb : L\u00e9a Salam\u00e9 au 20 heures de France 2, une mauvaise nouvelle pour son compagnon Rapha\u00ebl Glucksmann ? Il se confie sur le sujet<\/p>\n<p>La suite apr\u00e8s la publicit\u00e9<\/p>\n<p>Lundi 1er septembre, <a href=\"https:\/\/www.purepeople.com\/people\/lea-salame_p149105\" rel=\"nofollow noopener\" target=\"_blank\">L\u00e9a Salam\u00e9<\/a> a fait sa rentr\u00e9e au 20 heures de France 2. Une premi\u00e8re qui a fait son petit effet puisque ce sont <strong>un peu plus de 4 millions de t\u00e9l\u00e9spectateurs<\/strong> qui l&rsquo;ont suivie en direct, soit 21,1% du public. Un score qui n&rsquo;avait plus \u00e9t\u00e9 atteint depuis le mois de mai dernier, lorsqu&rsquo;<a href=\"https:\/\/www.purepeople.com\/article\/anne-sophie-lapix-na-pas-digere-son-eviction-du-20-heures-de-france-2-et-elle-le-dit-jaurais-prefere-que-ce-soit-plus_a541702\/1\" rel=\"nofollow noopener\" target=\"_blank\">Anne-Sophie Lapix \u00e9tait encore en poste.\u00a0<\/a><\/p>\n<p>Si elle n&rsquo;a pas v\u00e9ritablement fait d&rsquo;\u00e9tincelles, L\u00e9a Salam\u00e9 est en tout cas tr\u00e8s heureuse d&rsquo;entamer ce nouveau chapitre dans sa carri\u00e8re et elle n&rsquo;est pas la seule. De passage sur les ondes de franceinfo ce jeudi matin, son compagnon <a href=\"https:\/\/www.purepeople.com\/people\/raphael-glucksmann_p351377\" rel=\"nofollow noopener\" target=\"_blank\">Rapha\u00ebl Glucksmann<\/a> a \u00e9voqu\u00e9 bri\u00e8vement mais sinc\u00e8rement la promotion de sa ch\u00e8re et tendre. \u00ab\u00a0<strong>J&rsquo;ai \u00e9t\u00e9 extr\u00eamement fier et j&rsquo;ai trouv\u00e9 que c&rsquo;\u00e9tait un moment incroyable pour elle donc c&rsquo;est ma fiert\u00e9 pour elle, pour ce qu&rsquo;elle repr\u00e9sente, pour ce \u00e0 quoi elle aspire<\/strong>\u00ab\u00a0, a confi\u00e9 l&rsquo;eurod\u00e9put\u00e9 et chef du parti Place publique.<\/p>\n<p>\u00ab\u00a0Il n&rsquo;y aura pas de conflit d&rsquo;int\u00e9r\u00eats\u00a0\u00bb assure Rapha\u00ebl Glucksmann<\/p>\n<p>Rapha\u00ebl Glucksmann n&rsquo;a cependant pas cach\u00e9 qu&rsquo;une complication les attendait prochainement, \u00e0 savoir la possible<strong> candidature du politique \u00e0 la pr\u00e9sidentielle 2027<\/strong>. Ce qui emp\u00eacherait L\u00e9a Salam\u00e9 d&rsquo;exercer son r\u00f4le de journaliste \u00e0 l&rsquo;antenne. \u00ab\u00a0<strong>C&rsquo;est \u00e9vident que ce sera dans ce cas-l\u00e0 un probl\u00e8me et une incompatibilit\u00e9<\/strong>\u00ab\u00a0, a reconnu <a href=\"https:\/\/www.purepeople.com\/article\/photo-lea-salame-et-raphael-glucksmann-parents-rare-image-de-leur-fils-gabriel-il-a-tellement-grandi_a518055\/1\" rel=\"nofollow noopener\" target=\"_blank\">le papa de Gabriel<\/a> n\u00e9 en 2017 et de Rapha\u00ebl n\u00e9 en 2011 et issu d&rsquo;une pr\u00e9c\u00e9dente relation. Mais il demeure serein quant \u00e0 la solidit\u00e9 de leur couple face \u00e0 ce d\u00e9fi. \u00ab\u00a0A la fin, je vous dis,<strong> il n&rsquo;y aura pas de conflit d&rsquo;int\u00e9r\u00eats<\/strong> en cas de candidature \u00e0 la pr\u00e9sidentielle\u00a0\u00bb.<\/p>\n<p>Dans le cas o\u00f9 L\u00e9a Salam\u00e9 serait contrainte \u00e0 une pause forc\u00e9e, cela ne voudra par ailleurs pas dire qu&rsquo;elle sera \u00e0 fond derri\u00e8re son homme. Pour cause, comme le rappelle Rapha\u00ebl Glucksmann, ils ne partagent pas forc\u00e9ment les m\u00eames points de vue. \u00ab\u00a0<strong>On est en 2025 et une femme n&rsquo;a pas les opinions politiques de son mari<\/strong> et je peux vous garantir d&rsquo;ailleurs que, en l&rsquo;occurrence, c&rsquo;est probablement tr\u00e8s vrai sur certains sujets\u00a0\u00bb, a-t-il encore d\u00e9clar\u00e9. Et d&rsquo;insister sur le fait qu&rsquo;ils ne soient pas d&rsquo;accord sur tout : \u00ab\u00a0Ah ben non, non, d&rsquo;ailleurs, <strong>c&rsquo;est un fait que je partage devant vous<\/strong>\u00ab\u00a0.<\/p>\n","protected":false},"excerpt":{"rendered":"Par Liane Lazaar | R\u00e9dactrice Liane Lazaar est r\u00e9dactrice web rattach\u00e9e au p\u00f4le TV de Purepeople.com. Elle conna\u00eet&hellip;\n","protected":false},"author":2,"featured_media":366244,"comment_status":"","ping_status":"","sticky":false,"template":"","format":"standard","meta":{"footnotes":""},"categories":[4],"tags":[11,1011,27,12,25],"class_list":{"0":"post-366243","1":"post","2":"type-post","3":"status-publish","4":"format-standard","5":"has-post-thumbnail","7":"category-france","8":"tag-actualites","9":"tag-fr","10":"tag-france","11":"tag-news","12":"tag-republique-francaise"},"share_on_mastodon":{"url":"https:\/\/pubeurope.com\/@fr\/115147313375599222","error":""},"_links":{"self":[{"href":"https:\/\/www.europesays.com\/fr\/wp-json\/wp\/v2\/posts\/366243","targetHints":{"allow":["GET"]}}],"collection":[{"href":"https:\/\/www.europesays.com\/fr\/wp-json\/wp\/v2\/posts"}],"about":[{"href":"https:\/\/www.europesays.com\/fr\/wp-json\/wp\/v2\/types\/post"}],"author":[{"embeddable":true,"href":"https:\/\/www.europesays.com\/fr\/wp-json\/wp\/v2\/users\/2"}],"replies":[{"embeddable":true,"href":"https:\/\/www.europesays.com\/fr\/wp-json\/wp\/v2\/comments?post=366243"}],"version-history":[{"count":0,"href":"https:\/\/www.europesays.com\/fr\/wp-json\/wp\/v2\/posts\/366243\/revisions"}],"wp:featuredmedia":[{"embeddable":true,"href":"https:\/\/www.europesays.com\/fr\/wp-json\/wp\/v2\/media\/366244"}],"wp:attachment":[{"href":"https:\/\/www.europesays.com\/fr\/wp-json\/wp\/v2\/media?parent=366243"}],"wp:term":[{"taxonomy":"category","embeddable":true,"href":"https:\/\/www.europesays.com\/fr\/wp-json\/wp\/v2\/categories?post=366243"},{"taxonomy":"post_tag","embeddable":true,"href":"https:\/\/www.europesays.com\/fr\/wp-json\/wp\/v2\/tags?post=366243"}],"curies":[{"name":"wp","href":"https:\/\/api.w.org\/{rel}","templated":true}]}}