{"id":366249,"date":"2025-09-04T17:58:09","date_gmt":"2025-09-04T17:58:09","guid":{"rendered":"https:\/\/www.europesays.com\/fr\/366249\/"},"modified":"2025-09-04T17:58:09","modified_gmt":"2025-09-04T17:58:09","slug":"une-grande-competition-de-tennis-arrive-a-lyon","status":"publish","type":"post","link":"https:\/\/www.europesays.com\/fr\/366249\/","title":{"rendered":"une grande comp\u00e9tition de tennis arrive \u00e0 Lyon"},"content":{"rendered":"<p class=\"MsoNormal\">La r\u00e9gion Auvergne-Rh\u00f4ne-Alpes s\u2019appr\u00eate \u00e0 accueillir le Grand Prix Auvergne-Rh\u00f4ne-Alpes du 18 au 25 octobre 2026. La LDLC Arena de D\u00e9cines recevra pour la premi\u00e8re fois une \u00e9tape du circuit ATP Tour, confirmant l\u2019ambition de la r\u00e9gion de devenir un haut lieu du sport international. Pendant huit jours, les amateurs de tennis pourront assister \u00e0 un spectacle r\u00e9unissant certaines des plus grandes figures de la discipline.<\/p>\n<p class=\"MsoNormal\">Le conseiller sp\u00e9cial de la R\u00e9gion Auvergne-Rh\u00f4ne-Alpes, Laurent Wauquiez, s\u2019est f\u00e9licit\u00e9 ce jeudi de l\u2019annonce : \u00ab\u00a0C\u2019est l\u2019aboutissement de plusieurs mois de travail. Quand on a eu l\u2019opportunit\u00e9 de faire venir un tr\u00e8s grand tournoi comme l\u2019ATP \u00e0 Lyon, on a saut\u00e9 sur l\u2019occasion.\u00a0\u00bb<\/p>\n<p class=\"MsoNormal\">Il a \u00e9galement tenu \u00e0 remercier Jean-Michel Aulas pour sa participation active au projet \u00ab\u00a0C\u2019est en partie gr\u00e2ce \u00e0 lui que ce tournoi aura lieu \u00e0 Lyon.\u00a0\u00bb<\/p>\n<p class=\"MsoNormal\">La R\u00e9gion s\u2019est donc naturellement positionn\u00e9e comme premier partenaire de l\u2019\u00e9v\u00e9nement international. \u00ab\u00a0Nous porterons avec fiert\u00e9 nos couleurs lyonnaises\u00a0\u00bb, conclut-il.<\/p>\n<p class=\"MsoNormal\">L\u2019ancien joueur et d\u00e9sormais directeur du tournoi, Thierry Ascione, affiche de grandes ambitions : \u00ab\u00a0On veut avoir ce qu\u2019il se fait de mieux sur la plan\u00e8te.\u00a0\u00bb<\/p>\n<p class=\"MsoNormal\">Un avis partag\u00e9 par Alexandre Aulas, qui insiste sur la dimension spectaculaire de la LDLC Arena : \u00ab\u00a0Il y aura une proximit\u00e9 avec les spectateurs et le terrain, peu importe o\u00f9 ils seront assis dans la salle.\u00a0\u00bb<\/p>\n<p class=\"MsoNormal\">Le lieu pourra accueillir jusqu\u2019\u00e0 11 000 spectateurs pour les matchs principaux. Un deuxi\u00e8me court sera quant \u00e0 lui install\u00e9 dans la Fidustral Ast\u00e9ria, transform\u00e9e par la suite en espace VIP.<\/p>\n<p class=\"MsoNormal\">Pr\u00e9sident du Pampelonne organisation, Jo-Wilfried Tsonga n\u2019a pas cach\u00e9 son enthousiasme : \u00ab\u00a0Les spectateurs vont voir des conditions de jeu exceptionnelles, dans une salle exceptionnelle. Je suis tr\u00e8s fier de ramener ce genre d\u2019\u00e9v\u00e9nement dans notre r\u00e9gion.\u00a0\u00bb<\/p>\n<p class=\"MsoNormal\">De son c\u00f4t\u00e9, Fabrice Pannekoucke, Pr\u00e9sident de la R\u00e9gion, souligne la port\u00e9e symbolique de ce rendez-vous : \u00ab\u00a0Cet \u00e9v\u00e8nement international sera voisin des JO d\u2019hiver 2030, et 2026 sera aussi l\u2019ann\u00e9e du Tour AURA \u00e0 v\u00e9lo, avec la renaissance du Crit\u00e9rium. Nous sommes heureux d\u2019\u00eatre le grand territoire des \u00e9v\u00e9nements sportifs internationaux.\u00a0\u00bb<\/p>\n<p class=\"MsoNormal\">L\u2019ouverture de la billetterie VIP est pr\u00e9vue dans une dizaine de jours, tandis que la billetterie grand public sera disponible dans quelques semaines.<\/p>\n<p class=\"MsoNormal\">Avec ce retour d\u2019un grand tournoi ATP \u00e0 Lyon, Auvergne-Rh\u00f4ne-Alpes confirme son statut de r\u00e9gion phare du sport mondial.<\/p>\n","protected":false},"excerpt":{"rendered":"La r\u00e9gion Auvergne-Rh\u00f4ne-Alpes s\u2019appr\u00eate \u00e0 accueillir le Grand Prix Auvergne-Rh\u00f4ne-Alpes du 18 au 25 octobre 2026. La LDLC&hellip;\n","protected":false},"author":2,"featured_media":366250,"comment_status":"","ping_status":"","sticky":false,"template":"","format":"standard","meta":{"footnotes":""},"categories":[1415],"tags":[1111,11,2813,2190,1109,251,1112,2811,118,1011,27,1922,1110,1114,2428,2810,241,316,2812,517,60,1467,800],"class_list":{"0":"post-366249","1":"post","2":"type-post","3":"status-publish","4":"format-standard","5":"has-post-thumbnail","7":"category-tennis","8":"tag-actu","9":"tag-actualites","10":"tag-article","11":"tag-asvel","12":"tag-breves","13":"tag-culture","14":"tag-depeches","15":"tag-economique","16":"tag-faits-divers","17":"tag-fr","18":"tag-france","19":"tag-info","20":"tag-informations","21":"tag-infos","22":"tag-lyon","23":"tag-lyonmag","24":"tag-ol","25":"tag-politique","26":"tag-sociale","27":"tag-sport","28":"tag-sports","29":"tag-tennis","30":"tag-transports"},"share_on_mastodon":{"url":"https:\/\/pubeurope.com\/@fr\/115147328905005841","error":""},"_links":{"self":[{"href":"https:\/\/www.europesays.com\/fr\/wp-json\/wp\/v2\/posts\/366249","targetHints":{"allow":["GET"]}}],"collection":[{"href":"https:\/\/www.europesays.com\/fr\/wp-json\/wp\/v2\/posts"}],"about":[{"href":"https:\/\/www.europesays.com\/fr\/wp-json\/wp\/v2\/types\/post"}],"author":[{"embeddable":true,"href":"https:\/\/www.europesays.com\/fr\/wp-json\/wp\/v2\/users\/2"}],"replies":[{"embeddable":true,"href":"https:\/\/www.europesays.com\/fr\/wp-json\/wp\/v2\/comments?post=366249"}],"version-history":[{"count":0,"href":"https:\/\/www.europesays.com\/fr\/wp-json\/wp\/v2\/posts\/366249\/revisions"}],"wp:featuredmedia":[{"embeddable":true,"href":"https:\/\/www.europesays.com\/fr\/wp-json\/wp\/v2\/media\/366250"}],"wp:attachment":[{"href":"https:\/\/www.europesays.com\/fr\/wp-json\/wp\/v2\/media?parent=366249"}],"wp:term":[{"taxonomy":"category","embeddable":true,"href":"https:\/\/www.europesays.com\/fr\/wp-json\/wp\/v2\/categories?post=366249"},{"taxonomy":"post_tag","embeddable":true,"href":"https:\/\/www.europesays.com\/fr\/wp-json\/wp\/v2\/tags?post=366249"}],"curies":[{"name":"wp","href":"https:\/\/api.w.org\/{rel}","templated":true}]}}