{"id":36625,"date":"2025-04-19T13:46:11","date_gmt":"2025-04-19T13:46:11","guid":{"rendered":"https:\/\/www.europesays.com\/fr\/36625\/"},"modified":"2025-04-19T13:46:11","modified_gmt":"2025-04-19T13:46:11","slug":"le-vice-president-des-etats-unis-j-d-vance-a-ete-recu-au-vatican-aucune-rencontre-avec-le-pape-evoquee","status":"publish","type":"post","link":"https:\/\/www.europesays.com\/fr\/36625\/","title":{"rendered":"Le vice-pr\u00e9sident des \u00c9tats-Unis J.D. Vance a \u00e9t\u00e9 re\u00e7u au Vatican, aucune rencontre avec le pape \u00e9voqu\u00e9e"},"content":{"rendered":"<p>Le <a target=\"_self\" href=\"https:\/\/www.lanouvellerepublique.fr\/a-la-une\/au-groenland-la-visite-du-vice-president-americain-j-d-vance-vue-comme-une-provocation-1743185200\" rel=\"nofollow noopener\">vice-pr\u00e9sident am\u00e9ricain J.D. Vance<\/a> a \u00e9t\u00e9 re\u00e7u samedi 19\u00a0avril 2025 au Vatican lors d\u2019un entretien qui a abord\u00e9 l\u2019\u00e9pineuse question des r\u00e9fugi\u00e9s, deux mois apr\u00e8s de vives critiques du chef de l\u2019\u00c9glise catholique contre la politique migratoire de l\u2019administration Trump. Les deux parties avaient maintenu le flou sur une possible rencontre samedi entre J.D. Vance et le pape de 88\u00a0ans. Celle-ci n\u2019a pas \u00e9t\u00e9 \u00e9voqu\u00e9e. JD Vance, converti au catholicisme \u00e0 35\u00a0ans, pourrait rencontrer <a target=\"_self\" href=\"https:\/\/www.lanouvellerepublique.fr\/a-la-une\/vatican-le-pape-convalescent-fait-une-apparition-surprise-place-saint-pierre-1743955223\" rel=\"nofollow noopener\">le pape Fran\u00e7ois<\/a> dimanche en marge de la messe de P\u00e2ques bien que sa pr\u00e9sence n\u2019ait pas \u00e9t\u00e9 officiellement confirm\u00e9e.<\/p>\n<p>Affaibli apr\u00e8s une grave pneumonie et malgr\u00e9 sa convalescence, le pape avait re\u00e7u le roi Charles III d\u00e9but avril et est apparu plusieurs fois en public ces derniers jours. <a target=\"_self\" href=\"https:\/\/www.lanouvellerepublique.fr\/a-la-une\/etats-unis-qui-est-j-d-vance-le-vice-president-de-donald-trump\" rel=\"nofollow noopener\">Fervent catholique, J.D. Vance<\/a> s\u2019est entretenu pendant plus d\u2019une heure au palais apostolique avec le cardinal italien Pietro Parolin, Secr\u00e9taire d\u2019\u00c9tat et num\u00e9ro du Saint-Si\u00e8ge, ainsi que Mgr\u00a0Paul Richard Gallagher, secr\u00e9taire pour les relations avec les \u00c9tats.<\/p>\n<p>\u00ab\u00a0Prot\u00e9ger le droit \u00e0 la libert\u00e9\u00a0\u00bb de culte<\/p>\n<p>L\u2019entretien \u00ab\u00a0cordial\u00a0\u00bb a abord\u00e9 \u00ab\u00a0la situation internationale, en particulier dans les pays marqu\u00e9s par la guerre, les tensions politiques et des situations humanitaires difficiles, avec une attention particuli\u00e8re port\u00e9e aux migrants, aux r\u00e9fugi\u00e9s, aux prisonniers\u00a0\u00bb, a indiqu\u00e9 le Vatican dans un communiqu\u00e9.<\/p>\n<p>En f\u00e9vrier, le pape Fran\u00e7ois s\u2019\u00e9tait attir\u00e9 les foudres de la Maison-Blanche en condamnant, dans une lettre aux \u00e9v\u00eaques am\u00e9ricains, les expulsions massives de migrants voulues par Donald Trump, qualifi\u00e9es de \u00ab\u00a0crise majeure\u00a0\u00bb. \u00ab\u00a0Ce qui est construit sur le fondement de la force, et non sur la v\u00e9rit\u00e9 de la dignit\u00e9 \u00e9gale de tout \u00eatre humain, commence mal et finira mal\u00a0\u00bb, avait-il pr\u00e9venu, alors que J.D. Vance entend faire de son pays une forteresse aux valeurs conservatrices en limitant drastiquement l\u2019immigration.<\/p>\n<p>Samedi, \u00ab\u00a0les deux parties [\u2026] ont renouvel\u00e9 leur engagement commun \u00e0 prot\u00e9ger le droit \u00e0 la libert\u00e9 religieuse et de conscience\u00a0\u00bb, selon le Vatican. <a target=\"_self\" href=\"https:\/\/www.lanouvellerepublique.fr\/a-la-une\/guerre-en-ukraine-a-munich-le-double-discours-americain-1739558825\" rel=\"nofollow noopener\">Un th\u00e8me abord\u00e9 \u00e0 Munich en f\u00e9vrier par le vice-pr\u00e9sident am\u00e9ricain<\/a>, qui avait d\u00e9nonc\u00e9 le \u00ab\u00a0recul\u00a0\u00bb de la \u00ab\u00a0libert\u00e9 d\u2019expression\u00a0\u00bb sur le Vieux continent, notamment concernant l\u2019opposition \u00e0 l\u2019avortement, suscitant la col\u00e8re de plusieurs dirigeants europ\u00e9ens.<\/p>\n<p>J.D.\u00a0Vance est proche de la frange conservatrice de l\u2019\u00c9glise am\u00e9ricaine, tr\u00e8s critique envers le pape argentin pour ses positions sur les migrants, les fid\u00e8les LGBTI+\u00a0ou certaines questions de justice sociale. \u00ab\u00a0Les deux parties ont exprim\u00e9 le souhait d\u2019une collaboration sereine entre l\u2019\u00c9tat et l\u2019\u00c9glise catholique aux \u00c9tats-Unis, dont le service pr\u00e9cieux envers les personnes les plus vuln\u00e9rables a \u00e9t\u00e9 reconnu\u00a0\u00bb, a indiqu\u00e9 le Vatican.<\/p>\n","protected":false},"excerpt":{"rendered":"Le vice-pr\u00e9sident am\u00e9ricain J.D. Vance a \u00e9t\u00e9 re\u00e7u samedi 19\u00a0avril 2025 au Vatican lors d\u2019un entretien qui a&hellip;\n","protected":false},"author":2,"featured_media":36626,"comment_status":"","ping_status":"","sticky":false,"template":"","format":"standard","meta":{"footnotes":""},"categories":[1589],"tags":[328,11,75,73,1866,329,1061,452,74,12,316,11725,1864,1865,1863,308],"class_list":{"0":"post-36625","1":"post","2":"type-post","3":"status-publish","4":"format-standard","5":"has-post-thumbnail","7":"category-etats-unis","8":"tag-a-la-une","9":"tag-actualites","10":"tag-donald-trump","11":"tag-etats-unis","12":"tag-etats-unis-damerique","13":"tag-france-monde","14":"tag-immigration","15":"tag-italie","16":"tag-monde","17":"tag-news","18":"tag-politique","19":"tag-religions","20":"tag-united-states","21":"tag-united-states-of-america","22":"tag-us","23":"tag-usa"},"share_on_mastodon":{"url":"https:\/\/pubeurope.com\/@fr\/114364939566158037","error":""},"_links":{"self":[{"href":"https:\/\/www.europesays.com\/fr\/wp-json\/wp\/v2\/posts\/36625","targetHints":{"allow":["GET"]}}],"collection":[{"href":"https:\/\/www.europesays.com\/fr\/wp-json\/wp\/v2\/posts"}],"about":[{"href":"https:\/\/www.europesays.com\/fr\/wp-json\/wp\/v2\/types\/post"}],"author":[{"embeddable":true,"href":"https:\/\/www.europesays.com\/fr\/wp-json\/wp\/v2\/users\/2"}],"replies":[{"embeddable":true,"href":"https:\/\/www.europesays.com\/fr\/wp-json\/wp\/v2\/comments?post=36625"}],"version-history":[{"count":0,"href":"https:\/\/www.europesays.com\/fr\/wp-json\/wp\/v2\/posts\/36625\/revisions"}],"wp:featuredmedia":[{"embeddable":true,"href":"https:\/\/www.europesays.com\/fr\/wp-json\/wp\/v2\/media\/36626"}],"wp:attachment":[{"href":"https:\/\/www.europesays.com\/fr\/wp-json\/wp\/v2\/media?parent=36625"}],"wp:term":[{"taxonomy":"category","embeddable":true,"href":"https:\/\/www.europesays.com\/fr\/wp-json\/wp\/v2\/categories?post=36625"},{"taxonomy":"post_tag","embeddable":true,"href":"https:\/\/www.europesays.com\/fr\/wp-json\/wp\/v2\/tags?post=36625"}],"curies":[{"name":"wp","href":"https:\/\/api.w.org\/{rel}","templated":true}]}}