{"id":366251,"date":"2025-09-04T18:00:16","date_gmt":"2025-09-04T18:00:16","guid":{"rendered":"https:\/\/www.europesays.com\/fr\/366251\/"},"modified":"2025-09-04T18:00:16","modified_gmt":"2025-09-04T18:00:16","slug":"motogp-catalogne-j0-aleix-espargaro-defie-la-douleur-pour-courir-a-domicile-je-voulais-y-etre-a-tout-prix","status":"publish","type":"post","link":"https:\/\/www.europesays.com\/fr\/366251\/","title":{"rendered":"MotoGP, Catalogne J0, Aleix Espargar\u00f3 d\u00e9fie la douleur pour courir \u00e0 domicile : \u00ab\u00a0je voulais y \u00eatre \u00e0 tout prix\u00a0\u00bb"},"content":{"rendered":"<p><strong>\u00c0 36 ans, Aleix Espargar\u00f3 refuse de rester spectateur.<br \/>\nOriginaire de Granollers, \u00e0 deux pas du Circuit de<br \/>\nBarcelone-Catalogne, il a cr\u00e9\u00e9 la surprise en annon\u00e7ant qu\u2019il<br \/>\nparticipera bien au Grand Prix de Catalogne\u2026 malgr\u00e9 une blessure<br \/>\nlombaire s\u00e9rieuse.<\/strong><\/p>\n<p>\u00ab En v\u00e9rit\u00e9, c\u2019\u00e9tait un Grand Prix important, car<br \/>\n<strong>Honda apporte beaucoup de nouveaut\u00e9s<\/strong> ici :<br \/>\na\u00e9rodynamique, moteur, ch\u00e2ssis \u00bb, explique-t-il. \u00ab Nous<br \/>\navons fait des essais ici il y a trois semaines et, comme je l\u2019ai<br \/>\ndit, l\u2019\u00e9quipe sous la direction de Romano Albesiano a fait<br \/>\nd\u2019\u00e9normes efforts pour int\u00e9grer de nombreuses nouveaut\u00e9s, et ma<br \/>\nblessure n\u2019est pas arriv\u00e9e au meilleur moment. <strong>Mais je<br \/>\nvoulais y \u00eatre \u00e0 tout prix<\/strong>, m\u00eame si j\u2019arrive juste \u00e0<br \/>\ntemps. \u00bb<\/p>\n<p><strong>Aleix Espargar\u00f3<\/strong> souffre d\u2019une <strong>d\u00e9chirure<br \/>\ndes ligaments L3 et L4<\/strong>. Les m\u00e9decins \u00e9taient sceptiques,<br \/>\nmais il n\u2019a rien l\u00e2ch\u00e9 : \u00ab c\u2019est tr\u00e8s juste. <strong>Charte m\u2019a<br \/>\ndit que cela semblait presque impossible<\/strong>, mais la semaine<br \/>\nderni\u00e8re, \u00e7a a commenc\u00e9 \u00e0 bien s\u2019am\u00e9liorer. Lundi, j\u2019ai dit \u00e0<br \/>\nAlberto que je voulais essayer. <strong>La MotoGP est tr\u00e8s lourde,<br \/>\nmais je vais essayer<\/strong>. \u00bb<\/p>\n<p>Au-del\u00e0 de son retour, <a href=\"https:\/\/www.paddock-gp.com\/motogp-aleix-espargaro-k-o-apres-son-accident-de-velo-deux-vertebres-fracturees\/\" target=\"_blank\" rel=\"noopener\"><br \/>\n<strong>Aleix<\/strong><\/a> joue un r\u00f4le cl\u00e9 dans le d\u00e9veloppement<br \/>\nde la RC213V. Il insiste pour tester et valider les nouveaut\u00e9s.<\/p>\n<p>\u00ab Il y a trois semaines, nous avons test\u00e9 un ch\u00e2ssis ici, et<br \/>\nj\u2019ai vraiment insist\u00e9 pour qu\u2019ils l\u2019apportent pour le Grand Prix.<br \/>\nM\u00eame <strong>Joan Mir et Luca Marini l\u2019ont essay\u00e9<\/strong>, et ils<br \/>\nont progress\u00e9 aux deux derni\u00e8res courses. Honda travaille<br \/>\nd\u2019arrache-pied. <strong>C\u2019est formidable de voir Joan et Luca se<br \/>\nbattre aux avant-postes<\/strong>. \u00bb<\/p>\n<p><img loading=\"lazy\" decoding=\"async\" class=\"aligncenter\" src=\"https:\/\/www.europesays.com\/fr\/wp-content\/uploads\/2025\/09\/345346363_compressed.jpg\" alt=\"34443\" width=\"993\" height=\"663\"\/><\/p>\n<p><strong>Aleix Espargar\u00f3\u00a0:<br \/>\n\u00ab\u00a0Marc Marquez joue un autre jeu, il est aussi plus<br \/>\ntalentueux que les autres Ducati\u00a0\u00bb<\/strong><\/p>\n<p>Espargar\u00f3 reste cependant r\u00e9aliste sur <a href=\"https:\/\/www.motosan.es\/motogp\/aleix-espargaro-marquez-es-un-piloto-que-tiene-muchisimo-mas-talento-que-los-demas-pilotos-ducati\/\" target=\"_blank\" rel=\"noopener\"><br \/>\nmotosan<\/a> : \u00ab je le dis depuis le d\u00e9but de la saison :<br \/>\n<strong>il ne faut pas s\u2019attendre \u00e0 une r\u00e9volution<\/strong>. La<br \/>\nmoto est ce qu\u2019elle est, le r\u00e8glement est ce qu\u2019il est. Nous devons<br \/>\nprogresser petit \u00e0 petit. <strong>J\u2019esp\u00e8re qu\u2019une fois la moto 2027<br \/>\nen piste, elle sera une v\u00e9ritable fus\u00e9e et que nous pourrons nous<br \/>\nbattre pour la victoire<\/strong>. \u00bb<\/p>\n<p>En attendant, il veut voir <a href=\"https:\/\/www.paddock-gp.com\/motogp-catalogne-j0-johann-zarco-explique-pourquoi-il-a-prolonge-chez-honda-jusquen-2027\/\" target=\"_blank\" rel=\"noopener\"><br \/>\n<strong>Honda<\/strong><\/a> continuer \u00e0 regagner confiance : \u00ab<br \/>\nterminer huiti\u00e8me, sixi\u00e8me, cinqui\u00e8me, puis monter<br \/>\nprogressivement sur le podium. Les deux derni\u00e8res courses le<br \/>\nmontrent <strong>: Joan et Luca<\/strong> reprennent du plaisir, ils<br \/>\nd\u00e9passent, ils se battent devant. \u00bb<\/p>\n<p><strong>Aleix<\/strong> observe aussi les dynamiques du plateau :<br \/>\n\u00ab tout est changeant. Yamaha dominait les poles il y a peu, et<br \/>\naujourd\u2019hui ils ferment la marche. KTM \u00e9tait en grande difficult\u00e9,<br \/>\net Pedro Acosta est maintenant survolt\u00e9. Honda \u00e9tait en souffrance,<br \/>\net l\u00e0, on est devant. L\u2019\u00e9cart avec Ducati s\u2019est r\u00e9duit\u2026 mais Marc<br \/>\njoue un autre jeu. Marc est aussi plus talentueux que les autres<br \/>\nDucati, mais globalement, on a l\u2019impression d\u2019\u00eatre plus<br \/>\nproches. \u00bb<\/p>\n<p><strong>Aleix Espargar\u00f3<\/strong> incarne le d\u00e9vouement absolu au<br \/>\nprojet <strong>Honda<\/strong>. Malgr\u00e9 la douleur, il vient apporter<br \/>\nson exp\u00e9rience pour d\u00e9velopper la moto et soutenir ses co\u00e9quipiers.<br \/>\nSon retour courageux symbolise la d\u00e9termination de tout le HRC \u00e0<br \/>\nremonter la pente, pas \u00e0 pas. Rendez-vous vendredi pour voir si son<br \/>\ncorps tiendra le choc \u2026<\/p>\n<p><img decoding=\"async\" class=\"aligncenter\" src=\"https:\/\/www.europesays.com\/fr\/wp-content\/uploads\/2025\/09\/Aleix-Foto-Alba-Casares-1024x768.jpg\" alt=\"Aleix Espargar\u00f3 Honda HRC Montmel\u00f3 GP Catalogne MotoGP\"\/><\/p>\n<p>\u00a0<\/p>\n","protected":false},"excerpt":{"rendered":"\u00c0 36 ans, Aleix Espargar\u00f3 refuse de rester spectateur. Originaire de Granollers, \u00e0 deux pas du Circuit de&hellip;\n","protected":false},"author":2,"featured_media":366252,"comment_status":"","ping_status":"","sticky":false,"template":"","format":"standard","meta":{"footnotes":""},"categories":[1413],"tags":[1011,27,1457,1456,60],"class_list":{"0":"post-366251","1":"post","2":"type-post","3":"status-publish","4":"format-standard","5":"has-post-thumbnail","7":"category-moto","8":"tag-fr","9":"tag-france","10":"tag-moto","11":"tag-motocycle","12":"tag-sports"},"share_on_mastodon":{"url":"https:\/\/pubeurope.com\/@fr\/115147337266638873","error":""},"_links":{"self":[{"href":"https:\/\/www.europesays.com\/fr\/wp-json\/wp\/v2\/posts\/366251","targetHints":{"allow":["GET"]}}],"collection":[{"href":"https:\/\/www.europesays.com\/fr\/wp-json\/wp\/v2\/posts"}],"about":[{"href":"https:\/\/www.europesays.com\/fr\/wp-json\/wp\/v2\/types\/post"}],"author":[{"embeddable":true,"href":"https:\/\/www.europesays.com\/fr\/wp-json\/wp\/v2\/users\/2"}],"replies":[{"embeddable":true,"href":"https:\/\/www.europesays.com\/fr\/wp-json\/wp\/v2\/comments?post=366251"}],"version-history":[{"count":0,"href":"https:\/\/www.europesays.com\/fr\/wp-json\/wp\/v2\/posts\/366251\/revisions"}],"wp:featuredmedia":[{"embeddable":true,"href":"https:\/\/www.europesays.com\/fr\/wp-json\/wp\/v2\/media\/366252"}],"wp:attachment":[{"href":"https:\/\/www.europesays.com\/fr\/wp-json\/wp\/v2\/media?parent=366251"}],"wp:term":[{"taxonomy":"category","embeddable":true,"href":"https:\/\/www.europesays.com\/fr\/wp-json\/wp\/v2\/categories?post=366251"},{"taxonomy":"post_tag","embeddable":true,"href":"https:\/\/www.europesays.com\/fr\/wp-json\/wp\/v2\/tags?post=366251"}],"curies":[{"name":"wp","href":"https:\/\/api.w.org\/{rel}","templated":true}]}}